{"id":342677,"date":"2019-12-21T15:50:09","date_gmt":"2019-12-21T14:50:09","guid":{"rendered":"https:\/\/hashtag.al\/?p=342677"},"modified":"2019-12-21T15:32:15","modified_gmt":"2019-12-21T14:32:15","slug":"fotoja-me-ulsi-manjen-kraja-hetues-i-komunizmit-bardhi-prokuroret-te-sqarojne-pozicionin-spak-u-po-vihet-ne-dyshim","status":"publish","type":"post","link":"https:\/\/www.hashtag.al\/index.php\/2019\/12\/21\/fotoja-me-ulsi-manjen-kraja-hetues-i-komunizmit-bardhi-prokuroret-te-sqarojne-pozicionin-spak-u-po-vihet-ne-dyshim\/","title":{"rendered":"&#8220;Fotoja me Ulsi Manj\u00ebn, Kraja hetues i komunizmit&#8221;, Bardhi: Prokuror\u00ebt t\u00eb sqarojn\u00eb pozicionin, SPAK-u po vihet n\u00eb dyshim","gt_translate_keys":[{"key":"rendered","format":"text"}]},"content":{"rendered":"<p><img loading=\"lazy\" decoding=\"async\" class=\"aligncenter size-full wp-image-302571\" src=\"https:\/\/hashtag.al\/wp-content\/uploads\/2019\/06\/bardhi.jpg\" alt=\"\" width=\"1369\" height=\"739\" srcset=\"https:\/\/www.hashtag.al\/wp-content\/uploads\/2019\/06\/bardhi.jpg 1369w, https:\/\/www.hashtag.al\/wp-content\/uploads\/2019\/06\/bardhi-300x162.jpg 300w, https:\/\/www.hashtag.al\/wp-content\/uploads\/2019\/06\/bardhi-768x415.jpg 768w, https:\/\/www.hashtag.al\/wp-content\/uploads\/2019\/06\/bardhi-1024x553.jpg 1024w\" sizes=\"auto, (max-width: 1369px) 100vw, 1369px\" \/><\/p>\n<p>Sekretari i P\u00ebrgjithsh\u00ebm i Partis\u00eb Demokratike Gazment Bardhi ka deklaruar se SPAK-po i c\u00ebnohet besueshm\u00ebria p\u00ebr shkak t\u00eb prokuror\u00ebve t\u00eb zgjedhur.<\/p>\n<p>Bardhi ka p\u00ebrmendur dy raste lidhur SPAK, ku ka k\u00ebrkuar q\u00eb porkuror\u00ebt t\u00eb sqarojn\u00eb q\u00ebndrimin e tyre lidhur me 2 fakte t\u00eb ve\u00e7uara si ajo e fotos s\u00eb nj\u00eb prokurori me deputetin socialist Ulsi Manja dhe tjetra lidhur me Arben Kraj\u00ebn i cili ka qen\u00eb hetues n\u00eb periudh\u00ebn komuniste.<\/p>\n<p>\u201c<em>Partia Demokratike e Shqip\u00ebris\u00eb nuk ka nd\u00ebrhyr\u00eb dhe nuk ka komentuar procesin e p\u00ebrzgjedhjes dhe em\u00ebrimit t\u00eb prokuror\u00ebve t\u00eb SPAK, duke patur bindjen se integriteti i k\u00ebsaj strukture duhet t\u00eb ruhet n\u00eb \u00e7do rast.<\/em><\/p>\n<p><em>Por Partia Demokratike nuk mund t\u00eb qendroj\u00eb indiferente ndaj 2 fakteve t\u00eb r\u00ebnda, t\u00eb b\u00ebra publike nga media online, q\u00eb ven\u00eb n\u00eb dyshim serioz integritetin e k\u00ebsaj strukture! Nj\u00eb dokument i Korrikut 1990, i b\u00ebr\u00eb viral dit\u00ebn e djeshme, ka zbuluar se Drejtuesi i SPAK-ut Arben Kraja, ka marr\u00eb pjes\u00eb n\u00eb procese politike, duke i sh\u00ebrbyer regjimit diktatorial deri n\u00eb grahmat e tij t\u00eb fundit. <\/em><\/p>\n<p><em>Fakti i dyt\u00eb i r\u00ebnd\u00eb, edhe ky i b\u00ebr\u00eb publik nga media online, \u00ebsht\u00eb takimi nj\u00eb dit\u00eb para votimit, i Prokurorit Altin Dumani me p\u00ebrfaq\u00ebsuesin e Partis\u00eb Socialiste, Ulsi Manja<\/em>\u201d-tha Bardhi, nd\u00ebrsa k\u00ebrkoi nga prokuror\u00ebt t\u00eb sqarojn\u00eb pozicionin.<\/p>\n<p><strong>Deklarata e plot\u00eb:<\/strong><\/p>\n<p>Partia Demokratike e Shqip\u00ebris\u00eb nuk ka nd\u00ebrhyr\u00eb dhe nuk ka komentuar procesin e p\u00ebrzgjedhjes dhe em\u00ebrimit t\u00eb prokuror\u00ebve t\u00eb SPAK, duke patur bindjen se integriteti i k\u00ebsaj strukture duhet t\u00eb ruhet n\u00eb \u00e7do rast.<\/p>\n<p>Edhe pse disa prej an\u00ebtar\u00ebve jan\u00eb zgjedhje ekskluzive e Qeveris\u00eb dhe i kan\u00eb sh\u00ebrbyer Partis\u00eb Socialiste, ne zgjodh\u00ebm t\u00eb japim mb\u00ebshtetje publike p\u00ebr t\u00eb gjith\u00eb trup\u00ebn, pa i paragjykuar, duke patur si objektiv strategjik ruajtjen e integritetit t\u00eb SPAK-ut dhe mosc\u00ebnimin e besimit t\u00eb publikut tek kjo struktur\u00eb, sepse p\u00ebrmes s\u00eb cil\u00ebs u \u00ebsht\u00eb premtuar shqiptar\u00ebve lufta kund\u00ebr krimit t\u00eb organizuar dhe nd\u00ebshkimi i korrupsionit n\u00eb nivelet m\u00eb t\u00eb larta qeveritare.<\/p>\n<p>Por Partia Demokratike nuk mund t\u00eb qendroj\u00eb indiferente ndaj 2 fakteve t\u00eb r\u00ebnda, t\u00eb b\u00ebra publike nga media online, q\u00eb ven\u00eb n\u00eb dyshim serioz integritetin e k\u00ebsaj strukture!<\/p>\n<p>Nj\u00eb dokument i Korrikut 1990, i b\u00ebr\u00eb viral dit\u00ebn e djeshme, ka zbuluar se Drejtuesi i SPAK-ut Arben Kraja, ka marr\u00eb pjes\u00eb n\u00eb procese politike, duke i sh\u00ebrbyer regjimit diktatorial deri n\u00eb grahmat e tij t\u00eb fundit.<\/p>\n<p>Partia Demokratike ka bindjen se nj\u00eb ushtar i diktatur\u00ebs m\u00eb t\u00eb eg\u00ebr n\u00eb Europ\u00eb, q\u00eb d\u00ebnon qytetar\u00ebt me motivacionin \u201cp\u00ebr d\u00ebmtim t\u00eb moralit komunist\u201dnuk mund t\u00eb jet\u00eb sh\u00ebrb\u00ebtor i shtetit t\u00eb s\u00eb drejt\u00ebs. P\u00ebrve\u00e7se nj\u00eb hetues i diktatur\u00ebs, drejtuesi i SPAK-ut, Arben Kraja, \u00ebsht\u00eb propozuar nga PS si z\u00ebvend\u00ebskryetar i KLSH dhe ka punuar n\u00eb Kryeministri p\u00ebr qeverin\u00eb e PS.<\/p>\n<p>Fakti i dyt\u00eb i r\u00ebnd\u00eb, edhe ky i b\u00ebr\u00eb publik nga media online, \u00ebsht\u00eb takimi nj\u00eb dit\u00eb para votimit, i Prokurorit Altin Dumani me p\u00ebrfaq\u00ebsuesin e Partis\u00eb Socialiste, Ulsi Manja. Altin Dumani ishte nj\u00eb nga kandidat\u00ebt kryesor\u00eb p\u00ebr drejtimin e SPAK dhe ky takim, si\u00e7 analizon me t\u00eb drejt\u00eb media, p\u00ebr t\u00eb marr\u00eb n\u00eb KLP votat e kontrolluara nga nj\u00ebri prej klaneve n\u00eb Partin\u00eb Socialiste, vendos n\u00eb pik\u00ebpyetje profesionalizmin, pavar\u00ebsin\u00eb dhe paanshm\u00ebrin\u00eb e tij.\u00a0Minimalisht prokurori Dumani ka detyrimin t\u2019i sqaroj\u00eb opinionin publik motivin e takimit me Ulsi Manj\u00ebn, nj\u00eb dit\u00eb p\u00ebrpara votimit n\u00eb KLP.<\/p>\n<p>Duke marr\u00eb shkas nga k\u00ebto dy fakte t\u00eb r\u00ebnda, Partia Demokratike k\u00ebrkon fuqimisht nga partner\u00ebt tan\u00eb SHBA dhe BE, q\u00eb t\u2019i p\u00ebrmbahen garancis\u00eb q\u00eb i kan\u00eb dh\u00ebn\u00eb popullit shqiptar p\u00ebr t\u00eb siguruar pavar\u00ebsin\u00eb e Struktur\u00ebs s\u00eb Posa\u00e7me Antikorrupsionit dhe Krimit t\u00eb Organizuar. \u00c7do e dh\u00ebn\u00eb q\u00eb ul besimin e publikut tek SPAK nuk ndihmon n\u00eb forcimin e integritetit dhe paanshm\u00ebris\u00eb s\u00eb k\u00ebsaj strukture.<\/p>\n<p>Ruajtja e besimit t\u00eb publikut \u00ebsht\u00eb jetike p\u00ebr t\u00eb garantuar suksesin e SPAK dhe p\u00ebr t\u00eb b\u00ebr\u00eb realitet pritshm\u00ebrin\u00eb e publikut p\u00ebr t\u00eb luftuar pand\u00ebshkueshm\u00ebrin\u00eb n\u00eb rradh\u00ebt e zyrtar\u00ebve t\u00eb lart\u00eb.<\/p>\n<p>N\u00eb funksion t\u00eb mbrojtjes s\u00eb interesit publik dhe eleminimit t\u00eb \u00e7do dyshimi p\u00ebr integritetin e SPAK, prokuror\u00ebt, p\u00ebr t\u00eb cil\u00ebt publikisht \u00ebsht\u00eb v\u00ebn\u00eb n\u00eb \u00a0dyshim integriteti, pavar\u00ebsia dhe paansh\u00ebria, duhet menj\u00ebher\u00eb t\u00eb sqarojn\u00eb pozicionin e tyre dhe vler\u00ebsojn\u00eb seriozisht mund\u00ebsin\u00eb p\u00ebr t\u00eb hequr dor\u00eb nga p\u00ebrb\u00ebrja e SPAK.<\/p>\n<p>Mbi interesin personal dhe politik, n\u00eb k\u00ebt\u00eb moment, duhet t\u00eb prevaloj\u00eb, nevoja p\u00ebr t\u00eb ruajtur t\u00eb paprekur imazhin, integritetin dhe besimin tek SPAK.<\/p>\n<p>Drejt\u00ebsia e re nuk mund t\u00eb b\u00ebhet as me hetues t\u00eb koh\u00ebs s\u00eb komunizmit dhe as me sh\u00ebrb\u00ebtor t\u00eb rinj politik t\u00eb partis\u00eb n\u00eb pushtet.<\/p>\n<p>Partia Demokratike rikonfimon edhe nj\u00ebher\u00eb m\u00ebbshtetjen e plot\u00eb p\u00ebr SPAK, duke besuar se me ngritjen e k\u00ebsaj strukture Shqip\u00ebria ka nj\u00eb shans t\u00eb ri dhe real, p\u00ebr t\u00eb luftuar krimin e organizuar dhe korrupsionin n\u00eb nivelet m\u00eb t\u00eb larta, nga kriminel\u00ebt me mb\u00ebshtetje qeveritare, tek politikan\u00ebt dhe zyrtar\u00ebt e lart\u00eb.\u00a0 Por q\u00eb kjo t\u00eb arrihet, duhet domosdoshm\u00ebrisht q\u00eb SPAK t\u00eb pastrohet nga \u00e7do hije dyshimi mbi integritetin e an\u00ebtar\u00ebve n\u00eb p\u00ebrb\u00ebrje t\u00eb saj.<\/p>\n<p>&nbsp;<\/p>\n","protected":false,"gt_translate_keys":[{"key":"rendered","format":"html"}]},"excerpt":{"rendered":"<p>Sekretari i P\u00ebrgjithsh\u00ebm i Partis\u00eb Demokratike Gazment Bardhi ka deklaruar se SPAK-po i c\u00ebnohet besueshm\u00ebria p\u00ebr shkak t\u00eb prokuror\u00ebve t\u00eb zgjedhur. Bardhi ka p\u00ebrmendur dy raste lidhur SPAK, ku ka k\u00ebrkuar q\u00eb porkuror\u00ebt t\u00eb sqarojn\u00eb q\u00ebndrimin e tyre lidhur me 2 fakte t\u00eb ve\u00e7uara si ajo e fotos s\u00eb nj\u00eb prokurori me deputetin socialist Ulsi [&hellip;]<\/p>\n","protected":false,"gt_translate_keys":[{"key":"rendered","format":"html"}]},"author":32,"featured_media":303201,"comment_status":"open","ping_status":"open","sticky":false,"template":"","format":"standard","meta":{"footnotes":""},"categories":[65,13],"tags":[],"class_list":["post-342677","post","type-post","status-publish","format-standard","has-post-thumbnail","hentry","category-lajme","category-te-fundit"],"gt_translate_keys":[{"key":"link","format":"url"}],"_links":{"self":[{"href":"https:\/\/www.hashtag.al\/index.php\/wp-json\/wp\/v2\/posts\/342677","targetHints":{"allow":["GET"]}}],"collection":[{"href":"https:\/\/www.hashtag.al\/index.php\/wp-json\/wp\/v2\/posts"}],"about":[{"href":"https:\/\/www.hashtag.al\/index.php\/wp-json\/wp\/v2\/types\/post"}],"author":[{"embeddable":true,"href":"https:\/\/www.hashtag.al\/index.php\/wp-json\/wp\/v2\/users\/32"}],"replies":[{"embeddable":true,"href":"https:\/\/www.hashtag.al\/index.php\/wp-json\/wp\/v2\/comments?post=342677"}],"version-history":[{"count":0,"href":"https:\/\/www.hashtag.al\/index.php\/wp-json\/wp\/v2\/posts\/342677\/revisions"}],"wp:featuredmedia":[{"embeddable":true,"href":"https:\/\/www.hashtag.al\/index.php\/wp-json\/wp\/v2\/media\/303201"}],"wp:attachment":[{"href":"https:\/\/www.hashtag.al\/index.php\/wp-json\/wp\/v2\/media?parent=342677"}],"wp:term":[{"taxonomy":"category","embeddable":true,"href":"https:\/\/www.hashtag.al\/index.php\/wp-json\/wp\/v2\/categories?post=342677"},{"taxonomy":"post_tag","embeddable":true,"href":"https:\/\/www.hashtag.al\/index.php\/wp-json\/wp\/v2\/tags?post=342677"}],"curies":[{"name":"wp","href":"https:\/\/api.w.org\/{rel}","templated":true}]}}