{"id":342674,"date":"2019-12-21T15:35:46","date_gmt":"2019-12-21T14:35:46","guid":{"rendered":"https:\/\/hashtag.al\/?p=342674"},"modified":"2019-12-21T16:05:20","modified_gmt":"2019-12-21T15:05:20","slug":"mini-schengeni-ka-per-qellim-tw-hiqet-taksa-haradinaj-reagon-per-takimin-e-tiranes","status":"publish","type":"post","link":"https:\/\/www.hashtag.al\/index.php\/2019\/12\/21\/mini-schengeni-ka-per-qellim-tw-hiqet-taksa-haradinaj-reagon-per-takimin-e-tiranes\/","title":{"rendered":"&#8220;Mini-schengeni ka p\u00ebr q\u00ebllim t\u00eb hiqet taksa&#8221;- Haradinaj reagon p\u00ebr takimin e Tiran\u00ebs","gt_translate_keys":[{"key":"rendered","format":"text"}]},"content":{"rendered":"<p><img loading=\"lazy\" decoding=\"async\" class=\"aligncenter size-full wp-image-342675\" src=\"https:\/\/hashtag.al\/wp-content\/uploads\/2019\/12\/haradinaj-1-770x446.jpg\" alt=\"\" width=\"770\" height=\"446\" srcset=\"https:\/\/www.hashtag.al\/wp-content\/uploads\/2019\/12\/haradinaj-1-770x446.jpg 770w, https:\/\/www.hashtag.al\/wp-content\/uploads\/2019\/12\/haradinaj-1-770x446-300x174.jpg 300w, https:\/\/www.hashtag.al\/wp-content\/uploads\/2019\/12\/haradinaj-1-770x446-768x445.jpg 768w\" sizes=\"auto, (max-width: 770px) 100vw, 770px\" \/><\/p>\n<p>Kreu i qeveris\u00eb s\u00eb Kosov\u00ebs\u00a0n\u00eb largim, Ramush Haradinaj, ka th\u00ebn\u00eb se Kosova duhet t\u00eb fokusohet n\u00eb zbatimin e MSA-s\u00eb dhe se nuk ka nevoj\u00eb p\u00ebr Minishgenen.<\/p>\n<p>\u201cJemi t\u00eb interesuar p\u00ebr Shengen, pra p\u00ebr Bashkimin Evropian, Brukselin. Kosova \u00ebsht\u00eb vend euroatlantik. Kjo \u00ebsht\u00eb p\u00ebrspektiva jon\u00eb\u201d, ka th\u00ebn\u00eb Haradinaj, shkruan Gazeta Express.<\/p>\n<p>Sipas tij plani p\u00ebr krijimin e Minishengenit \u00ebsht\u00eb p\u00ebr t\u00eb hequr taks\u00ebn q\u00eb Kosova i ka vendosur produkteve me origjin\u00eb nga Serbia e Bosnje e Hercegovina.<\/p>\n<p>\u201cKrejt Minishengeni nj\u00eb q\u00ebllim e ka, me e heq taks\u00ebn\u201d, ka th\u00ebn\u00eb sot Haradinaj, raporton Gazeta Express.<\/p>\n<p>Teksa ka folur p\u00ebr deklarimet e Edi Ram\u00ebs, Haradinaj ka th\u00ebn\u00eb se at\u00eb e ka v\u00eblla, por q\u00eb nuk ka pasur qare pa dal\u00eb kund\u00ebr ndarjes s\u00eb Kosov\u00ebs.<\/p>\n<p>Haradinaj ka th\u00ebn\u00eb se me m\u00ebnyr\u00ebn si po vazhdon t\u00eb sillet Serbia, duke i mohuar edhe krimet e luft\u00ebs, Kosova do t\u00eb injoroj\u00eb cfar\u00ebdo organizimi dhe iu thot\u00eb t\u00eb gjith\u00ebve \u201cpuna e mbar\u00eb pa ne\u201d.<\/p>\n<p>Haradinaj ka folur edhe p\u00ebr zhvillimet politike n\u00eb vend duke potencuar se LVV duhet t\u00eb krijoj\u00eb insitucionet e reja.<\/p>\n<p>&nbsp;<\/p>\n","protected":false,"gt_translate_keys":[{"key":"rendered","format":"html"}]},"excerpt":{"rendered":"<p>Kreu i qeveris\u00eb s\u00eb Kosov\u00ebs\u00a0n\u00eb largim, Ramush Haradinaj, ka th\u00ebn\u00eb se Kosova duhet t\u00eb fokusohet n\u00eb zbatimin e MSA-s\u00eb dhe se nuk ka nevoj\u00eb p\u00ebr Minishgenen. \u201cJemi t\u00eb interesuar p\u00ebr Shengen, pra p\u00ebr Bashkimin Evropian, Brukselin. Kosova \u00ebsht\u00eb vend euroatlantik. Kjo \u00ebsht\u00eb p\u00ebrspektiva jon\u00eb\u201d, ka th\u00ebn\u00eb Haradinaj, shkruan Gazeta Express. Sipas tij plani p\u00ebr krijimin [&hellip;]<\/p>\n","protected":false,"gt_translate_keys":[{"key":"rendered","format":"html"}]},"author":32,"featured_media":342675,"comment_status":"open","ping_status":"open","sticky":false,"template":"","format":"standard","meta":{"footnotes":""},"categories":[149,65,13],"tags":[],"class_list":["post-342674","post","type-post","status-publish","format-standard","has-post-thumbnail","hentry","category-kosoverajon","category-lajme","category-te-fundit"],"gt_translate_keys":[{"key":"link","format":"url"}],"_links":{"self":[{"href":"https:\/\/www.hashtag.al\/index.php\/wp-json\/wp\/v2\/posts\/342674","targetHints":{"allow":["GET"]}}],"collection":[{"href":"https:\/\/www.hashtag.al\/index.php\/wp-json\/wp\/v2\/posts"}],"about":[{"href":"https:\/\/www.hashtag.al\/index.php\/wp-json\/wp\/v2\/types\/post"}],"author":[{"embeddable":true,"href":"https:\/\/www.hashtag.al\/index.php\/wp-json\/wp\/v2\/users\/32"}],"replies":[{"embeddable":true,"href":"https:\/\/www.hashtag.al\/index.php\/wp-json\/wp\/v2\/comments?post=342674"}],"version-history":[{"count":0,"href":"https:\/\/www.hashtag.al\/index.php\/wp-json\/wp\/v2\/posts\/342674\/revisions"}],"wp:featuredmedia":[{"embeddable":true,"href":"https:\/\/www.hashtag.al\/index.php\/wp-json\/wp\/v2\/media\/342675"}],"wp:attachment":[{"href":"https:\/\/www.hashtag.al\/index.php\/wp-json\/wp\/v2\/media?parent=342674"}],"wp:term":[{"taxonomy":"category","embeddable":true,"href":"https:\/\/www.hashtag.al\/index.php\/wp-json\/wp\/v2\/categories?post=342674"},{"taxonomy":"post_tag","embeddable":true,"href":"https:\/\/www.hashtag.al\/index.php\/wp-json\/wp\/v2\/tags?post=342674"}],"curies":[{"name":"wp","href":"https:\/\/api.w.org\/{rel}","templated":true}]}}