{"id":342654,"date":"2019-12-21T13:25:06","date_gmt":"2019-12-21T12:25:06","guid":{"rendered":"https:\/\/hashtag.al\/?p=342654"},"modified":"2019-12-21T13:27:14","modified_gmt":"2019-12-21T12:27:14","slug":"tritol-ndaj-prokurorit-kreu-i-gjykates-se-vlores-u-godit-per-shkak-te-detyres","status":"publish","type":"post","link":"https:\/\/www.hashtag.al\/index.php\/2019\/12\/21\/tritol-ndaj-prokurorit-kreu-i-gjykates-se-vlores-u-godit-per-shkak-te-detyres\/","title":{"rendered":"Tritol ndaj prokurorit, kreu i Gjykat\u00ebs s\u00eb Vlor\u00ebs: U godit p\u00ebr shkak t\u00eb detyr\u00ebs","gt_translate_keys":[{"key":"rendered","format":"text"}]},"content":{"rendered":"<p><img loading=\"lazy\" decoding=\"async\" class=\"aligncenter size-full wp-image-342655\" src=\"https:\/\/hashtag.al\/wp-content\/uploads\/2019\/12\/1576928410_skenderalluci-770x433.jpg\" alt=\"\" width=\"770\" height=\"433\" srcset=\"https:\/\/www.hashtag.al\/wp-content\/uploads\/2019\/12\/1576928410_skenderalluci-770x433.jpg 770w, https:\/\/www.hashtag.al\/wp-content\/uploads\/2019\/12\/1576928410_skenderalluci-770x433-300x169.jpg 300w, https:\/\/www.hashtag.al\/wp-content\/uploads\/2019\/12\/1576928410_skenderalluci-770x433-768x432.jpg 768w\" sizes=\"auto, (max-width: 770px) 100vw, 770px\" \/><\/p>\n<p>Pas shp\u00ebrthimit t\u00eb tritolit m\u00ebngjesin e sot\u00ebn n\u00eb makin\u00ebn e Prokurorit t\u00eb Vlor\u00ebs, Albert Kuli\u00e7i ka reaguar edhe Kryetari i K\u00ebsaj Gjykate, i cili e ka konsideruar ngjarjen goditje p\u00ebr shkak t\u00eb detyr\u00ebs.<\/p>\n<p>Madje, Sk\u00ebnder Haluci ka p\u00ebrmendur edhe sekuestron prej 4 milion\u00eb eurove p\u00ebr shkak t\u00eb \u00e7\u00ebshtjeve t\u00eb pronave n\u00eb bregdet si motiv p\u00ebr goditjen ndaj prokurorit.<\/p>\n<p>&#8220;<em>Jemi n\u00eb mb\u00ebshtetje t\u00eb tij dhe p\u00ebr ta mb\u00ebshtetur n\u00eb aktivitetin e tij si prokuror. \u00a0Nuk ka asnj\u00eb lidhje tjet\u00ebr vet\u00ebm nga detyra. \u00cbsht\u00eb ngjarje shum\u00eb e sh\u00ebmtuar prej frikacak\u00ebsh\u00a0 e burracak\u00ebsh q\u00eb veprojn\u00eb me maska dhe me tritol. Ne do t\u00eb p\u00ebrgjigjemi me akte dhe me d\u00ebnime. Nuk t\u00ebrhiqemi. Gra e burra n\u00eb Prokurin\u00eb dhe n\u00eb Gjyq\u00ebsorin e Vlor\u00ebs punojn\u00eb nat\u00eb e dit\u00eb vet\u00ebm p\u00ebr t\u00eb zbatuar ligjin. Jan\u00eb disa raste q\u00eb goditet gjyq\u00ebsori. Po goditet gjyq\u00ebsori edhe me balt\u00eb jo vet\u00ebm me tritol. <\/em><\/p>\n<p><em>Siguroj qytetar\u00ebt e Vlor\u00ebs q\u00eb kan\u00eb vu dor\u00eb, dhe kan\u00eb grabitur prona t\u00eb qytetar\u00ebve t\u00eb Vlor\u00ebs nuk kan\u00eb p\u00ebr t&#8217;i g\u00ebzuar. Ka lidhje me ngjarje konkrete dhe jo konkrete. Jan\u00eb m\u00eb shum\u00eb se 4 milion euro t\u00eb sekuestruara. Ajo \u00ebsht\u00eb e vetmja pist\u00eb. Kam\u00a0 shum\u00eb besim se ngjarja do t\u00eb zbardhet<\/em>&#8220;-\u00a0tha Haluci.<\/p>\n","protected":false,"gt_translate_keys":[{"key":"rendered","format":"html"}]},"excerpt":{"rendered":"<p>Pas shp\u00ebrthimit t\u00eb tritolit m\u00ebngjesin e sot\u00ebn n\u00eb makin\u00ebn e Prokurorit t\u00eb Vlor\u00ebs, Albert Kuli\u00e7i ka reaguar edhe Kryetari i K\u00ebsaj Gjykate, i cili e ka konsideruar ngjarjen goditje p\u00ebr shkak t\u00eb detyr\u00ebs. Madje, Sk\u00ebnder Haluci ka p\u00ebrmendur edhe sekuestron prej 4 milion\u00eb eurove p\u00ebr shkak t\u00eb \u00e7\u00ebshtjeve t\u00eb pronave n\u00eb bregdet si motiv p\u00ebr [&hellip;]<\/p>\n","protected":false,"gt_translate_keys":[{"key":"rendered","format":"html"}]},"author":32,"featured_media":342655,"comment_status":"open","ping_status":"open","sticky":false,"template":"","format":"standard","meta":{"footnotes":""},"categories":[65,13],"tags":[],"class_list":["post-342654","post","type-post","status-publish","format-standard","has-post-thumbnail","hentry","category-lajme","category-te-fundit"],"gt_translate_keys":[{"key":"link","format":"url"}],"_links":{"self":[{"href":"https:\/\/www.hashtag.al\/index.php\/wp-json\/wp\/v2\/posts\/342654","targetHints":{"allow":["GET"]}}],"collection":[{"href":"https:\/\/www.hashtag.al\/index.php\/wp-json\/wp\/v2\/posts"}],"about":[{"href":"https:\/\/www.hashtag.al\/index.php\/wp-json\/wp\/v2\/types\/post"}],"author":[{"embeddable":true,"href":"https:\/\/www.hashtag.al\/index.php\/wp-json\/wp\/v2\/users\/32"}],"replies":[{"embeddable":true,"href":"https:\/\/www.hashtag.al\/index.php\/wp-json\/wp\/v2\/comments?post=342654"}],"version-history":[{"count":0,"href":"https:\/\/www.hashtag.al\/index.php\/wp-json\/wp\/v2\/posts\/342654\/revisions"}],"wp:featuredmedia":[{"embeddable":true,"href":"https:\/\/www.hashtag.al\/index.php\/wp-json\/wp\/v2\/media\/342655"}],"wp:attachment":[{"href":"https:\/\/www.hashtag.al\/index.php\/wp-json\/wp\/v2\/media?parent=342654"}],"wp:term":[{"taxonomy":"category","embeddable":true,"href":"https:\/\/www.hashtag.al\/index.php\/wp-json\/wp\/v2\/categories?post=342654"},{"taxonomy":"post_tag","embeddable":true,"href":"https:\/\/www.hashtag.al\/index.php\/wp-json\/wp\/v2\/tags?post=342654"}],"curies":[{"name":"wp","href":"https:\/\/api.w.org\/{rel}","templated":true}]}}