{"id":342588,"date":"2019-12-20T23:09:09","date_gmt":"2019-12-20T22:09:09","guid":{"rendered":"https:\/\/hashtag.al\/?p=342588"},"modified":"2019-12-20T23:09:09","modified_gmt":"2019-12-20T22:09:09","slug":"rilindja-nderon-me-titullin-e-mirenjohjes-anetarin-e-klp-a-i-ka-hetuar-akuzat-besnik-cani-ndaj-dhendrit-te-sejdinit","status":"publish","type":"post","link":"https:\/\/www.hashtag.al\/index.php\/2019\/12\/20\/rilindja-nderon-me-titullin-e-mirenjohjes-anetarin-e-klp-a-i-ka-hetuar-akuzat-besnik-cani-ndaj-dhendrit-te-sejdinit\/","title":{"rendered":"Rilindja nderon me titullin e &#8220;Mir\u00ebnjohjes&#8221; an\u00ebtarin e KLP\/ A i ka hetuar akuzat Besnik Cani ndaj dh\u00ebndrit t\u00eb Sejdinit","gt_translate_keys":[{"key":"rendered","format":"text"}]},"content":{"rendered":"<p>&nbsp;<\/p>\n<p><img loading=\"lazy\" decoding=\"async\" class=\"aligncenter size-full wp-image-342589\" src=\"https:\/\/hashtag.al\/wp-content\/uploads\/2019\/12\/Screenshot_20191220-225905.jpg\" alt=\"\" width=\"1406\" height=\"937\" srcset=\"https:\/\/www.hashtag.al\/wp-content\/uploads\/2019\/12\/Screenshot_20191220-225905.jpg 1406w, https:\/\/www.hashtag.al\/wp-content\/uploads\/2019\/12\/Screenshot_20191220-225905-300x200.jpg 300w, https:\/\/www.hashtag.al\/wp-content\/uploads\/2019\/12\/Screenshot_20191220-225905-768x512.jpg 768w, https:\/\/www.hashtag.al\/wp-content\/uploads\/2019\/12\/Screenshot_20191220-225905-1024x682.jpg 1024w\" sizes=\"auto, (max-width: 1406px) 100vw, 1406px\" \/>Besnik Canit, prokuror dhe an\u00ebtar i K\u00ebshillit t\u00eb Lart\u00eb t\u00eb Prokuroris\u00eb, i \u00ebsht\u00eb akorduar titulli \u201cMir\u00ebnjohja e Qakut Elbasan\u201d.<\/p>\n<p>N\u00eb ceremonin\u00eb e organizuar nuk kan\u00eb munguar Taulant Balla, Kryetar i Grupit Parlamentar t\u00eb PS-s\u00eb, ish-Kryebashkiaku Qazim Sejdini, Kryebashkiaku i dal\u00eb nga votimet e 30 qershorit, Gledian Llatja, ish-deputeti socialist Bukurosh Stafa, i cili drejton K\u00ebshillin e Qarkut.<\/p>\n<p>Motivacioni zyrtar p\u00ebr akordimin e titullit p\u00ebr an\u00ebtarin e KLP-s\u00eb \u00ebsht\u00eb \u201cP\u00ebr kontribut t\u00eb r\u00ebnd\u00ebsish\u00ebm n\u00eb p\u00ebrmir\u00ebsimin e infrastruktur\u00ebs dhe cil\u00ebsis\u00eb s\u00eb sh\u00ebrbimeve n\u00eb Prokurorin\u00eb e Rrethit Gjyq\u00ebsor Elbasan, dhe nxitjen e nj\u00eb partneriteti t\u00eb q\u00ebndruesh\u00ebm nd\u00ebrmjet prokuroris\u00eb dhe publikut\u201d.<\/p>\n<p><img loading=\"lazy\" decoding=\"async\" class=\"aligncenter size-full wp-image-342590\" src=\"https:\/\/hashtag.al\/wp-content\/uploads\/2019\/12\/Screenshot_20191220-230034.jpg\" alt=\"\" width=\"1275\" height=\"950\" srcset=\"https:\/\/www.hashtag.al\/wp-content\/uploads\/2019\/12\/Screenshot_20191220-230034.jpg 1275w, https:\/\/www.hashtag.al\/wp-content\/uploads\/2019\/12\/Screenshot_20191220-230034-300x224.jpg 300w, https:\/\/www.hashtag.al\/wp-content\/uploads\/2019\/12\/Screenshot_20191220-230034-768x572.jpg 768w, https:\/\/www.hashtag.al\/wp-content\/uploads\/2019\/12\/Screenshot_20191220-230034-1024x763.jpg 1024w\" sizes=\"auto, (max-width: 1275px) 100vw, 1275px\" \/><\/p>\n<p>Referuar figurave pjes\u00ebmarr\u00ebse n\u00eb k\u00ebt\u00eb ceremoni, t\u00eb pakt\u00ebn atyre publike, m\u00eb tep\u00ebr ajo ngjan me dh\u00ebnien e nj\u00eb titulli nj\u00eb \u201cveterani socialist\u201d, kjo p\u00ebr faktin se Elbasani mund t\u00eb ket\u00eb pasur prokuror\u00eb, gjyqtar\u00eb, punonj\u00ebs policie, apo \u00e7do zyrtar tjet\u00ebr, q\u00eb mund t\u2019i ket\u00eb dh\u00ebn\u00eb qytetit dhe banor\u00ebve t\u00eb tij, shum\u00eb m\u00eb tep\u00ebr sesa an\u00ebtari i KLP-s\u00eb.<\/p>\n<p>N\u00eb m\u00ebnyr\u00eb t\u00eb hapur, kupola drejtuese e PS-s\u00eb, ishte aty, si p\u00ebr t\u00eb treguar se jan\u00eb ata q\u00eb vendosin se kujt i jepet nj\u00eb titull apo kush nderohet.<\/p>\n<p><img loading=\"lazy\" decoding=\"async\" class=\"aligncenter size-full wp-image-342591\" src=\"https:\/\/hashtag.al\/wp-content\/uploads\/2019\/12\/Screenshot_20191220-230055.jpg\" alt=\"\" width=\"1284\" height=\"845\" srcset=\"https:\/\/www.hashtag.al\/wp-content\/uploads\/2019\/12\/Screenshot_20191220-230055.jpg 1284w, https:\/\/www.hashtag.al\/wp-content\/uploads\/2019\/12\/Screenshot_20191220-230055-300x197.jpg 300w, https:\/\/www.hashtag.al\/wp-content\/uploads\/2019\/12\/Screenshot_20191220-230055-768x505.jpg 768w, https:\/\/www.hashtag.al\/wp-content\/uploads\/2019\/12\/Screenshot_20191220-230055-1024x674.jpg 1024w\" sizes=\"auto, (max-width: 1284px) 100vw, 1284px\" \/><\/p>\n<p>Cani ka drejtuar Prokurorin\u00eb e Elbasanit nga korriku 2015 n\u00eb n\u00ebntor 2016, nj\u00eb qytet q\u00eb konsiderohet nd\u00ebr m\u00eb t\u00eb pasigurt\u00ebt n\u00eb aspektin e krimit, me grupe t\u00eb forta kriminale dhe me vrasje t\u00eb bujshme.<\/p>\n<p>N\u00eb nj\u00eb zon\u00eb, ku \u201cLala\u201d sikund\u00ebr njihej Qazim Sejdini, kryebashkiaku me m\u00eb shum\u00eb m\u00ebndate n\u00eb k\u00ebt\u00eb qytet, ka qen\u00eb n\u00eb qend\u00ebr t\u00eb akuza publike p\u00ebr lidhje me krimin, por t\u00eb pahetuara.<\/p>\n<p>Sokol Sanxhaktari dh\u00ebnd\u00ebri i Sejdinit \u00ebsht\u00eb akuzuar publikisht si pjes\u00eb e nj\u00eb prej grupeve kriminale, nd\u00ebrkoh\u00eb q\u00eb akuzat ndaj tij p\u00ebrfshijn\u00eb edhe koh\u00ebn kur organi i akuz\u00ebs drejtohej nga Cani. Dhe pyetja q\u00eb lind \u00ebsht\u00eb ai i ka hetuar Cani akuzat apo veprimtarin\u00eb e dh\u00ebndrit t\u00eb ish-Kryebashkiakut?<\/p>\n<p>Dhe si p\u00ebr ironi, sot n\u00eb ceremonin\u00eb e titullit t\u00eb akorduar p\u00ebr prokurorin Cani, ishte edhe Sejdini, i buz\u00ebqeshur dhe ndoshta edhe \u201ci lumtur\u201d p\u00ebr nderimin q\u00eb po i b\u00ebhej ish-drejtuesit t\u00eb prokuroris\u00eb.<\/p>\n<p><img loading=\"lazy\" decoding=\"async\" class=\"aligncenter size-full wp-image-342592\" src=\"https:\/\/hashtag.al\/wp-content\/uploads\/2019\/12\/Screenshot_20191220-230118.jpg\" alt=\"\" width=\"1292\" height=\"874\" srcset=\"https:\/\/www.hashtag.al\/wp-content\/uploads\/2019\/12\/Screenshot_20191220-230118.jpg 1292w, https:\/\/www.hashtag.al\/wp-content\/uploads\/2019\/12\/Screenshot_20191220-230118-300x203.jpg 300w, https:\/\/www.hashtag.al\/wp-content\/uploads\/2019\/12\/Screenshot_20191220-230118-768x520.jpg 768w, https:\/\/www.hashtag.al\/wp-content\/uploads\/2019\/12\/Screenshot_20191220-230118-1024x693.jpg 1024w\" sizes=\"auto, (max-width: 1292px) 100vw, 1292px\" \/><\/p>\n<p>N\u00eb krah t\u00eb tij, ndodhej edhe Taulant Balla, numri dy i PS-s\u00eb, q\u00eb me pranin\u00eb e tij, tregon \u201cpavar\u00ebsin\u00eb\u201d q\u00eb ka nj\u00eb an\u00ebtar i KLP-s\u00eb nga politika.<br \/>\nNdoshta Balla mund t\u2019a kishte kursyer Canin, por jo, mesazhi q\u00eb jepet p\u00ebrmes fotove \u00ebsht\u00eb se pa pranin\u00eb e Sekretarit t\u00eb P\u00ebrgjithsh\u00ebm t\u00eb Rilindjes, nuk mund t\u00eb b\u00ebhet asgj\u00eb, madje as t\u00eb jepet nj\u00eb titull, qoft\u00eb edhe honorifik.<\/p>\n<p><img loading=\"lazy\" decoding=\"async\" class=\"aligncenter size-full wp-image-342593\" src=\"https:\/\/hashtag.al\/wp-content\/uploads\/2019\/12\/Screenshot_20191220-230137.jpg\" alt=\"\" width=\"1294\" height=\"858\" srcset=\"https:\/\/www.hashtag.al\/wp-content\/uploads\/2019\/12\/Screenshot_20191220-230137.jpg 1294w, https:\/\/www.hashtag.al\/wp-content\/uploads\/2019\/12\/Screenshot_20191220-230137-300x199.jpg 300w, https:\/\/www.hashtag.al\/wp-content\/uploads\/2019\/12\/Screenshot_20191220-230137-768x509.jpg 768w, https:\/\/www.hashtag.al\/wp-content\/uploads\/2019\/12\/Screenshot_20191220-230137-1024x679.jpg 1024w\" sizes=\"auto, (max-width: 1294px) 100vw, 1294px\" \/><\/p>\n<p>Besnik Cani kaloi faz\u00ebn e par\u00eb t\u00eb Vetting at\u00eb n\u00eb KPK, por \u00ebsht\u00eb n\u00eb pritje t\u00eb vendimit nga Kolgji i Posa\u00e7\u00ebm i Apelimit. Ndoshta, \u201ckupola e PS\u201d duhet t\u00eb priste edhe k\u00ebt\u00eb vendim, p\u00ebr t\u00eb akorduar titullin e mir\u00ebnjohjes.<\/p>\n<p>N\u00eb KPK, ndaj prokurorit ka pasur disa denoncime p\u00ebr mbyllje dosjesh; e para p\u00ebr mbylljen e nj\u00eb dosje p\u00ebr nj\u00eb person p\u00ebr shkaktim vet\u00ebvrasje dhe korrupsion dhe e dyta p\u00ebr pushimin e hetimet p\u00ebr tenderat n\u00eb spitalin Psikiatrik t\u00eb Elbasanit edhe pse zbuloi se kishte falsifikim dokumentesh.<\/p>\n<p>\u201cNdaj Canit ka pasur denoncim nga N.K. akuzohet p\u00ebr kontakte t\u00eb pap\u00ebrshtatshme dhe korrupsion. N.k deklaroi se Cani ka lidhje me grupe kriminale Shkodr\u00ebs e Lushnj\u00ebs. N.K. deklaroi se \u201cprokurori Besnik Cani m\u00eb ka k\u00ebrkuar 15 mij\u00eb euro p\u00ebr nj\u00eb c\u00ebshtje ta mbyllte dhe nuk pranova\u201d. N.K. thot\u00eb se Cani nuk ka b\u00ebr\u00eb kur\u00eb shkoll\u00eb drejt\u00ebsie.<\/p>\n<p>N. K. ka b\u00ebr\u00eb denoncim t\u00eb dyt\u00eb ku thot\u00eb se Cani t\u00eb l\u00ebviz\u00eb nga Shkodra n\u00eb Fier ka paguar 150 mije euro.<\/p>\n<p>Por, KPK sqaroi se ka thirrur denoncuesin N.K, por ai nuk ka pranuar t\u00eb vij\u00eb duke th\u00ebn\u00eb se \u00e7far\u00eb kishte p\u00ebr t\u00eb th\u00ebn\u00eb i ka th\u00ebn\u00eb.<\/p>\n<p>Po k\u00ebshtu ndaj Prokurorit Cani n\u00eb KPK kishte nj\u00eb denoncim S.B, sipas t\u00eb cilit Cani ka vil\u00eb 4 kat\u00ebshe n\u00eb Paskuqan, karburant. Po ashtu ka denoncuar se ka dy djem q\u00eb jetojn\u00eb n\u00eb Austri q\u00eb sipas denoncuesit b\u00ebjm\u00eb jet\u00eb luksi.<\/p>\n<p>Po k\u00ebshtu n\u00eb KPK, ka pasur nj\u00eb denoncim, sipas t\u00eb cilit Cani ka mbyllur dosjen e V.H t\u00eb akuzuar p\u00ebr vrasje. Sipas denoncimit u pagua 50 mij\u00eb euro.<\/p>\n<p>KPK sqaroi se mori dosjen 1340 t\u00eb viti 2007 dhe nga shqyrtimi i dokumenteve Cani ka nisur hetimet. Cani pas vendimit t\u00eb eprorit 2008, me 11 prill 2008 ka plot\u00ebsuar akuz\u00ebn edhe p\u00ebr shkaktim vet\u00ebvrasje. \u00cbsht\u00eb rip\u00ebrpiluar k\u00ebrkesa p\u00ebr gjykimin penal duke k\u00ebrkuar gjykim p\u00ebr V.H me akuz\u00ebn shkaktim vet\u00ebvrasje e korrupsion pasiv. V\u00ebrejm\u00eb se Cani nuk \u00ebsht\u00eb thelluar n\u00eb hetime dhe padrejt\u00ebsisht ka pushuar akuz\u00ebn e shkaktimit t\u00eb vet\u00ebvrasjes her\u00ebn e par\u00eb dhe her\u00ebn e dyte pas hetimit e vendosi.<\/p>\n<p>\u201cCani hetoi nj\u00eb kall\u00ebzim p\u00ebr tenderat n\u00eb spitalin Psikiatrik n\u00eb Elbasan. Por pasi hetoi e pushoi akuz\u00ebn p\u00ebr favorizim me gar\u00eb, zbuloi se kishte falsifikim dokumentesh por se hetoi k\u00ebt\u00eb gj\u00eb\u201d tha komisioni.<\/p>\n<p><span style=\"color: #ff0000;\">VINI RE<\/span>: Ky material \u00ebsht\u00eb pron\u00ebsi intelektuale e <span style=\"color: #3366ff;\">BoldNews.al<\/span><\/p>\n","protected":false,"gt_translate_keys":[{"key":"rendered","format":"html"}]},"excerpt":{"rendered":"<p>&nbsp; Besnik Canit, prokuror dhe an\u00ebtar i K\u00ebshillit t\u00eb Lart\u00eb t\u00eb Prokuroris\u00eb, i \u00ebsht\u00eb akorduar titulli \u201cMir\u00ebnjohja e Qakut Elbasan\u201d. N\u00eb ceremonin\u00eb e organizuar nuk kan\u00eb munguar Taulant Balla, Kryetar i Grupit Parlamentar t\u00eb PS-s\u00eb, ish-Kryebashkiaku Qazim Sejdini, Kryebashkiaku i dal\u00eb nga votimet e 30 qershorit, Gledian Llatja, ish-deputeti socialist Bukurosh Stafa, i cili drejton [&hellip;]<\/p>\n","protected":false,"gt_translate_keys":[{"key":"rendered","format":"html"}]},"author":32,"featured_media":342589,"comment_status":"open","ping_status":"open","sticky":false,"template":"","format":"standard","meta":{"footnotes":""},"categories":[65,13],"tags":[],"class_list":["post-342588","post","type-post","status-publish","format-standard","has-post-thumbnail","hentry","category-lajme","category-te-fundit"],"gt_translate_keys":[{"key":"link","format":"url"}],"_links":{"self":[{"href":"https:\/\/www.hashtag.al\/index.php\/wp-json\/wp\/v2\/posts\/342588","targetHints":{"allow":["GET"]}}],"collection":[{"href":"https:\/\/www.hashtag.al\/index.php\/wp-json\/wp\/v2\/posts"}],"about":[{"href":"https:\/\/www.hashtag.al\/index.php\/wp-json\/wp\/v2\/types\/post"}],"author":[{"embeddable":true,"href":"https:\/\/www.hashtag.al\/index.php\/wp-json\/wp\/v2\/users\/32"}],"replies":[{"embeddable":true,"href":"https:\/\/www.hashtag.al\/index.php\/wp-json\/wp\/v2\/comments?post=342588"}],"version-history":[{"count":0,"href":"https:\/\/www.hashtag.al\/index.php\/wp-json\/wp\/v2\/posts\/342588\/revisions"}],"wp:featuredmedia":[{"embeddable":true,"href":"https:\/\/www.hashtag.al\/index.php\/wp-json\/wp\/v2\/media\/342589"}],"wp:attachment":[{"href":"https:\/\/www.hashtag.al\/index.php\/wp-json\/wp\/v2\/media?parent=342588"}],"wp:term":[{"taxonomy":"category","embeddable":true,"href":"https:\/\/www.hashtag.al\/index.php\/wp-json\/wp\/v2\/categories?post=342588"},{"taxonomy":"post_tag","embeddable":true,"href":"https:\/\/www.hashtag.al\/index.php\/wp-json\/wp\/v2\/tags?post=342588"}],"curies":[{"name":"wp","href":"https:\/\/api.w.org\/{rel}","templated":true}]}}