{"id":342490,"date":"2019-12-20T15:25:01","date_gmt":"2019-12-20T14:25:01","guid":{"rendered":"https:\/\/hashtag.al\/?p=342490"},"modified":"2019-12-30T17:34:40","modified_gmt":"2019-12-30T16:34:40","slug":"komisioneri-publik-kerkon-shkarkimin-e-besim-hajdarmatajt","status":"publish","type":"post","link":"https:\/\/www.hashtag.al\/index.php\/2019\/12\/20\/komisioneri-publik-kerkon-shkarkimin-e-besim-hajdarmatajt\/","title":{"rendered":"Komisioneri Publik k\u00ebrkon shkarkimin e Besim Hajdarmatajt","gt_translate_keys":[{"key":"rendered","format":"text"}]},"content":{"rendered":"<p><a href=\"https:\/\/hashtag.al\/wp-content\/uploads\/2019\/01\/hajdarmataj.jpg\"><img loading=\"lazy\" decoding=\"async\" class=\"aligncenter size-full wp-image-267448\" src=\"https:\/\/hashtag.al\/wp-content\/uploads\/2019\/01\/hajdarmataj.jpg\" alt=\"\" width=\"889\" height=\"607\" srcset=\"https:\/\/www.hashtag.al\/wp-content\/uploads\/2019\/01\/hajdarmataj.jpg 889w, https:\/\/www.hashtag.al\/wp-content\/uploads\/2019\/01\/hajdarmataj-300x205.jpg 300w, https:\/\/www.hashtag.al\/wp-content\/uploads\/2019\/01\/hajdarmataj-768x524.jpg 768w\" sizes=\"auto, (max-width: 889px) 100vw, 889px\" \/><\/a><\/p>\n<p><span style=\"color: #000000;\">Komisioneri Publik ka k\u00ebrkuar sot shkarkimin nga detyra t\u00eb prokurorit Besim Hadarmataj, i cili u transferua te Prokuroria e Tiran\u00ebs pas shkrirjes s\u00eb Krimeve t\u00eb R\u00ebnda.<\/span><\/p>\n<p><em><span style=\"color: #000000;\">&#8220;Komisioneri Publik, brenda afatit ligjor, ushtroi ankim n\u00eb Kolegjin e Posa\u00e7\u00ebm t\u00eb Apelimit pran\u00eb Gjykat\u00ebs Kushtetuese, kund\u00ebr vendimit nr. 200, dat\u00eb 16.10.2019, t\u00eb Komisionit t\u00eb Pavarur t\u00eb Kualifikimit, p\u00ebr subjektin e rivler\u00ebsimit, z. Besim Hajdarmataj, me detyr\u00eb prokuror pran\u00eb Prokuroris\u00eb s\u00eb Gjykat\u00ebs s\u00eb Shkall\u00ebs s\u00eb Par\u00eb p\u00ebr Krime t\u00eb R\u00ebnda, Tiran\u00eb.<\/span><\/em><\/p>\n<p><em><span style=\"color: #000000;\">Komisioneri Publik, pasi shqyrtoi vendimin e m\u00ebsip\u00ebrm t\u00eb Komisionit t\u00eb Pavarur t\u00eb Kualifikimit dhe rekomandimin e Operacionit Nd\u00ebrkomb\u00ebtar t\u00eb Monitorimit p\u00ebr t\u00eb paraqitur ankim, vler\u00ebson se vendimi p\u00ebr konfirmimin n\u00eb detyr\u00eb t\u00eb subjektit t\u00eb rivler\u00ebsimit, z. Besim Hajdarmataj \u00ebsht\u00eb i cenuesh\u00ebm n\u00eb t\u00ebr\u00ebsin\u00eb e tij dhe p\u00ebrmban shkaqe t\u00eb mjaftueshme ligjore p\u00ebr t\u2019iu paraqitur juridiksionit kontrollues dhe rivler\u00ebsues t\u00eb Kolegjit.<\/span><\/em><\/p>\n<p><span style=\"color: #000000;\"><em>Komisioneri Publik k\u00ebrkon q\u00eb shkaqet e k\u00ebtij ankimi t\u00eb merren n\u00eb shqyrtim nga ana e Kolegjit t\u00eb Posa\u00e7\u00ebm t\u00eb Apelimit dhe, n\u00eb p\u00ebrfundim t\u00eb shqyrtimit t\u00eb \u00e7\u00ebshtjes n\u00eb seanc\u00eb publike, t\u00eb vendos\u00eb ndryshimin e vendimit nr. 200, dat\u00eb 16.10.2019, t\u00eb Komisionit t\u00eb Pavarur t\u00eb Kualifikimit dhe shkarkimin nga detyra t\u00eb subjektit t\u00eb rivler\u00ebsimit, z. Besim Hajdarmataj.&#8221;<\/em>&#8211; thuhet n\u00eb njoftimin e Komisionerit Publik.<\/span><\/p>\n<p><span style=\"color: #000000;\">Besim Hajdarmataj u konfirmua n\u00eb detyr\u00eb nga Komisioni i Pavarur i Kualifikimit m\u00eb 16 Tetor, dy dit\u00eb pas seanc\u00ebs d\u00ebgjimore. Por sipas Operacionit Nd\u00ebrkomb\u00ebtar t\u00eb Monitorimit hetimet p\u00ebr t\u00eb ishin t\u00eb mang\u00ebta dhe m\u00eb 5 dhjetorit k\u00ebrkoi nj\u00eb rihetim t\u00eb thelluar p\u00ebr kriterin e profesionalizmit dhe at\u00eb t\u00eb pasuris\u00eb n\u00eb Kolegjin e Posa\u00e7\u00ebm t\u00eb Apelimit.<\/span><\/p>\n<p><span style=\"color: #000000;\">Besim Hajdarmataj \u00ebsht\u00eb prokurori q\u00eb k\u00ebrkoi arrestimin e ish-ministrit t\u00eb Brendsh\u00ebm Saimir Tahiri p\u00ebr akuz\u00ebn e trafikut t\u00eb drog\u00ebs. Gjat\u00eb gjasht\u00eb viteve t\u00eb fundit, t\u00eb vetmet hetime ndaj politikan\u00ebve t\u00eb lart\u00eb apo personave t\u00eb krimit t\u00eb akuzuar p\u00ebr lidhje me qeverin\u00eb, jan\u00eb filluar gjat\u00eb koh\u00ebs kur Prokuroria e Krimeve t\u00eb R\u00ebnda drejtohej prej Hajdarmatajt, shkurt 2016 \u2013 maj 2018.<\/span><\/p>\n<p><span style=\"color: #000000;\">P\u00ebrve \u00e7 arrestimit t\u00eb Tahirit, p\u00ebrmendim rastin e Emiljano Shullazit, kokaina n\u00eb kontenier\u00ebt n\u00eb banane, grupi i Avdulajve, dosja 339 e zgjedhjeve n\u00eb Durr\u00ebs dhe ajo 184 e zgjedhjeve n\u00eb Dib\u00ebr.<\/span><\/p>\n<p><span style=\"color: #000000;\">Hajdarmataj u shkarkua kur n\u00eb krye t\u00eb Prokuroris\u00eb s\u00eb P\u00ebrgjithshme erdhi Arta Marku dhe n\u00eb vend t\u00eb tij, vendosi Donika Prel\u00ebn.<strong>\/Hashtag.al<\/strong><\/span><\/p>\n","protected":false,"gt_translate_keys":[{"key":"rendered","format":"html"}]},"excerpt":{"rendered":"<p>Komisioneri Publik ka k\u00ebrkuar sot shkarkimin nga detyra t\u00eb prokurorit Besim Hadarmataj, i cili u transferua te Prokuroria e Tiran\u00ebs pas shkrirjes s\u00eb Krimeve t\u00eb R\u00ebnda. &#8220;Komisioneri Publik, brenda afatit ligjor, ushtroi ankim n\u00eb Kolegjin e Posa\u00e7\u00ebm t\u00eb Apelimit pran\u00eb Gjykat\u00ebs Kushtetuese, kund\u00ebr vendimit nr. 200, dat\u00eb 16.10.2019, t\u00eb Komisionit t\u00eb Pavarur t\u00eb Kualifikimit, p\u00ebr [&hellip;]<\/p>\n","protected":false,"gt_translate_keys":[{"key":"rendered","format":"html"}]},"author":30,"featured_media":319712,"comment_status":"open","ping_status":"open","sticky":false,"template":"","format":"standard","meta":{"footnotes":""},"categories":[22,65,13],"tags":[],"class_list":["post-342490","post","type-post","status-publish","format-standard","has-post-thumbnail","hentry","category-ballina","category-lajme","category-te-fundit"],"gt_translate_keys":[{"key":"link","format":"url"}],"_links":{"self":[{"href":"https:\/\/www.hashtag.al\/index.php\/wp-json\/wp\/v2\/posts\/342490","targetHints":{"allow":["GET"]}}],"collection":[{"href":"https:\/\/www.hashtag.al\/index.php\/wp-json\/wp\/v2\/posts"}],"about":[{"href":"https:\/\/www.hashtag.al\/index.php\/wp-json\/wp\/v2\/types\/post"}],"author":[{"embeddable":true,"href":"https:\/\/www.hashtag.al\/index.php\/wp-json\/wp\/v2\/users\/30"}],"replies":[{"embeddable":true,"href":"https:\/\/www.hashtag.al\/index.php\/wp-json\/wp\/v2\/comments?post=342490"}],"version-history":[{"count":0,"href":"https:\/\/www.hashtag.al\/index.php\/wp-json\/wp\/v2\/posts\/342490\/revisions"}],"wp:featuredmedia":[{"embeddable":true,"href":"https:\/\/www.hashtag.al\/index.php\/wp-json\/wp\/v2\/media\/319712"}],"wp:attachment":[{"href":"https:\/\/www.hashtag.al\/index.php\/wp-json\/wp\/v2\/media?parent=342490"}],"wp:term":[{"taxonomy":"category","embeddable":true,"href":"https:\/\/www.hashtag.al\/index.php\/wp-json\/wp\/v2\/categories?post=342490"},{"taxonomy":"post_tag","embeddable":true,"href":"https:\/\/www.hashtag.al\/index.php\/wp-json\/wp\/v2\/tags?post=342490"}],"curies":[{"name":"wp","href":"https:\/\/api.w.org\/{rel}","templated":true}]}}