{"id":342426,"date":"2019-12-20T12:18:44","date_gmt":"2019-12-20T11:18:44","guid":{"rendered":"https:\/\/hashtag.al\/?p=342426"},"modified":"2019-12-30T17:34:42","modified_gmt":"2019-12-30T16:34:42","slug":"komisioni-hetimor-perdor-dvoranin-kunder-metes-dhe-kerkon-ndihme-nga-venecia","status":"publish","type":"post","link":"https:\/\/www.hashtag.al\/index.php\/2019\/12\/20\/komisioni-hetimor-perdor-dvoranin-kunder-metes-dhe-kerkon-ndihme-nga-venecia\/","title":{"rendered":"Komisioni Hetimor p\u00ebrdor Dvoranin kund\u00ebr Met\u00ebs dhe k\u00ebrkon ndihm\u00eb nga Venecia","gt_translate_keys":[{"key":"rendered","format":"text"}]},"content":{"rendered":"<p><a href=\"https:\/\/hashtag.al\/wp-content\/uploads\/2019\/11\/metadvorani.jpg\"><img loading=\"lazy\" decoding=\"async\" class=\"aligncenter size-full wp-image-333104\" src=\"https:\/\/hashtag.al\/wp-content\/uploads\/2019\/11\/metadvorani.jpg\" alt=\"\" width=\"2000\" height=\"1110\" srcset=\"https:\/\/www.hashtag.al\/wp-content\/uploads\/2019\/11\/metadvorani.jpg 2000w, https:\/\/www.hashtag.al\/wp-content\/uploads\/2019\/11\/metadvorani-300x167.jpg 300w, https:\/\/www.hashtag.al\/wp-content\/uploads\/2019\/11\/metadvorani-768x426.jpg 768w, https:\/\/www.hashtag.al\/wp-content\/uploads\/2019\/11\/metadvorani-1024x568.jpg 1024w\" sizes=\"auto, (max-width: 2000px) 100vw, 2000px\" \/><\/a><\/p>\n<p><span style=\"color: #000000;\">Miratohet shtyrja me 4 muaj e afatit t\u00eb hetimit t\u00eb Komisionit t\u00eb ngritur p\u00ebr shkarkimin e presidentit Ilir Meta.<\/span><\/p>\n<p><span style=\"color: #000000;\">Komisioni ka zgjeruar objektin e hetimit p\u00ebr veprimet e presidentit n\u00eb zgjedhjen e an\u00ebtar\u00ebve t\u00eb Gjykat\u00ebs Kushtetuese.\u00a0 <\/span><span style=\"color: #000000;\">Maxhoranca pretendon se presidenti Meta ka b\u00ebr\u00eb dy shkelje t\u00eb tjera sa i takon em\u00ebrimeve n\u00eb Gjykat\u00ebn Kushtetuese dhe kjo ishte arsyeja pse k\u00ebrkoi dhe shtyrjen e komisionit.<\/span><\/p>\n<p><span style=\"color: #000000;\">Po ashtu kryetari Ulsi Manja ka propozuar sot q\u00eb n\u00eb pyetje p\u00ebr shtesat hetimore t\u00eb merret edhe kreu i KED-s\u00eb Ardian Dvorani. Kujtojm\u00eb se k\u00ebt\u00eb t\u00eb fundit, presidenti Meta e ka paditur penalisht pasi e akuzon se ka shkelur Kushtetut\u00ebn me d\u00ebrgimin e t\u00eb dyja listave p\u00ebr plot\u00ebsimin e nj\u00ebkohsh\u00ebm t\u00eb an\u00ebtar\u00ebve t\u00eb Gjykat\u00ebs Kushtetuese, te Presidenca dhe Kuvendi duke \u00e7uar n\u00eb p\u00ebrplasje mes dy institucioneve.<\/span><\/p>\n<p><span style=\"color: #000000;\">K\u00ebto propozime kan\u00eb shkaktuar debate, pasi dy an\u00ebtar\u00eb t\u00eb komisionit nga e ashtuquajtura &#8216;opozita parlamentare&#8217; nuk kan\u00eb r\u00ebn\u00eb dakord.<\/span><\/p>\n<p><span style=\"color: #000000;\">An\u00ebtari i Komisionit Arben Zeneli dhe Halit Valteri kan\u00eb dal\u00eb kund\u00ebr k\u00ebtij propozimi pasi k\u00ebrkon q\u00eb fillimisht t\u00eb mbaroj\u00eb puna p\u00ebr at\u00eb p\u00ebr t\u00eb cil\u00ebn Komisioni Hetimor u mblodh fillimisht, anulimin e dekretit p\u00ebr zgjedhjet e 30 qershorit.<\/span><\/p>\n<p><span style=\"color: #000000;\"><em>\u00a0\u201cNuk mund t\u00eb merremi se \u00e7far\u00eb b\u00ebn sot Meta apo \u00e7far\u00eb do b\u00ebj\u00eb Meta. Nuk b\u00ebhet kjo pun\u00eb shto uj\u00eb e shto miell. Jemi kundra shtimit t\u00eb objekteve t\u00eb hetimit p\u00ebr Presidentit n\u00eb k\u00ebt\u00eb Komision.\u201d<\/em>&#8211; tha Valteri.<\/span><\/p>\n<p><span style=\"color: #000000;\">Nd\u00ebrkoh\u00eb deputeti socialist Spartak Braho ka deklaruar se \u00ebsht\u00eb dakord me k\u00ebto shtesa dhe thot\u00eb se me to Met\u00ebs i shtohen edhe 8 shkelje t\u00eb reja.<\/span><br \/>\n<span style=\"color: #000000;\"><em>&#8220;Un\u00eb jam dakord me shtes\u00ebn e subjektit t\u00eb hetimit. Komisioni \u00ebsht\u00eb nisur p\u00ebr t\u00eb shkarkuar Presidentin. Ai shkarkohet p\u00ebr shkelje t\u00eb r\u00ebnda. Tek objekti i hetimit jan\u00eb shtuar edhe 8 shkelje t tjera. nuk i gjykoj dot n\u00ebse jan\u00eb t\u00eb r\u00ebnda apo t\u00eb lehta. N\u00ebse ka shkelur r\u00ebnd\u00eb \u00ebsht\u00eb p\u00ebr tu shkarkuar. Duhet t\u00eb vazhdohet me k\u00ebto shtesa.&#8221;- <\/em>tha Braho.<\/span><\/p>\n<p><span style=\"color: #000000;\">Po ashtu sot u votua unanimisht q\u00eb p\u00ebr shtesat, Komisioni t&#8217;i drejtohet p\u00ebr opinion Komisonit t\u00eb Venecias. Propozimin q\u00eb \u00e7\u00ebshtja t\u2019i \u00e7ohet p\u00ebr opinion Komisionit t\u00eb Venecias, ashtu si\u00e7 ndodhi me dekretin p\u00ebr anulimin e 30 qershorit, u b\u00eb nga deputetja e PS-s\u00eb, Klotilda Bushka. Kjo e fundit dha dhe 5 pyetjet q\u00eb do i drejtoj\u00eb maxhoranca k\u00ebtij komisioni.<\/span><\/p>\n<p><strong><span style=\"color: #000000;\">5 Pyetjet:<\/span><\/strong><\/p>\n<p><span style=\"color: #000000;\">1-A mundet Presidenti t\u00eb mos organizoj\u00eb ceremonin\u00eb e betimit t\u00eb gjyqtarit kushtetues, kur ai apo ajo n\u00eb konsiderohen t\u00eb em\u00ebruar? N\u00eb k\u00ebt\u00eb rast a konsiderohet e c\u00ebnuar e drejta e nj\u00eb gjyqtari kushtetues t\u00eb ushtroj\u00eb detyr\u00ebn?<\/span><\/p>\n<p><span style=\"color: #000000;\">2-Em\u00ebrimi i nj\u00eb gjyqtari Kushtetues, tej afatit prekluziv 30 ditor dhe jasht\u00eb list\u00ebs s\u00eb kandidat\u00ebve t\u00eb em\u00ebruar t\u00eb miratuar nga KED a e c\u00ebnon parimin e Gjykat\u00ebs s\u00eb krijuar me ligj, a ndikon kjo n\u00eb legjitimitetin e vendimmarrjes s\u00eb Gjykat\u00ebs Kushtetuese duke v\u00ebn\u00eb n\u00eb dyshim garancin\u00eb e shtetasve p\u00ebr nj\u00eb proces t\u00eb rregullt ligjor?<\/span><\/p>\n<p><span style=\"color: #000000;\">A bie ndesh kjo frym\u00ebn e mekanizmave zhbllokues n\u00eb zgjedhjen dhe em\u00ebrimin e an\u00ebtar\u00ebve t\u00eb organeve kushtetuese ?<\/span><\/p>\n<p><span style=\"color: #000000;\">3-A \u00ebsht\u00eb n\u00eb p\u00ebrputhje me standardet m\u00eb t\u00eb mira zbatimi i mekanizmit zhbllokues pas mosveprimit t\u00eb Presidentit p\u00ebr t\u00eb em\u00ebruar brenda 30 dit\u00ebve gjyqtarin Kushtetues, si rrjedhoj\u00eb e t\u00eb cilit konsiderohet e em\u00ebruar ky gjyqtar?<\/span><\/p>\n<p><span style=\"color: #000000;\">4-N\u00eb rast se Presidenti nuk organizon ceremonin\u00eb e betimit t\u00eb gjyqtarit kushtetues nisur nga solemniteti i betimit si akt, \u00e7far\u00eb mekanizmi mund t\u00eb p\u00ebrdoret p\u00ebr ta zhbllokuar nj\u00eb situat\u00eb t\u00eb till\u00eb? A \u00ebsht\u00eb betimi me shkrim p\u00ebr t\u00eb plot\u00ebsuar kushtin e betimit p\u00ebr t\u00eb filluar ushtrimin e detyr\u00ebs n\u00eb situat\u00ebn kur konsiderohet i em\u00ebruar p\u00ebr efekt t\u00eb ligjit?<\/span><\/p>\n<p><span style=\"color: #000000;\">5-Cilat mund t\u00eb ishin zgjidhjet t\u00eb standardeve m\u00eb t\u00eb mira p\u00ebr t\u00eb shmangur rastet kur organi i ngarkuar me kryerjen e betimit refuzon t\u00eb th\u00ebrras\u00eb p\u00ebr betim zyrtarin p\u00ebrkat\u00ebs?<strong>\/Hashtag.al<\/strong><\/span><\/p>\n","protected":false,"gt_translate_keys":[{"key":"rendered","format":"html"}]},"excerpt":{"rendered":"<p>Miratohet shtyrja me 4 muaj e afatit t\u00eb hetimit t\u00eb Komisionit t\u00eb ngritur p\u00ebr shkarkimin e presidentit Ilir Meta. Komisioni ka zgjeruar objektin e hetimit p\u00ebr veprimet e presidentit n\u00eb zgjedhjen e an\u00ebtar\u00ebve t\u00eb Gjykat\u00ebs Kushtetuese.\u00a0 Maxhoranca pretendon se presidenti Meta ka b\u00ebr\u00eb dy shkelje t\u00eb tjera sa i takon em\u00ebrimeve n\u00eb Gjykat\u00ebn Kushtetuese dhe [&hellip;]<\/p>\n","protected":false,"gt_translate_keys":[{"key":"rendered","format":"html"}]},"author":30,"featured_media":333110,"comment_status":"open","ping_status":"open","sticky":false,"template":"","format":"standard","meta":{"footnotes":""},"categories":[22,65,13],"tags":[],"class_list":["post-342426","post","type-post","status-publish","format-standard","has-post-thumbnail","hentry","category-ballina","category-lajme","category-te-fundit"],"gt_translate_keys":[{"key":"link","format":"url"}],"_links":{"self":[{"href":"https:\/\/www.hashtag.al\/index.php\/wp-json\/wp\/v2\/posts\/342426","targetHints":{"allow":["GET"]}}],"collection":[{"href":"https:\/\/www.hashtag.al\/index.php\/wp-json\/wp\/v2\/posts"}],"about":[{"href":"https:\/\/www.hashtag.al\/index.php\/wp-json\/wp\/v2\/types\/post"}],"author":[{"embeddable":true,"href":"https:\/\/www.hashtag.al\/index.php\/wp-json\/wp\/v2\/users\/30"}],"replies":[{"embeddable":true,"href":"https:\/\/www.hashtag.al\/index.php\/wp-json\/wp\/v2\/comments?post=342426"}],"version-history":[{"count":0,"href":"https:\/\/www.hashtag.al\/index.php\/wp-json\/wp\/v2\/posts\/342426\/revisions"}],"wp:featuredmedia":[{"embeddable":true,"href":"https:\/\/www.hashtag.al\/index.php\/wp-json\/wp\/v2\/media\/333110"}],"wp:attachment":[{"href":"https:\/\/www.hashtag.al\/index.php\/wp-json\/wp\/v2\/media?parent=342426"}],"wp:term":[{"taxonomy":"category","embeddable":true,"href":"https:\/\/www.hashtag.al\/index.php\/wp-json\/wp\/v2\/categories?post=342426"},{"taxonomy":"post_tag","embeddable":true,"href":"https:\/\/www.hashtag.al\/index.php\/wp-json\/wp\/v2\/tags?post=342426"}],"curies":[{"name":"wp","href":"https:\/\/api.w.org\/{rel}","templated":true}]}}