{"id":342262,"date":"2019-12-19T14:42:00","date_gmt":"2019-12-19T13:42:00","guid":{"rendered":"https:\/\/hashtag.al\/?p=342262"},"modified":"2019-12-19T14:42:00","modified_gmt":"2019-12-19T13:42:00","slug":"kryemadhi-per-ngritjen-e-spak-ut-koha-e-krimineleve-me-pushtet-apo-te-mbrojtur-prej-tij-ka-mbaruar","status":"publish","type":"post","link":"https:\/\/www.hashtag.al\/index.php\/2019\/12\/19\/kryemadhi-per-ngritjen-e-spak-ut-koha-e-krimineleve-me-pushtet-apo-te-mbrojtur-prej-tij-ka-mbaruar\/","title":{"rendered":"Kryemadhi p\u00ebr ngritjen e SPAK-ut: Koha e kriminel\u00ebve me pushtet apo t\u00eb mbrojtur prej tij ka mbaruar","gt_translate_keys":[{"key":"rendered","format":"text"}]},"content":{"rendered":"<p><img loading=\"lazy\" decoding=\"async\" class=\"aligncenter size-full wp-image-333676\" src=\"https:\/\/hashtag.al\/wp-content\/uploads\/2019\/11\/kryemadhiunaza.jpeg\" alt=\"\" width=\"1280\" height=\"853\" srcset=\"https:\/\/www.hashtag.al\/wp-content\/uploads\/2019\/11\/kryemadhiunaza.jpeg 1280w, https:\/\/www.hashtag.al\/wp-content\/uploads\/2019\/11\/kryemadhiunaza-300x200.jpeg 300w, https:\/\/www.hashtag.al\/wp-content\/uploads\/2019\/11\/kryemadhiunaza-768x512.jpeg 768w, https:\/\/www.hashtag.al\/wp-content\/uploads\/2019\/11\/kryemadhiunaza-1024x682.jpeg 1024w\" sizes=\"auto, (max-width: 1280px) 100vw, 1280px\" \/><\/p>\n<p><span style=\"color: #000000;\">Kryetarja e LSI-s\u00eb, Kryemadhi, ka deklaruar se ngritja e SPAK-ut, \u00ebsht\u00eb nj\u00eb moment shpres\u00ebdh\u00ebn\u00ebs dhe zhvillim i r\u00ebnd\u00ebsish\u00ebm q\u00eb pritej prej koh\u00ebsh. <\/span><\/p>\n<p><span style=\"color: #000000;\">Ajo shkruan se beson se ky institucion i sapongritur do funksionoj\u00eb i pandikuar nga politika e presioni.<\/span><\/p>\n<p><span style=\"color: #000000;\"><em>\u2018P\u00ebrsh\u00ebndes krijimin e SPAK si nj\u00eb zhvillim i r\u00ebnd\u00ebsish\u00ebm i pritur prej koh\u00ebsh i Reform\u00ebs n\u00eb Drejt\u00ebsi.<\/em><\/span><\/p>\n<p><span style=\"color: #000000;\"><em>Fillimi i aktivitetit t\u00eb SPAK \u00ebsht\u00eb moment shpres\u00ebdh\u00ebn\u00ebs se n\u00eb Shqip\u00ebri do t\u00eb nis\u00eb seriozisht puna p\u00ebr nd\u00ebshkimin e pand\u00ebshkueshm\u00ebris\u00eb dhe p\u00ebr sundimin e ligjit. Ne besojm\u00eb q\u00eb nj\u00eb nga institucionet m\u00eb t\u00eb r\u00ebnd\u00ebsishme t\u00eb drejt\u00ebsis\u00eb do t\u00eb veproj\u00eb i pandikuar nga presioni i \u00e7far\u00ebdolloj dhe i pandikuar nga politika.\u2019<\/em> &#8211; shkruan ajo.<\/span><\/p>\n<p><span style=\"color: #000000;\">M\u00eb tej Kryemadhi thekson se ngritja e SPAK-ut pritet t\u00eb sjell\u00eb nj\u00eb frym\u00eb t\u00eb re n\u00eb garantimin e siguris\u00eb juridike p\u00ebr qytetar\u00ebt dhe p\u00ebr barazin\u00eb para ligjit dhe se koha e kriminel\u00ebve me pushtet apo t\u00eb mbrojtur nga pushteti ka mbaruar.<\/span><\/p>\n<p><span style=\"color: #000000;\"><em>\u2018Ngritja e Struktur\u00ebs s\u00eb Posa\u00e7me dhe Byros\u00eb s\u00eb Hetimit do sjell\u00eb nj\u00eb er\u00eb t\u00eb re n\u00eb garantimin e siguris\u00eb juridike p\u00ebr qytetar\u00ebt e thjesht\u00eb dhe p\u00ebr barazin\u00eb p\u00ebrpara ligjit. Koha e \u201ct\u00eb fort\u00ebve\u201d, kriminel\u00ebve me pushtet apo t\u00eb mbrojtur nga pushteti, ka mbaruar. Me k\u00ebt\u00eb rast p\u00ebrsh\u00ebndes dhe angazhimin e partner\u00ebve tan\u00eb nd\u00ebrkomb\u00ebtar\u00eb, SHBA dhe BE, p\u00ebr mb\u00ebshtetjen e vazhdueshme p\u00ebr krijimin e k\u00ebsaj strukture kaq t\u00eb r\u00ebnd\u00ebsishme p\u00ebr drejt\u00ebsin\u00eb n\u00eb Shqip\u00ebri dhe p\u00ebr integrimin e saj n\u00eb Bashkimin Evropian.\u2019<\/em> &#8211; mbyll reagimin n\u00eb Facebook, Kryemadhi.<\/span><\/p>\n","protected":false,"gt_translate_keys":[{"key":"rendered","format":"html"}]},"excerpt":{"rendered":"<p>Kryetarja e LSI-s\u00eb, Kryemadhi, ka deklaruar se ngritja e SPAK-ut, \u00ebsht\u00eb nj\u00eb moment shpres\u00ebdh\u00ebn\u00ebs dhe zhvillim i r\u00ebnd\u00ebsish\u00ebm q\u00eb pritej prej koh\u00ebsh. Ajo shkruan se beson se ky institucion i sapongritur do funksionoj\u00eb i pandikuar nga politika e presioni. \u2018P\u00ebrsh\u00ebndes krijimin e SPAK si nj\u00eb zhvillim i r\u00ebnd\u00ebsish\u00ebm i pritur prej koh\u00ebsh i Reform\u00ebs n\u00eb [&hellip;]<\/p>\n","protected":false,"gt_translate_keys":[{"key":"rendered","format":"html"}]},"author":51,"featured_media":333676,"comment_status":"open","ping_status":"open","sticky":false,"template":"","format":"standard","meta":{"footnotes":""},"categories":[65,13],"tags":[],"class_list":["post-342262","post","type-post","status-publish","format-standard","has-post-thumbnail","hentry","category-lajme","category-te-fundit"],"gt_translate_keys":[{"key":"link","format":"url"}],"_links":{"self":[{"href":"https:\/\/www.hashtag.al\/index.php\/wp-json\/wp\/v2\/posts\/342262","targetHints":{"allow":["GET"]}}],"collection":[{"href":"https:\/\/www.hashtag.al\/index.php\/wp-json\/wp\/v2\/posts"}],"about":[{"href":"https:\/\/www.hashtag.al\/index.php\/wp-json\/wp\/v2\/types\/post"}],"author":[{"embeddable":true,"href":"https:\/\/www.hashtag.al\/index.php\/wp-json\/wp\/v2\/users\/51"}],"replies":[{"embeddable":true,"href":"https:\/\/www.hashtag.al\/index.php\/wp-json\/wp\/v2\/comments?post=342262"}],"version-history":[{"count":0,"href":"https:\/\/www.hashtag.al\/index.php\/wp-json\/wp\/v2\/posts\/342262\/revisions"}],"wp:featuredmedia":[{"embeddable":true,"href":"https:\/\/www.hashtag.al\/index.php\/wp-json\/wp\/v2\/media\/333676"}],"wp:attachment":[{"href":"https:\/\/www.hashtag.al\/index.php\/wp-json\/wp\/v2\/media?parent=342262"}],"wp:term":[{"taxonomy":"category","embeddable":true,"href":"https:\/\/www.hashtag.al\/index.php\/wp-json\/wp\/v2\/categories?post=342262"},{"taxonomy":"post_tag","embeddable":true,"href":"https:\/\/www.hashtag.al\/index.php\/wp-json\/wp\/v2\/tags?post=342262"}],"curies":[{"name":"wp","href":"https:\/\/api.w.org\/{rel}","templated":true}]}}