{"id":342029,"date":"2019-12-18T20:27:06","date_gmt":"2019-12-18T19:27:06","guid":{"rendered":"https:\/\/hashtag.al\/?p=342029"},"modified":"2019-12-18T20:27:06","modified_gmt":"2019-12-18T19:27:06","slug":"denimi-ndaj-salianjit-dhe-jetmir-olldashit-reagon-kryemadhi-drejtesia-goditi-ne-emer-te-krimit-per-hakmarrje","status":"publish","type":"post","link":"https:\/\/www.hashtag.al\/index.php\/2019\/12\/18\/denimi-ndaj-salianjit-dhe-jetmir-olldashit-reagon-kryemadhi-drejtesia-goditi-ne-emer-te-krimit-per-hakmarrje\/","title":{"rendered":"D\u00ebnimi ndaj Salianjit dhe Jetmir Olldashit, reagon Kryemadhi: Drejt\u00ebsia goditi n\u00eb em\u00ebr t\u00eb krimit p\u00ebr hakmarrje","gt_translate_keys":[{"key":"rendered","format":"text"}]},"content":{"rendered":"<p><img loading=\"lazy\" decoding=\"async\" class=\"aligncenter size-full wp-image-338461\" src=\"https:\/\/hashtag.al\/wp-content\/uploads\/2019\/12\/monika-kryemadhi.jpg\" alt=\"\" width=\"1139\" height=\"732\" \/><\/p>\n<p><span style=\"color: #000000;\">Kryetarja e L\u00ebvizjes Socialiste p\u00ebr Integrim, Monika Kryemadhi e ka quajtur goditje nga krimi e drejt\u00ebsis\u00eb s\u00eb kapur, vendimin p\u00ebr d\u00ebnimin e ish-deputetit demokrat Ervin Salianji dhe gazetarit Jetmir Olldashi.<\/span><\/p>\n<p><span style=\"color: #000000;\">\u201c<em>D\u00ebnimi i Salianjit dhe i Olldashit si dhe miratimi i t\u00eb ashtu quajtur\u00ebs paketa \u201cAnti-shpifje\u201d, \u00ebsht\u00eb luft\u00eb e humbur e Edi Ram\u00ebs p\u00ebr t\u00eb fshehur t\u00eb v\u00ebrteta, t\u00eb cilat tashm\u00eb t\u00eb gjith\u00eb shqiptar\u00ebt i njohin dhe p\u00ebr t\u00eb cilat do t\u2019i japin atij shum\u00eb shpejt d\u00ebnimin e merituar<\/em>\u201d-shkruan Kryemadhi.<\/span><\/p>\n<p><span style=\"color: #000000;\"><strong>Postimi i plot\u00eb:<\/strong><\/span><\/p>\n<p><span style=\"color: #000000;\">Drejt\u00ebsia e kapur goditi n\u00eb em\u00ebr t\u00eb eksponent\u00ebve t\u00eb krimit t\u00eb organizuar p\u00ebr hakmarrje, Ervin Salianjin dhe Jetmir Olldashin.<\/span><\/p>\n<p><span style=\"color: #000000;\">Ata jan\u00eb &#8220;fajtor\u00eb&#8221;, sepse nxor\u00ebn t\u00eb v\u00ebrtetat n\u00eb syt\u00eb e t\u00eb gjith\u00eb shqiptar\u00ebve, treguan qart\u00eb se trafikant\u00ebt qeverisin dhe b\u00ebjn\u00eb ligjin n\u00eb Shqip\u00ebri, t\u00eb ulur k\u00ebmb\u00ebkryq edhe n\u00eb karriget e qeveris\u00eb.<\/span><\/p>\n<p><span style=\"color: #000000;\">K\u00ebto d\u00ebnime nuk trembin dhe nuk dekurajojn\u00eb ask\u00ebnd. Ato tregojn\u00eb se pushteti \u00ebsht\u00eb n\u00eb grahmat e fundit dhe beteja p\u00ebr t\u00eb rivendosur shtetin e s\u00eb drejt\u00ebs dhe largimin e trafikant\u00ebve nga pushteti \u00ebsht\u00eb beteja e t\u00eb gjith\u00eb shqiptar\u00ebve, t\u00eb cil\u00ebt nuk mund t\u00eb pranojn\u00eb kurrsesi q\u00eb n\u00eb Shqip\u00ebri t\u00eb qeveris\u00eb krimi i organizuar dhe grabitqar\u00ebt e koncesioneve miliardere.<\/span><\/p>\n<p><span style=\"color: #000000;\">Ne do vazhdojm\u00eb t\u00eb demaskojm\u00eb deri n\u00eb fund kriminalizimin e qeverisjes dhe grabitjen shtet\u00ebrore monstruoze t\u00eb parave t\u00eb shqiptar\u00ebve. Nuk do t\u00eb ket\u00eb as gjykat\u00eb t\u00eb korruptuar e prokurori t\u00eb kapur q\u00eb t\u00eb na ndal\u00eb n\u00eb rrug\u00ebn ton\u00eb.<\/span><\/p>\n<p><span style=\"color: #000000;\">Prokuror\u00ebt dhe gjykat\u00ebsit e k\u00ebtij gjyqi fars\u00eb q\u00eb u vu n\u00eb sh\u00ebrbim t\u00eb qeveris\u00eb s\u00eb trafikant\u00ebve jan\u00eb sot n\u00ebn akuz\u00eb nga shqiptar\u00ebt p\u00ebr k\u00ebt\u00eb p\u00ebrdorim t\u00eb drejt\u00ebsis\u00eb n\u00eb funksion t\u00eb s\u00eb keqes dhe n\u00eb funksion t\u00eb mbulimit t\u00eb aferave kriminale.<\/span><\/p>\n<p><span style=\"color: #000000;\">D\u00ebnimi i Salianjit dhe i Olldashit si dhe miratimi i t\u00eb ashtu quajtur\u00ebs paketa \u201cAnti-shpifje\u201d, \u00ebsht\u00eb luft\u00eb e humbur e Edi Ram\u00ebs p\u00ebr t\u00eb fshehur t\u00eb v\u00ebrteta, t\u00eb cilat tashm\u00eb t\u00eb gjith\u00eb shqiptar\u00ebt i njohin dhe p\u00ebr t\u00eb cilat do t\u2019i japin atij shum\u00eb shpejt d\u00ebnimin e merituar.<\/span><\/p>\n<p>&nbsp;<\/p>\n","protected":false,"gt_translate_keys":[{"key":"rendered","format":"html"}]},"excerpt":{"rendered":"<p>Kryetarja e L\u00ebvizjes Socialiste p\u00ebr Integrim, Monika Kryemadhi e ka quajtur goditje nga krimi e drejt\u00ebsis\u00eb s\u00eb kapur, vendimin p\u00ebr d\u00ebnimin e ish-deputetit demokrat Ervin Salianji dhe gazetarit Jetmir Olldashi. \u201cD\u00ebnimi i Salianjit dhe i Olldashit si dhe miratimi i t\u00eb ashtu quajtur\u00ebs paketa \u201cAnti-shpifje\u201d, \u00ebsht\u00eb luft\u00eb e humbur e Edi Ram\u00ebs p\u00ebr t\u00eb fshehur [&hellip;]<\/p>\n","protected":false,"gt_translate_keys":[{"key":"rendered","format":"html"}]},"author":32,"featured_media":338461,"comment_status":"open","ping_status":"open","sticky":false,"template":"","format":"standard","meta":{"footnotes":""},"categories":[65,13],"tags":[],"class_list":["post-342029","post","type-post","status-publish","format-standard","has-post-thumbnail","hentry","category-lajme","category-te-fundit"],"gt_translate_keys":[{"key":"link","format":"url"}],"_links":{"self":[{"href":"https:\/\/www.hashtag.al\/index.php\/wp-json\/wp\/v2\/posts\/342029","targetHints":{"allow":["GET"]}}],"collection":[{"href":"https:\/\/www.hashtag.al\/index.php\/wp-json\/wp\/v2\/posts"}],"about":[{"href":"https:\/\/www.hashtag.al\/index.php\/wp-json\/wp\/v2\/types\/post"}],"author":[{"embeddable":true,"href":"https:\/\/www.hashtag.al\/index.php\/wp-json\/wp\/v2\/users\/32"}],"replies":[{"embeddable":true,"href":"https:\/\/www.hashtag.al\/index.php\/wp-json\/wp\/v2\/comments?post=342029"}],"version-history":[{"count":0,"href":"https:\/\/www.hashtag.al\/index.php\/wp-json\/wp\/v2\/posts\/342029\/revisions"}],"wp:featuredmedia":[{"embeddable":true,"href":"https:\/\/www.hashtag.al\/index.php\/wp-json\/wp\/v2\/media\/338461"}],"wp:attachment":[{"href":"https:\/\/www.hashtag.al\/index.php\/wp-json\/wp\/v2\/media?parent=342029"}],"wp:term":[{"taxonomy":"category","embeddable":true,"href":"https:\/\/www.hashtag.al\/index.php\/wp-json\/wp\/v2\/categories?post=342029"},{"taxonomy":"post_tag","embeddable":true,"href":"https:\/\/www.hashtag.al\/index.php\/wp-json\/wp\/v2\/tags?post=342029"}],"curies":[{"name":"wp","href":"https:\/\/api.w.org\/{rel}","templated":true}]}}