{"id":342026,"date":"2019-12-18T20:18:53","date_gmt":"2019-12-18T19:18:53","guid":{"rendered":"https:\/\/hashtag.al\/?p=342026"},"modified":"2019-12-18T20:18:53","modified_gmt":"2019-12-18T19:18:53","slug":"parlamenti-europian-rezolute-per-shkarkimin-e-kryeministrit-te-maltes","status":"publish","type":"post","link":"https:\/\/www.hashtag.al\/index.php\/2019\/12\/18\/parlamenti-europian-rezolute-per-shkarkimin-e-kryeministrit-te-maltes\/","title":{"rendered":"Parlamenti Europian rezolut\u00eb p\u00ebr shkarkimin e kryeministrit t\u00eb Malt\u00ebs","gt_translate_keys":[{"key":"rendered","format":"text"}]},"content":{"rendered":"<p><span style=\"color: #000000;\"><img loading=\"lazy\" decoding=\"async\" class=\"aligncenter size-full wp-image-342027\" src=\"https:\/\/hashtag.al\/wp-content\/uploads\/2019\/12\/pm-600x360.jpeg\" alt=\"\" width=\"600\" height=\"360\" srcset=\"https:\/\/www.hashtag.al\/wp-content\/uploads\/2019\/12\/pm-600x360.jpeg 600w, https:\/\/www.hashtag.al\/wp-content\/uploads\/2019\/12\/pm-600x360-300x180.jpeg 300w\" sizes=\"auto, (max-width: 600px) 100vw, 600px\" \/><\/span><\/p>\n<p><span style=\"color: #000000;\">Parlamenti Evropian i k\u00ebrkoi dor\u00ebheqjen e menj\u00ebhershme t\u00eb kryeministrit maltez, Joseph Muscat duke theksuar se q\u00ebndrimi i tij n\u00eb pushtet rrezikon t\u00eb kompromentoj\u00eb hetimin p\u00ebr vrasjen e gazetares, Daphne Caruana Galizia, n\u00eb nj\u00eb rezolut\u00eb t\u00eb miratuar sot.<\/span><\/p>\n<p><span style=\"color: #000000;\">\u201cParlamenti n\u00ebnvizoi se duhet b\u00ebr\u00eb \u00e7do p\u00ebrpjekje p\u00ebr t\u00eb p\u00ebrjashtuar \u00e7do rrezik, real apo t\u00eb supozuar, p\u00ebr kompromentimin e hetimit duke shtuar se rreziku ekziston p\u00ebr aq koh\u00eb sa kryeministri mbetet n\u00eb funksion\u201d, thekson rezoluta, q\u00eb nuk ka asnj\u00eb vler\u00eb detyruese.<\/span><\/p>\n<p><span style=\"color: #000000;\">Edhe dje, e djathta europiane n\u00eb Parlamentin Europian k\u00ebrkoi dor\u00ebheqjen e menj\u00ebhershme\u00a0 t\u00eb kryeministrit maltez, Joseph Muscat, gjat\u00eb nj\u00eb debati n\u00eb Strasburg mbi vrasjen n\u00eb vitin 2017 t\u00eb gazetares investigative, Daphne Caruana Galizia.<\/span><\/p>\n<p><span style=\"color: #000000;\">\u00a0Kjo \u00e7\u00ebshtje, n\u00eb t\u00eb cil\u00ebn u cituan emrat e zyrtar\u00ebve t\u00eb lart\u00eb t\u00eb shtetit maltez, nj\u00eb minist\u00ebr dhe shefi i kabinetit t\u00eb Muscat, ka dob\u00ebsuar pushtetin deri aty sa t\u00eb detyroj\u00eb Muscat, kreun e qeveris\u00eb laburiste, n\u00eb pushtet q\u00eb prej vitit 2013, t\u00eb jap\u00eb dor\u00ebheqjen nga funksionet e tij m\u00eb 12 janar.<\/span><\/p>\n<p><span style=\"color: #000000;\">\u201cJu drejtohem drejtp\u00ebrdrejt, Muscat, \u00e7do dit\u00eb q\u00eb ju q\u00ebndroni n\u00eb pushtet \u00ebsht\u00eb nj\u00eb turp p\u00ebr demokracin\u00eb\u201d, theksoi me tone t\u00eb larta spanjolli, Esteban Gonzalez Pons, nga grupi i PPE-s\u00eb, grupi kryesor politik n\u00eb Parlamentin Europian.<\/span><\/p>\n<p><span style=\"color: #000000;\">Lideri i PPE-s\u00eb, gjermani, Manfred Weber k\u00ebrkoi q\u00eb Muscat t\u00eb jap\u00eb dor\u00ebheqjen e menj\u00ebhershme dhe akuzoi grupin S&amp;D, t\u00eb cilit i p\u00ebrket Partia Laburiste e kryeministrit maltez.<\/span><\/p>\n<p><span style=\"color: #000000;\">Eurodeputetja malteze, Miriam Dalli e grupit S&amp;D theksoi se do t\u00eb ishte kund\u00ebrproduktive q\u00eb Parlamenti t\u00eb jepte gjykime t\u00eb nxituara q\u00eb mund t\u00eb d\u00ebmtonin hetimet.<\/span><\/p>\n","protected":false,"gt_translate_keys":[{"key":"rendered","format":"html"}]},"excerpt":{"rendered":"<p>Parlamenti Evropian i k\u00ebrkoi dor\u00ebheqjen e menj\u00ebhershme t\u00eb kryeministrit maltez, Joseph Muscat duke theksuar se q\u00ebndrimi i tij n\u00eb pushtet rrezikon t\u00eb kompromentoj\u00eb hetimin p\u00ebr vrasjen e gazetares, Daphne Caruana Galizia, n\u00eb nj\u00eb rezolut\u00eb t\u00eb miratuar sot. \u201cParlamenti n\u00ebnvizoi se duhet b\u00ebr\u00eb \u00e7do p\u00ebrpjekje p\u00ebr t\u00eb p\u00ebrjashtuar \u00e7do rrezik, real apo t\u00eb supozuar, p\u00ebr kompromentimin [&hellip;]<\/p>\n","protected":false,"gt_translate_keys":[{"key":"rendered","format":"html"}]},"author":32,"featured_media":342027,"comment_status":"open","ping_status":"open","sticky":false,"template":"","format":"standard","meta":{"footnotes":""},"categories":[6,13],"tags":[],"class_list":["post-342026","post","type-post","status-publish","format-standard","has-post-thumbnail","hentry","category-nderkombetare","category-te-fundit"],"gt_translate_keys":[{"key":"link","format":"url"}],"_links":{"self":[{"href":"https:\/\/www.hashtag.al\/index.php\/wp-json\/wp\/v2\/posts\/342026","targetHints":{"allow":["GET"]}}],"collection":[{"href":"https:\/\/www.hashtag.al\/index.php\/wp-json\/wp\/v2\/posts"}],"about":[{"href":"https:\/\/www.hashtag.al\/index.php\/wp-json\/wp\/v2\/types\/post"}],"author":[{"embeddable":true,"href":"https:\/\/www.hashtag.al\/index.php\/wp-json\/wp\/v2\/users\/32"}],"replies":[{"embeddable":true,"href":"https:\/\/www.hashtag.al\/index.php\/wp-json\/wp\/v2\/comments?post=342026"}],"version-history":[{"count":0,"href":"https:\/\/www.hashtag.al\/index.php\/wp-json\/wp\/v2\/posts\/342026\/revisions"}],"wp:featuredmedia":[{"embeddable":true,"href":"https:\/\/www.hashtag.al\/index.php\/wp-json\/wp\/v2\/media\/342027"}],"wp:attachment":[{"href":"https:\/\/www.hashtag.al\/index.php\/wp-json\/wp\/v2\/media?parent=342026"}],"wp:term":[{"taxonomy":"category","embeddable":true,"href":"https:\/\/www.hashtag.al\/index.php\/wp-json\/wp\/v2\/categories?post=342026"},{"taxonomy":"post_tag","embeddable":true,"href":"https:\/\/www.hashtag.al\/index.php\/wp-json\/wp\/v2\/tags?post=342026"}],"curies":[{"name":"wp","href":"https:\/\/api.w.org\/{rel}","templated":true}]}}