{"id":341775,"date":"2019-12-17T20:27:53","date_gmt":"2019-12-17T19:27:53","guid":{"rendered":"https:\/\/hashtag.al\/?p=341775"},"modified":"2019-12-17T20:27:53","modified_gmt":"2019-12-17T19:27:53","slug":"te-shtena-me-arme-ne-prishtine-dyshohet-eshte-plagosur-keshilltari-i-fatmir-limajt","status":"publish","type":"post","link":"https:\/\/www.hashtag.al\/index.php\/2019\/12\/17\/te-shtena-me-arme-ne-prishtine-dyshohet-eshte-plagosur-keshilltari-i-fatmir-limajt\/","title":{"rendered":"T\u00eb sht\u00ebna me arm\u00eb n\u00eb Prishtin\u00eb, dyshohet \u00ebsht\u00eb plagosur k\u00ebshilltari i Fatmir Limajt","gt_translate_keys":[{"key":"rendered","format":"text"}]},"content":{"rendered":"<p><img loading=\"lazy\" decoding=\"async\" class=\"aligncenter size-full wp-image-335760\" src=\"https:\/\/hashtag.al\/wp-content\/uploads\/2019\/11\/Policia-e-kosoves.jpg\" alt=\"\" width=\"885\" height=\"523\" srcset=\"https:\/\/www.hashtag.al\/wp-content\/uploads\/2019\/11\/Policia-e-kosoves.jpg 885w, https:\/\/www.hashtag.al\/wp-content\/uploads\/2019\/11\/Policia-e-kosoves-300x177.jpg 300w, https:\/\/www.hashtag.al\/wp-content\/uploads\/2019\/11\/Policia-e-kosoves-768x454.jpg 768w\" sizes=\"auto, (max-width: 885px) 100vw, 885px\" \/><\/p>\n<p><span style=\"color: #000000;\">T\u00eb sht\u00ebna me arm\u00eb zjarri jan\u00eb d\u00ebgjuar mbr\u00ebmjen e sotme n\u00eb Veternik.<\/span><\/p>\n<p><span style=\"color: #000000;\">Si pasoj\u00eb e k\u00ebtyre t\u00eb sht\u00ebnave i plagosur ka mbetur nj\u00eb person. Dyshohet\u00a0se personi i plagosur \u00ebsht\u00eb an\u00ebtari i Nism\u00ebs, k\u00ebshilltari i Fatmir Limajt, Luan Maloku.<\/span><\/p>\n<p><span style=\"color: #000000;\">\u201dMe dat\u00ebn 17.12.2019 rreth or\u00ebs 17:00 kei pranuar nj\u00eb informat\u00eb p\u00ebr nj\u00eb person t\u00eb plagosur me arm\u00eb zjarri n\u00eb Veternik-Prishtin\u00eb. Nj\u00ebsit\u00eb Policore iu kan\u00eb p\u00ebrgjigjur rastit dhe kan\u00eb dal\u00eb menj\u00ebher\u00eb n\u00eb vendin e ngjarjes\u201d, ka konfirmuar p\u00ebr klankosova.tv, Baki Kelani nga Policia e Kosov\u00ebs.<\/span><\/p>\n<p>&nbsp;<\/p>\n","protected":false,"gt_translate_keys":[{"key":"rendered","format":"html"}]},"excerpt":{"rendered":"<p>T\u00eb sht\u00ebna me arm\u00eb zjarri jan\u00eb d\u00ebgjuar mbr\u00ebmjen e sotme n\u00eb Veternik. Si pasoj\u00eb e k\u00ebtyre t\u00eb sht\u00ebnave i plagosur ka mbetur nj\u00eb person. Dyshohet\u00a0se personi i plagosur \u00ebsht\u00eb an\u00ebtari i Nism\u00ebs, k\u00ebshilltari i Fatmir Limajt, Luan Maloku. \u201dMe dat\u00ebn 17.12.2019 rreth or\u00ebs 17:00 kei pranuar nj\u00eb informat\u00eb p\u00ebr nj\u00eb person t\u00eb plagosur me arm\u00eb [&hellip;]<\/p>\n","protected":false,"gt_translate_keys":[{"key":"rendered","format":"html"}]},"author":32,"featured_media":335760,"comment_status":"open","ping_status":"open","sticky":false,"template":"","format":"standard","meta":{"footnotes":""},"categories":[149,13],"tags":[],"class_list":["post-341775","post","type-post","status-publish","format-standard","has-post-thumbnail","hentry","category-kosoverajon","category-te-fundit"],"gt_translate_keys":[{"key":"link","format":"url"}],"_links":{"self":[{"href":"https:\/\/www.hashtag.al\/index.php\/wp-json\/wp\/v2\/posts\/341775","targetHints":{"allow":["GET"]}}],"collection":[{"href":"https:\/\/www.hashtag.al\/index.php\/wp-json\/wp\/v2\/posts"}],"about":[{"href":"https:\/\/www.hashtag.al\/index.php\/wp-json\/wp\/v2\/types\/post"}],"author":[{"embeddable":true,"href":"https:\/\/www.hashtag.al\/index.php\/wp-json\/wp\/v2\/users\/32"}],"replies":[{"embeddable":true,"href":"https:\/\/www.hashtag.al\/index.php\/wp-json\/wp\/v2\/comments?post=341775"}],"version-history":[{"count":0,"href":"https:\/\/www.hashtag.al\/index.php\/wp-json\/wp\/v2\/posts\/341775\/revisions"}],"wp:featuredmedia":[{"embeddable":true,"href":"https:\/\/www.hashtag.al\/index.php\/wp-json\/wp\/v2\/media\/335760"}],"wp:attachment":[{"href":"https:\/\/www.hashtag.al\/index.php\/wp-json\/wp\/v2\/media?parent=341775"}],"wp:term":[{"taxonomy":"category","embeddable":true,"href":"https:\/\/www.hashtag.al\/index.php\/wp-json\/wp\/v2\/categories?post=341775"},{"taxonomy":"post_tag","embeddable":true,"href":"https:\/\/www.hashtag.al\/index.php\/wp-json\/wp\/v2\/tags?post=341775"}],"curies":[{"name":"wp","href":"https:\/\/api.w.org\/{rel}","templated":true}]}}