{"id":341698,"date":"2019-12-17T14:32:11","date_gmt":"2019-12-17T13:32:11","guid":{"rendered":"https:\/\/hashtag.al\/?p=341698"},"modified":"2019-12-17T14:32:11","modified_gmt":"2019-12-17T13:32:11","slug":"posti-i-presidentit-mban-peng-formimin-e-qeverise-ne-kosove","status":"publish","type":"post","link":"https:\/\/www.hashtag.al\/index.php\/2019\/12\/17\/posti-i-presidentit-mban-peng-formimin-e-qeverise-ne-kosove\/","title":{"rendered":"Posti i presidentit mban peng formimin e qeveris\u00eb n\u00eb Kosov\u00eb","gt_translate_keys":[{"key":"rendered","format":"text"}]},"content":{"rendered":"<p><img loading=\"lazy\" decoding=\"async\" class=\"aligncenter size-full wp-image-340383\" src=\"https:\/\/hashtag.al\/wp-content\/uploads\/2019\/12\/kurti-mustafa-11-dhjetor.jpg\" alt=\"\" width=\"600\" height=\"360\" srcset=\"https:\/\/www.hashtag.al\/wp-content\/uploads\/2019\/12\/kurti-mustafa-11-dhjetor.jpg 600w, https:\/\/www.hashtag.al\/wp-content\/uploads\/2019\/12\/kurti-mustafa-11-dhjetor-300x180.jpg 300w\" sizes=\"auto, (max-width: 600px) 100vw, 600px\" \/><\/p>\n<p><span style=\"color: #000000;\">Posti i presidentit duket se po mban peng formimin e qeveris\u00eb s\u00eb re n\u00eb Kosov\u00eb. Edhe pse ka pasur disa takime mes LDK-s\u00eb e Vet\u00ebvendosjes p\u00ebr formimin e qeveris\u00eb, kjo gj\u00eb nuk \u00ebsht\u00eb b\u00ebr\u00eb ende e mundur. <\/span><\/p>\n<p><span style=\"color: #000000;\">An\u00ebtari i Kryesis\u00eb s\u00eb LDK-s\u00eb, Avdullah Hoti, tha se n\u00eb rast t\u00eb arritjes s\u00eb k\u00ebsaj marr\u00ebveshje \u00ebsht\u00eb balancimi i pushteteve, shkruan Lajmi.net.<\/span><\/p>\n<p><span style=\"color: #000000;\">E sa i p\u00ebrket takimeve n\u00eb mes t\u00eb lider\u00ebve dhe n\u00ebnshkrimit t\u00eb marr\u00ebveshjes p\u00ebr bashk\u00ebqeverisje me Vet\u00ebvendosjen, Hoti ka th\u00ebn\u00eb se nuk \u00ebsht\u00eb n\u00eb dijeni n\u00ebse ndonj\u00eb takim i till\u00eb do t\u00eb zhvillohet s\u00eb shpejti.<\/span><\/p>\n<p><span style=\"color: #000000;\"><em>\u2018Ne jemi duke insistuar q\u00eb t\u00eb arrijm\u00eb nj\u00eb marr\u00ebveshje p\u00ebr t\u00eb qeverisur sa m\u00eb par\u00eb. Nj\u00eb marr\u00ebveshje q\u00eb balancon p\u00ebrgjegj\u00ebsit\u00eb. Ne kemi zhvilluar t\u00eb gjitha konsultimet e brendshme. Nuk jam n\u00eb dijeni q\u00eb \u00ebsht\u00eb caktuar ndonj\u00eb takim\u2019<\/em>,\u00a0 deklaroi Hoti.<\/span><\/p>\n<p>&nbsp;<\/p>\n","protected":false,"gt_translate_keys":[{"key":"rendered","format":"html"}]},"excerpt":{"rendered":"<p>Posti i presidentit duket se po mban peng formimin e qeveris\u00eb s\u00eb re n\u00eb Kosov\u00eb. Edhe pse ka pasur disa takime mes LDK-s\u00eb e Vet\u00ebvendosjes p\u00ebr formimin e qeveris\u00eb, kjo gj\u00eb nuk \u00ebsht\u00eb b\u00ebr\u00eb ende e mundur. An\u00ebtari i Kryesis\u00eb s\u00eb LDK-s\u00eb, Avdullah Hoti, tha se n\u00eb rast t\u00eb arritjes s\u00eb k\u00ebsaj marr\u00ebveshje \u00ebsht\u00eb balancimi [&hellip;]<\/p>\n","protected":false,"gt_translate_keys":[{"key":"rendered","format":"html"}]},"author":51,"featured_media":338293,"comment_status":"open","ping_status":"open","sticky":false,"template":"","format":"standard","meta":{"footnotes":""},"categories":[65,13],"tags":[],"class_list":["post-341698","post","type-post","status-publish","format-standard","has-post-thumbnail","hentry","category-lajme","category-te-fundit"],"gt_translate_keys":[{"key":"link","format":"url"}],"_links":{"self":[{"href":"https:\/\/www.hashtag.al\/index.php\/wp-json\/wp\/v2\/posts\/341698","targetHints":{"allow":["GET"]}}],"collection":[{"href":"https:\/\/www.hashtag.al\/index.php\/wp-json\/wp\/v2\/posts"}],"about":[{"href":"https:\/\/www.hashtag.al\/index.php\/wp-json\/wp\/v2\/types\/post"}],"author":[{"embeddable":true,"href":"https:\/\/www.hashtag.al\/index.php\/wp-json\/wp\/v2\/users\/51"}],"replies":[{"embeddable":true,"href":"https:\/\/www.hashtag.al\/index.php\/wp-json\/wp\/v2\/comments?post=341698"}],"version-history":[{"count":0,"href":"https:\/\/www.hashtag.al\/index.php\/wp-json\/wp\/v2\/posts\/341698\/revisions"}],"wp:featuredmedia":[{"embeddable":true,"href":"https:\/\/www.hashtag.al\/index.php\/wp-json\/wp\/v2\/media\/338293"}],"wp:attachment":[{"href":"https:\/\/www.hashtag.al\/index.php\/wp-json\/wp\/v2\/media?parent=341698"}],"wp:term":[{"taxonomy":"category","embeddable":true,"href":"https:\/\/www.hashtag.al\/index.php\/wp-json\/wp\/v2\/categories?post=341698"},{"taxonomy":"post_tag","embeddable":true,"href":"https:\/\/www.hashtag.al\/index.php\/wp-json\/wp\/v2\/tags?post=341698"}],"curies":[{"name":"wp","href":"https:\/\/api.w.org\/{rel}","templated":true}]}}