{"id":341629,"date":"2019-12-17T11:01:04","date_gmt":"2019-12-17T10:01:04","guid":{"rendered":"https:\/\/hashtag.al\/?p=341629"},"modified":"2019-12-17T11:02:39","modified_gmt":"2019-12-17T10:02:39","slug":"e-quajti-shitese-ministri-estonez-i-kerkon-falje-kryeministres-se-finlandes","status":"publish","type":"post","link":"https:\/\/www.hashtag.al\/index.php\/2019\/12\/17\/e-quajti-shitese-ministri-estonez-i-kerkon-falje-kryeministres-se-finlandes\/","title":{"rendered":"E quajti shit\u00ebse, ministri estonez i k\u00ebrkon falje kryeministres s\u00eb Finland\u00ebs","gt_translate_keys":[{"key":"rendered","format":"text"}]},"content":{"rendered":"<p><a href=\"https:\/\/hashtag.al\/wp-content\/uploads\/2019\/12\/Marin.jpg\"><img loading=\"lazy\" decoding=\"async\" class=\"aligncenter size-full wp-image-341631\" src=\"https:\/\/hashtag.al\/wp-content\/uploads\/2019\/12\/Marin.jpg\" alt=\"\" width=\"660\" height=\"371\" srcset=\"https:\/\/www.hashtag.al\/wp-content\/uploads\/2019\/12\/Marin.jpg 660w, https:\/\/www.hashtag.al\/wp-content\/uploads\/2019\/12\/Marin-300x169.jpg 300w\" sizes=\"auto, (max-width: 660px) 100vw, 660px\" \/><\/a><\/p>\n<p><span style=\"color: #000000;\">Presidentja e Estonis\u00eb ka k\u00ebrkuar falje pasi ministri i brendsh\u00ebm i vendit t\u00eb tij e quajti kryeministren e re t\u00eb Finland\u00ebs si &#8220;nj\u00eb shit\u00ebse&#8221;.<\/span><\/p>\n<p><span style=\"color: #000000;\">Presidentja Kersti Kaljulaid tha se ajo ishte e &#8220;turp\u00ebruar&#8221; nga komentet e Mart Helme, 70 vje\u00e7, i cili drejton partin\u00eb populiste t\u00eb ekstremit t\u00eb djatht\u00eb Ekre.<\/span><\/p>\n<p><span style=\"color: #000000;\">Kryeministrja finlandeze Sanna Marin, \u00ebsht\u00eb kryeministrja aktuale m\u00eb e re n\u00eb bot\u00eb, n\u00eb mosh\u00ebn 34 vje\u00e7e. Ajo kryeson nj\u00eb koalicion t\u00eb qendr\u00ebs s\u00eb majt\u00eb me kat\u00ebr parti t\u00eb tjera, t\u00eb gjitha t\u00eb udh\u00ebhequra gjithashtu nga gra.<\/span><\/p>\n<p><span style=\"color: #000000;\">Si\u00e7 shkruan <span style=\"color: #0000ff;\"><a style=\"color: #0000ff;\" href=\"https:\/\/www.bbc.com\/news\/world-europe-50818032\">BBC<\/a><\/span>, kur ajo u zgjodh n\u00eb k\u00ebt\u00eb post, ministri estonez Helme e komentoi at\u00eb gjat\u00eb nj\u00eb fjalimi.<\/span><\/p>\n<p><span style=\"color: #000000;\"><em>&#8220;Tani ne shohim se si nj\u00eb vajz\u00eb shit\u00ebse \u00ebsht\u00eb b\u00ebr\u00eb kryeministre dhe si disa aktivist\u00eb t\u00eb tjer\u00eb t\u00eb rrug\u00ebs dhe njer\u00ebz jo t\u00eb arsimuar jan\u00eb bashkuar gjithashtu n\u00eb kabinet&#8221;<\/em>&#8211; tha Helme.<\/span><\/p>\n<p><span style=\"color: #000000;\">Zonja Marin ka punuar si asistente shitjesh para se t\u00eb shkonte n\u00eb universitet dhe t\u00eb fillonte nj\u00eb karrier\u00eb politike. Ajo ishte personi i par\u00eb n\u00eb familjen e saj q\u00eb mbaroi shkoll\u00ebn e mesme dhe shkoi n\u00eb universitet.<\/span><\/p>\n<p><span style=\"color: #000000;\">Helme tha q\u00eb komentet e tij ishin keqkuptuar dhe i k\u00ebrkoi ndjes\u00eb zonj\u00ebs Marin.<\/span><\/p>\n<p><span style=\"color: #000000;\">Ai tha se kishte p\u00ebr q\u00ebllim t\u00eb <em>&#8220;pranoj\u00eb se \u00ebsht\u00eb e mundur t\u00eb arrish vet\u00eb p\u00ebrmes pun\u00ebs nga nj\u00eb nivel i ul\u00ebt shoq\u00ebror n\u00eb politik\u00eb t\u00eb lart\u00eb&#8221;.<\/em><\/span><\/p>\n<p><span style=\"color: #000000;\"><em>&#8220;N\u00ebse dikush e ka keqkuptuar&#8230; at\u00ebher\u00eb me t\u00eb v\u00ebrtet\u00eb dua t\u00eb them q\u00eb po i k\u00ebrkoj falje kryeministres s\u00eb Finland\u00ebs&#8221;<\/em>&#8211; tha Helme.<\/span><\/p>\n<p><a href=\"https:\/\/hashtag.al\/wp-content\/uploads\/2019\/12\/helme.jpg\"><img loading=\"lazy\" decoding=\"async\" class=\"aligncenter size-full wp-image-341630\" src=\"https:\/\/hashtag.al\/wp-content\/uploads\/2019\/12\/helme.jpg\" alt=\"\" width=\"624\" height=\"351\" srcset=\"https:\/\/www.hashtag.al\/wp-content\/uploads\/2019\/12\/helme.jpg 624w, https:\/\/www.hashtag.al\/wp-content\/uploads\/2019\/12\/helme-300x169.jpg 300w\" sizes=\"auto, (max-width: 624px) 100vw, 624px\" \/><\/a><\/p>\n","protected":false,"gt_translate_keys":[{"key":"rendered","format":"html"}]},"excerpt":{"rendered":"<p>Presidentja e Estonis\u00eb ka k\u00ebrkuar falje pasi ministri i brendsh\u00ebm i vendit t\u00eb tij e quajti kryeministren e re t\u00eb Finland\u00ebs si &#8220;nj\u00eb shit\u00ebse&#8221;. Presidentja Kersti Kaljulaid tha se ajo ishte e &#8220;turp\u00ebruar&#8221; nga komentet e Mart Helme, 70 vje\u00e7, i cili drejton partin\u00eb populiste t\u00eb ekstremit t\u00eb djatht\u00eb Ekre. Kryeministrja finlandeze Sanna Marin, \u00ebsht\u00eb [&hellip;]<\/p>\n","protected":false,"gt_translate_keys":[{"key":"rendered","format":"html"}]},"author":30,"featured_media":341632,"comment_status":"open","ping_status":"open","sticky":false,"template":"","format":"standard","meta":{"footnotes":""},"categories":[6],"tags":[],"class_list":["post-341629","post","type-post","status-publish","format-standard","has-post-thumbnail","hentry","category-nderkombetare"],"gt_translate_keys":[{"key":"link","format":"url"}],"_links":{"self":[{"href":"https:\/\/www.hashtag.al\/index.php\/wp-json\/wp\/v2\/posts\/341629","targetHints":{"allow":["GET"]}}],"collection":[{"href":"https:\/\/www.hashtag.al\/index.php\/wp-json\/wp\/v2\/posts"}],"about":[{"href":"https:\/\/www.hashtag.al\/index.php\/wp-json\/wp\/v2\/types\/post"}],"author":[{"embeddable":true,"href":"https:\/\/www.hashtag.al\/index.php\/wp-json\/wp\/v2\/users\/30"}],"replies":[{"embeddable":true,"href":"https:\/\/www.hashtag.al\/index.php\/wp-json\/wp\/v2\/comments?post=341629"}],"version-history":[{"count":0,"href":"https:\/\/www.hashtag.al\/index.php\/wp-json\/wp\/v2\/posts\/341629\/revisions"}],"wp:featuredmedia":[{"embeddable":true,"href":"https:\/\/www.hashtag.al\/index.php\/wp-json\/wp\/v2\/media\/341632"}],"wp:attachment":[{"href":"https:\/\/www.hashtag.al\/index.php\/wp-json\/wp\/v2\/media?parent=341629"}],"wp:term":[{"taxonomy":"category","embeddable":true,"href":"https:\/\/www.hashtag.al\/index.php\/wp-json\/wp\/v2\/categories?post=341629"},{"taxonomy":"post_tag","embeddable":true,"href":"https:\/\/www.hashtag.al\/index.php\/wp-json\/wp\/v2\/tags?post=341629"}],"curies":[{"name":"wp","href":"https:\/\/api.w.org\/{rel}","templated":true}]}}