{"id":341544,"date":"2019-12-16T22:21:28","date_gmt":"2019-12-16T21:21:28","guid":{"rendered":"https:\/\/hashtag.al\/?p=341544"},"modified":"2019-12-16T22:21:28","modified_gmt":"2019-12-16T21:21:28","slug":"tel-hekuri-per-gjuhen-e-medias","status":"publish","type":"post","link":"https:\/\/www.hashtag.al\/index.php\/2019\/12\/16\/tel-hekuri-per-gjuhen-e-medias\/","title":{"rendered":"Tel hekuri p\u00ebr gjuh\u00ebn e medias","gt_translate_keys":[{"key":"rendered","format":"text"}]},"content":{"rendered":"<p><img loading=\"lazy\" decoding=\"async\" class=\"alignleft wp-image-341545 size-medium\" src=\"https:\/\/hashtag.al\/wp-content\/uploads\/2019\/12\/zijacela-300x300.jpg\" alt=\"\" width=\"300\" height=\"300\" srcset=\"https:\/\/www.hashtag.al\/wp-content\/uploads\/2019\/12\/zijacela-300x300.jpg 300w, https:\/\/www.hashtag.al\/wp-content\/uploads\/2019\/12\/zijacela-150x150.jpg 150w, https:\/\/www.hashtag.al\/wp-content\/uploads\/2019\/12\/zijacela-120x120.jpg 120w, https:\/\/www.hashtag.al\/wp-content\/uploads\/2019\/12\/zijacela.jpg 556w\" sizes=\"auto, (max-width: 300px) 100vw, 300px\" \/><\/p>\n<p>&nbsp;<\/p>\n<p><em><strong>Nga Zija \u00c7ela<\/strong><\/em><\/p>\n<p><span style=\"color: #000000;\">Nj\u00ebzet e pes\u00eb vjet m\u00eb par\u00eb k\u00ebshtu e pata filluar nj\u00eb shkrim: \u201cUn\u00eb ndihem i lidhur me pranga, p\u00ebrderisa gazetar\u00ebt Aleksand\u00ebr Frangaj dhe Martin Leka mbahen n\u00eb burg. I takon pjes\u00ebs s\u00eb sh\u00ebndosh\u00eb t\u00eb shtetit t\u2019ia b\u00ebj\u00eb zap pjes\u00ebs tjet\u00ebr t\u00eb tij, asaj pjese q\u00eb ia \u00e7mojm\u00eb pun\u00ebt e mira, por q\u00eb her\u00eb pas here reflekton shpirtin e gardianit. Dhembja solidare kund\u00ebr \u00e7do padrejt\u00ebsie, kjo \u00ebsht\u00eb fuqia e v\u00ebrtet\u00eb q\u00eb ia hedh trut\u00eb n\u00eb er\u00eb shkrimtarit.\u201d (Gazeta Drita, 13 shkurt 1994)<\/span><\/p>\n<p><span style=\"color: #000000;\">Natyrisht at\u00ebher\u00eb ca m\u00eb tep\u00ebr, por edhe sot e k\u00ebsaj dite media vuan nga simptoma problematike. E meta kryesore m\u00eb duket humbja e aft\u00ebsis\u00eb p\u00ebr t\u2019u vet\u00ebsheruar, duke u vet\u00ebqeverisur me nomet e saj. E kjo do t\u00eb thot\u00eb se i mungon Kodi i Etik\u00ebs. Qysh nga mesi i viteve \u201890-t\u00eb, Piro Misha me pati dh\u00ebn\u00eb si redaktor librin e nj\u00eb autori t\u00eb huaj, t\u00eb respektuar nd\u00ebrkomb\u00ebtarisht. E aty zinte shum\u00eb vend Kodi i Etik\u00ebs. P\u00ebrse kjo vones\u00eb n\u00eb formulim e zbatim?!<\/span><\/p>\n<p><span style=\"color: #000000;\">Sidoqoft\u00eb, p\u00ebr hir t\u00eb s\u00eb v\u00ebrtet\u00ebs, ligji p\u00ebr mediat erdhi duke u liberalizuar, aq sa parlamenti i maxhoranc\u00ebs s\u00eb at\u00ebhershme e hoqi edhe nenin p\u00ebr shpifje. Tekefundit ishte pa vend ajo vjeg\u00eb, meq\u00eb ashtu si \u00e7do qytetar, edhe gazetar\u00ebt i n\u00ebnshtrohen barabar si Kodit Civil, si atij Penal.<\/span><\/p>\n<p><span style=\"color: #000000;\">N\u00eb k\u00ebto rrethana, nuk mund t\u00eb hesht as tani, kur jemi n\u00eb vigjiljen e miratimit t\u00eb nj\u00eb ligji k\u00ebrc\u00ebnues, i cili duke u mbrojtur me elemente t\u00eb censur\u00ebs, kufizon n\u00eb m\u00ebnyr\u00eb t\u00eb frikshme Lirin\u00eb e Medias dhe fjal\u00ebn e lir\u00eb, si nj\u00eb nga T\u00eb Drejtat e Njeriut. Por si mund t\u00eb shprehem sot? Un\u00eb ndihem n\u00eb kund\u00ebrshtim me Parlamentin ton\u00eb monist, p\u00ebrderisa synon nj\u00eb ligj autokratik q\u00eb sjell d\u00ebnime t\u00eb legalizuara.<\/span><\/p>\n<p><span style=\"color: #000000;\">Sepse ka hekura me kllapa p\u00ebr duart, por ka edhe tel hekuri q\u00eb, n\u00eb m\u00ebnyr\u00eb rrufjane, u lidh gjuh\u00ebn pun\u00ebtor\u00ebve t\u00eb medias. E p\u00ebrse u dashka t\u00eb mbeten pa goje?! Apo q\u00eb t\u00eb mos d\u00ebgjohen klithmat, sa her\u00eb vihen n\u00eb mbrojtje t\u00eb interesit publik. E pra \u00ebsht\u00eb e turpshme kjo njoll\u00eb e ky kthim prapa p\u00ebr vendin, i cili kryeson OSBE-n\u00eb!<\/span><\/p>\n<p><span style=\"color: #000000;\">Sa p\u00ebr mua, ndoshta s\u2019m\u00eb mbetet tjet\u00ebr, ve\u00e7se dhembja solidare qe ia hedh trut\u00eb n\u00eb er\u00eb shkrimtarit. Me k\u00ebt\u00eb rast, ju kujtoj deputet\u00ebve se goja e lidhur \u00ebsht\u00eb shenj\u00eb e vdekjes. Prandaj mblidheni mendjen, zot\u00ebrinj t\u00eb vegj\u00ebl, mos b\u00ebni hajgare. Vendimi suprem i njihet vet\u00ebm nj\u00eb Supremi, atij t\u00eb plotfuqishmit q\u00eb e quajm\u00eb i madhi Zot.<\/span><\/p>\n","protected":false,"gt_translate_keys":[{"key":"rendered","format":"html"}]},"excerpt":{"rendered":"<p>&nbsp; Nga Zija \u00c7ela Nj\u00ebzet e pes\u00eb vjet m\u00eb par\u00eb k\u00ebshtu e pata filluar nj\u00eb shkrim: \u201cUn\u00eb ndihem i lidhur me pranga, p\u00ebrderisa gazetar\u00ebt Aleksand\u00ebr Frangaj dhe Martin Leka mbahen n\u00eb burg. I takon pjes\u00ebs s\u00eb sh\u00ebndosh\u00eb t\u00eb shtetit t\u2019ia b\u00ebj\u00eb zap pjes\u00ebs tjet\u00ebr t\u00eb tij, asaj pjese q\u00eb ia \u00e7mojm\u00eb pun\u00ebt e mira, por [&hellip;]<\/p>\n","protected":false,"gt_translate_keys":[{"key":"rendered","format":"html"}]},"author":32,"featured_media":341545,"comment_status":"open","ping_status":"open","sticky":false,"template":"","format":"standard","meta":{"footnotes":""},"categories":[20,13],"tags":[],"class_list":["post-341544","post","type-post","status-publish","format-standard","has-post-thumbnail","hentry","category-blog","category-te-fundit"],"gt_translate_keys":[{"key":"link","format":"url"}],"_links":{"self":[{"href":"https:\/\/www.hashtag.al\/index.php\/wp-json\/wp\/v2\/posts\/341544","targetHints":{"allow":["GET"]}}],"collection":[{"href":"https:\/\/www.hashtag.al\/index.php\/wp-json\/wp\/v2\/posts"}],"about":[{"href":"https:\/\/www.hashtag.al\/index.php\/wp-json\/wp\/v2\/types\/post"}],"author":[{"embeddable":true,"href":"https:\/\/www.hashtag.al\/index.php\/wp-json\/wp\/v2\/users\/32"}],"replies":[{"embeddable":true,"href":"https:\/\/www.hashtag.al\/index.php\/wp-json\/wp\/v2\/comments?post=341544"}],"version-history":[{"count":0,"href":"https:\/\/www.hashtag.al\/index.php\/wp-json\/wp\/v2\/posts\/341544\/revisions"}],"wp:featuredmedia":[{"embeddable":true,"href":"https:\/\/www.hashtag.al\/index.php\/wp-json\/wp\/v2\/media\/341545"}],"wp:attachment":[{"href":"https:\/\/www.hashtag.al\/index.php\/wp-json\/wp\/v2\/media?parent=341544"}],"wp:term":[{"taxonomy":"category","embeddable":true,"href":"https:\/\/www.hashtag.al\/index.php\/wp-json\/wp\/v2\/categories?post=341544"},{"taxonomy":"post_tag","embeddable":true,"href":"https:\/\/www.hashtag.al\/index.php\/wp-json\/wp\/v2\/tags?post=341544"}],"curies":[{"name":"wp","href":"https:\/\/api.w.org\/{rel}","templated":true}]}}