{"id":341075,"date":"2019-12-14T22:05:24","date_gmt":"2019-12-14T21:05:24","guid":{"rendered":"https:\/\/hashtag.al\/?p=341075"},"modified":"2019-12-14T21:51:30","modified_gmt":"2019-12-14T20:51:30","slug":"do-i-pergjigjemi-cdo-sanksioni-nga-shba-ja-ministri-i-jashtem-i-turqise","status":"publish","type":"post","link":"https:\/\/www.hashtag.al\/index.php\/2019\/12\/14\/do-i-pergjigjemi-cdo-sanksioni-nga-shba-ja-ministri-i-jashtem-i-turqise\/","title":{"rendered":"&#8220;Do i p\u00ebrgjigjemi \u00e7do sanksioni nga SHBA-ja&#8221; &#8211; Ministri i Jasht\u00ebm i Turqis\u00eb","gt_translate_keys":[{"key":"rendered","format":"text"}]},"content":{"rendered":"<p><img loading=\"lazy\" decoding=\"async\" class=\"aligncenter size-full wp-image-341076\" src=\"https:\/\/hashtag.al\/wp-content\/uploads\/2019\/12\/mevlut-cavusoglu.jpg\" alt=\"\" width=\"864\" height=\"486\" srcset=\"https:\/\/www.hashtag.al\/wp-content\/uploads\/2019\/12\/mevlut-cavusoglu.jpg 864w, https:\/\/www.hashtag.al\/wp-content\/uploads\/2019\/12\/mevlut-cavusoglu-300x169.jpg 300w, https:\/\/www.hashtag.al\/wp-content\/uploads\/2019\/12\/mevlut-cavusoglu-768x432.jpg 768w\" sizes=\"auto, (max-width: 864px) 100vw, 864px\" \/><\/p>\n<p><span style=\"color: #000000;\">Turqia do t&#8217;i p\u00ebrgjigjet \u00e7do sanksioni t\u00eb vendosur nga SHBA-ja, tha t\u00eb shtun\u00ebn ministri i Jasht\u00ebm turk.<\/span><\/p>\n<p><span style=\"color: #000000;\"><em>\u2018N\u00ebse zbatohen sanksione, Turqia do t\u00eb duhet t\u00eb p\u00ebrgjigjet. Ne jemi duke u p\u00ebrpjekur ta kap\u00ebrcejm\u00eb k\u00ebt\u00eb \u00e7\u00ebshtje pa sanksione dhe p\u00ebrmes dialogut dhe mir\u00ebkuptimit t\u00eb nd\u00ebrsjell\u00eb,\u2019<\/em> tha Mevlut Cavusoglu n\u00eb Forumin e 19-t\u00eb t\u00eb Doh\u00ebs t\u00eb mbajtur n\u00eb kryeqytetin e Katarit.<\/span><\/p>\n<p><span style=\"color: #000000;\">Duke folur p\u00ebr nj\u00eb rezolut\u00eb t\u00eb miratuar n\u00eb Senatin e SHBA-s\u00eb q\u00eb e njeh si genocid at\u00eb q\u00eb ka ndodhur ndaj armen\u00ebve mbi ngjarjet e vitit 1915, Cavusoglu p\u00ebrs\u00ebriti se politikan\u00ebt me njohuri t\u00eb kufizuar historike nuk duhet t\u00eb gjykojn\u00eb historin\u00eb.<\/span><\/p>\n<p><span style=\"color: #000000;\"><em>\u2018Senati e miratoi k\u00ebt\u00eb rezolut\u00eb p\u00ebr shkak t\u00eb zhg\u00ebnjimit t\u00eb tyre p\u00ebr operacionin e Turqis\u00eb n\u00eb veri t\u00eb Siris\u00eb dhe p\u00ebr shkak t\u00eb lobeve armene dhe t\u00eb tjera q\u00eb i mb\u00ebshtesin ata,\u2019<\/em> tha ai.<\/span><\/p>\n","protected":false,"gt_translate_keys":[{"key":"rendered","format":"html"}]},"excerpt":{"rendered":"<p>Turqia do t&#8217;i p\u00ebrgjigjet \u00e7do sanksioni t\u00eb vendosur nga SHBA-ja, tha t\u00eb shtun\u00ebn ministri i Jasht\u00ebm turk. \u2018N\u00ebse zbatohen sanksione, Turqia do t\u00eb duhet t\u00eb p\u00ebrgjigjet. Ne jemi duke u p\u00ebrpjekur ta kap\u00ebrcejm\u00eb k\u00ebt\u00eb \u00e7\u00ebshtje pa sanksione dhe p\u00ebrmes dialogut dhe mir\u00ebkuptimit t\u00eb nd\u00ebrsjell\u00eb,\u2019 tha Mevlut Cavusoglu n\u00eb Forumin e 19-t\u00eb t\u00eb Doh\u00ebs t\u00eb mbajtur [&hellip;]<\/p>\n","protected":false,"gt_translate_keys":[{"key":"rendered","format":"html"}]},"author":51,"featured_media":341076,"comment_status":"open","ping_status":"open","sticky":false,"template":"","format":"standard","meta":{"footnotes":""},"categories":[149,6],"tags":[],"class_list":["post-341075","post","type-post","status-publish","format-standard","has-post-thumbnail","hentry","category-kosoverajon","category-nderkombetare"],"gt_translate_keys":[{"key":"link","format":"url"}],"_links":{"self":[{"href":"https:\/\/www.hashtag.al\/index.php\/wp-json\/wp\/v2\/posts\/341075","targetHints":{"allow":["GET"]}}],"collection":[{"href":"https:\/\/www.hashtag.al\/index.php\/wp-json\/wp\/v2\/posts"}],"about":[{"href":"https:\/\/www.hashtag.al\/index.php\/wp-json\/wp\/v2\/types\/post"}],"author":[{"embeddable":true,"href":"https:\/\/www.hashtag.al\/index.php\/wp-json\/wp\/v2\/users\/51"}],"replies":[{"embeddable":true,"href":"https:\/\/www.hashtag.al\/index.php\/wp-json\/wp\/v2\/comments?post=341075"}],"version-history":[{"count":0,"href":"https:\/\/www.hashtag.al\/index.php\/wp-json\/wp\/v2\/posts\/341075\/revisions"}],"wp:featuredmedia":[{"embeddable":true,"href":"https:\/\/www.hashtag.al\/index.php\/wp-json\/wp\/v2\/media\/341076"}],"wp:attachment":[{"href":"https:\/\/www.hashtag.al\/index.php\/wp-json\/wp\/v2\/media?parent=341075"}],"wp:term":[{"taxonomy":"category","embeddable":true,"href":"https:\/\/www.hashtag.al\/index.php\/wp-json\/wp\/v2\/categories?post=341075"},{"taxonomy":"post_tag","embeddable":true,"href":"https:\/\/www.hashtag.al\/index.php\/wp-json\/wp\/v2\/tags?post=341075"}],"curies":[{"name":"wp","href":"https:\/\/api.w.org\/{rel}","templated":true}]}}