{"id":341072,"date":"2019-12-14T21:45:24","date_gmt":"2019-12-14T20:45:24","guid":{"rendered":"https:\/\/hashtag.al\/?p=341072"},"modified":"2019-12-14T21:39:48","modified_gmt":"2019-12-14T20:39:48","slug":"je-pergjegjes-direkt-per-24-viktimat-ne-pallatet-e-thumanes-pd-i-pergjigjet-rames","status":"publish","type":"post","link":"https:\/\/www.hashtag.al\/index.php\/2019\/12\/14\/je-pergjegjes-direkt-per-24-viktimat-ne-pallatet-e-thumanes-pd-i-pergjigjet-rames\/","title":{"rendered":"&#8220;Je p\u00ebrgjegj\u00ebs direkt p\u00ebr 24 viktimat n\u00eb pallatet e Thuman\u00ebs&#8221; &#8211; PD i p\u00ebrgjigjet Ram\u00ebs","gt_translate_keys":[{"key":"rendered","format":"text"}]},"content":{"rendered":"<p><img loading=\"lazy\" decoding=\"async\" class=\"aligncenter size-full wp-image-341073\" src=\"https:\/\/hashtag.al\/wp-content\/uploads\/2019\/12\/thumanepallati.jpg\" alt=\"\" width=\"960\" height=\"606\" srcset=\"https:\/\/www.hashtag.al\/wp-content\/uploads\/2019\/12\/thumanepallati.jpg 960w, https:\/\/www.hashtag.al\/wp-content\/uploads\/2019\/12\/thumanepallati-300x189.jpg 300w, https:\/\/www.hashtag.al\/wp-content\/uploads\/2019\/12\/thumanepallati-768x485.jpg 768w\" sizes=\"auto, (max-width: 960px) 100vw, 960px\" \/><\/p>\n<p><span style=\"color: #000000;\">Partia Demokratike i \u00ebsht\u00eb p\u00ebrgjigjur kryeministrit Rama pas videomesazhit t\u00eb tij. <\/span><\/p>\n<p><span style=\"color: #000000;\">Sekretari i P\u00ebrgjithsh\u00ebm i PD-s\u00eb, Bardhi, n\u00eb nj\u00eb reagim thot\u00eb se Rama vijon t\u00eb b\u00ebj\u00eb spektak\u00ebl mbi tragjedin\u00eb e 26 n\u00ebntorit duke u provuar qytetar\u00ebve n\u00eb k\u00ebto tre jav\u00eb se drejtohen nga nj\u00eb kryeminist\u00ebr i d\u00ebshtuar. <\/span><\/p>\n<p><span style=\"color: #000000;\">Bardhi thekson se Rama mbron paturp\u00ebsisht 150 milion\u00eb dollar\u00ebt q\u00eb u ka dh\u00ebn\u00eb oligark\u00ebve p\u00ebr koncesionet korruptive.<\/span><\/p>\n<p><span style=\"color: #000000;\"><em>\u2018Edi Rama vazhdon t\u00eb b\u00ebj\u00eb sho\u00eb mbi tragjedin\u00eb e 26 N\u00ebntorit, duke u p\u00ebrpjekur t\u00eb mbuloj\u00eb paaft\u00ebsin\u00eb, pap\u00ebrgjegjshm\u00ebrin\u00eb dhe abuzimin e qeveris\u00eb s\u00eb tij me propagand\u00eb t\u00eb sh\u00ebmtuar kund\u00ebr opozit\u00ebs.<\/em><\/span><\/p>\n<p><span style=\"color: #000000;\"><em>P\u00ebr fatin e keq t\u00eb Shqip\u00ebris\u00eb dhe qytetar\u00ebve t\u00eb prekur nga t\u00ebrmeti, k\u00ebto 3 jav\u00eb provuan se vendi drejtohet nga nj\u00eb kryeminist\u00ebr i d\u00ebshtuar. Edi Rama d\u00ebshtoi t\u00eb menaxhoj\u00eb situat\u00ebn pas t\u00ebrmetit, d\u00ebshtoi t\u2019u jap\u00eb qytetar\u00ebve sigurin\u00eb p\u00ebr banesat e tyre, d\u00ebshtoi t\u00eb mbroj\u00eb interesin publik, duke mbrojtur paturp\u00ebsisht 150 milion\u00eb dollar\u00eb q\u00eb u jep oligark\u00ebve p\u00ebr koncesionet korruptive t\u00eb firmosura prej qeveris\u00eb se tij.\u2019<\/em> &#8211; shkruan Bardhi.<\/span><\/p>\n<p><span style=\"color: #000000;\">M\u00eb tej ai thekson se kryeministri Rama \u00ebsht\u00eb p\u00ebrgjegj\u00ebs direkt p\u00ebr vdekjen e 24 personave q\u00eb humb\u00ebn jet\u00ebn n\u00eb pallatet e rr\u00ebzuara n\u00eb Thuman\u00eb. <\/span><\/p>\n<p><span style=\"color: #000000;\">Bardhi shkruan gjithashtu se Rama e ka t\u00eb lidhur fatin me Vangjush Dakon e Arben Ahmetajn, nd\u00ebrsa opozita nuk p\u00ebrfitoi politikisht nga tragjedia.<\/span><\/p>\n<p><span style=\"color: #000000;\"><em>\u2018D\u00ebshmi e d\u00ebshtimit t\u00eb Edi Ram\u00ebs \u00ebsht\u00eb edhe p\u00ebrgjegj\u00ebsia direkte p\u00ebr vdekjen e 24 qytetar\u00ebve n\u00eb pallatet e shpallura t\u00eb pabanueshme n\u00eb Thuman\u00eb pas t\u00ebrmetit t\u00eb 21 Shatorit, p\u00ebr t\u00eb cil\u00ebt nuk mori asnj\u00eb mas\u00eb p\u00ebr ti strehuar, duke i l\u00ebn\u00eb n\u00eb m\u00ebshir\u00ebn e fatit. D\u00ebshtimi m\u00eb i madh i Edi Ram\u00ebs \u00ebsht\u00eb se nuk shnd\u00ebrroi dot Partin\u00eb Demokratike dhe opozit\u00ebn n\u00eb fasad\u00ebn e pushtetit t\u00eb tij t\u00eb korruptuar dhe t\u00eb kriminalizuar. Ai e ka t\u00eb lidhur fatin me Vangjush Dakon dhe Arben Ahmetajn, nd\u00ebrsa ne me qytetar\u00ebt shqiptar\u00eb. N\u00eb k\u00ebt\u00eb koh\u00eb fatkeq\u00ebsie, shqiptar\u00ebt kan\u00eb par\u00eb se e vetmja forc\u00eb e p\u00ebrgjegjshme, q\u00eb ka ngritur z\u00ebrin p\u00ebr interesin e tyre \u00ebsht\u00eb opozita. Ne nuk p\u00ebrfituam politikisht nga tragjedia, ne nuk u tall\u00ebm me viktimat dhe as nuk i p\u00ebrdor\u00ebm t\u00eb prekurit nga t\u00ebrmeti, si\u00e7 po p\u00ebrpiqet prej dit\u00ebs s\u00eb par\u00eb, Edi Rama, i cili shpiku edhe fejes\u00ebn e t\u00eb birit p\u00ebr t\u2019u viktimizuar para shqiptar\u00ebve q\u00eb ia kan\u00eb hequr viz\u00ebn me koh\u00eb.\u2019<\/em> &#8211; mbyll Bardhi.<\/span><\/p>\n","protected":false,"gt_translate_keys":[{"key":"rendered","format":"html"}]},"excerpt":{"rendered":"<p>Partia Demokratike i \u00ebsht\u00eb p\u00ebrgjigjur kryeministrit Rama pas videomesazhit t\u00eb tij. Sekretari i P\u00ebrgjithsh\u00ebm i PD-s\u00eb, Bardhi, n\u00eb nj\u00eb reagim thot\u00eb se Rama vijon t\u00eb b\u00ebj\u00eb spektak\u00ebl mbi tragjedin\u00eb e 26 n\u00ebntorit duke u provuar qytetar\u00ebve n\u00eb k\u00ebto tre jav\u00eb se drejtohen nga nj\u00eb kryeminist\u00ebr i d\u00ebshtuar. Bardhi thekson se Rama mbron paturp\u00ebsisht 150 milion\u00eb [&hellip;]<\/p>\n","protected":false,"gt_translate_keys":[{"key":"rendered","format":"html"}]},"author":51,"featured_media":341073,"comment_status":"open","ping_status":"open","sticky":false,"template":"","format":"standard","meta":{"footnotes":""},"categories":[65,13],"tags":[],"class_list":["post-341072","post","type-post","status-publish","format-standard","has-post-thumbnail","hentry","category-lajme","category-te-fundit"],"gt_translate_keys":[{"key":"link","format":"url"}],"_links":{"self":[{"href":"https:\/\/www.hashtag.al\/index.php\/wp-json\/wp\/v2\/posts\/341072","targetHints":{"allow":["GET"]}}],"collection":[{"href":"https:\/\/www.hashtag.al\/index.php\/wp-json\/wp\/v2\/posts"}],"about":[{"href":"https:\/\/www.hashtag.al\/index.php\/wp-json\/wp\/v2\/types\/post"}],"author":[{"embeddable":true,"href":"https:\/\/www.hashtag.al\/index.php\/wp-json\/wp\/v2\/users\/51"}],"replies":[{"embeddable":true,"href":"https:\/\/www.hashtag.al\/index.php\/wp-json\/wp\/v2\/comments?post=341072"}],"version-history":[{"count":0,"href":"https:\/\/www.hashtag.al\/index.php\/wp-json\/wp\/v2\/posts\/341072\/revisions"}],"wp:featuredmedia":[{"embeddable":true,"href":"https:\/\/www.hashtag.al\/index.php\/wp-json\/wp\/v2\/media\/341073"}],"wp:attachment":[{"href":"https:\/\/www.hashtag.al\/index.php\/wp-json\/wp\/v2\/media?parent=341072"}],"wp:term":[{"taxonomy":"category","embeddable":true,"href":"https:\/\/www.hashtag.al\/index.php\/wp-json\/wp\/v2\/categories?post=341072"},{"taxonomy":"post_tag","embeddable":true,"href":"https:\/\/www.hashtag.al\/index.php\/wp-json\/wp\/v2\/tags?post=341072"}],"curies":[{"name":"wp","href":"https:\/\/api.w.org\/{rel}","templated":true}]}}