{"id":340382,"date":"2019-12-11T19:58:21","date_gmt":"2019-12-11T18:58:21","guid":{"rendered":"https:\/\/hashtag.al\/?p=340382"},"modified":"2019-12-11T19:58:21","modified_gmt":"2019-12-11T18:58:21","slug":"perfundon-pa-marreveshje-takimi-i-radhes-mes-mustafes-dhe-kurtit","status":"publish","type":"post","link":"https:\/\/www.hashtag.al\/index.php\/2019\/12\/11\/perfundon-pa-marreveshje-takimi-i-radhes-mes-mustafes-dhe-kurtit\/","title":{"rendered":"P\u00ebrfundon pa marr\u00ebveshje takimi i radh\u00ebs mes Mustaf\u00ebs dhe Kurtit","gt_translate_keys":[{"key":"rendered","format":"text"}]},"content":{"rendered":"<p><img loading=\"lazy\" decoding=\"async\" class=\"aligncenter size-full wp-image-340383\" src=\"https:\/\/hashtag.al\/wp-content\/uploads\/2019\/12\/kurti-mustafa-11-dhjetor.jpg\" alt=\"\" width=\"600\" height=\"360\" srcset=\"https:\/\/www.hashtag.al\/wp-content\/uploads\/2019\/12\/kurti-mustafa-11-dhjetor.jpg 600w, https:\/\/www.hashtag.al\/wp-content\/uploads\/2019\/12\/kurti-mustafa-11-dhjetor-300x180.jpg 300w\" sizes=\"auto, (max-width: 600px) 100vw, 600px\" \/><\/p>\n<p><span style=\"color: #000000;\">Z\u00ebdh\u00ebn\u00ebsi i LDK-s\u00eb, Besian Mustafa, ka njoftuar mediat se ka p\u00ebrfunduar takimi mes liderit t\u00eb Vet\u00ebvendosjes, Albin Kurtit dhe atij t\u00eb LDK-s\u00eb, Isa Mustaf\u00ebs. As pas k\u00ebtij takimi nuk \u00ebsht\u00eb arritur ndonj\u00eb marr\u00ebveshje mes dy subjekteve q\u00eb po bisedojn\u00eb p\u00ebr formim t\u00eb Qeveris\u00eb.<\/span><\/p>\n<p><span style=\"color: #000000;\">Mustafa tha vet\u00ebm se lider\u00ebt jan\u00eb pajtuar q\u00eb t\u00eb shpeshtojn\u00eb takimet, pa treguar se cilat jan\u00eb mosmarr\u00ebveshjet q\u00eb edhe m\u00eb tutje po pengojn\u00eb formimin e koalicionit.<\/span><\/p>\n<p><span style=\"color: #000000;\">\u201cTakimi n\u00eb mes dy lider\u00ebve q\u00eb ka filluar n\u00eb or\u00ebn 17:00 tanim\u00eb ka p\u00ebrfunduar. T\u00eb dy lider\u00ebt jan\u00eb pajtuar p\u00ebr intensifikim t\u00eb takime deri n\u00eb arritjen e marr\u00ebveshjes p\u00ebr formimin e Qeveris\u00eb\u201d, tha Mustafa, transmeton Express.<\/span><\/p>\n<p><span style=\"color: #000000;\">Nd\u00ebrkaq edhe Vet\u00ebvendosje ka dal\u00eb me nj\u00eb njoftim t\u00eb shkurt\u00ebr, ku thot\u00eb se Mustafa e Kurti u mor\u00ebn vesh p\u00ebr intensifikim takimesh, p\u00ebr \u00e7do dit\u00eb.<\/span><\/p>\n<p><span style=\"color: #000000;\">\u201cKryetari Kurti u takua sot n\u00eb Kuvendin e Kosov\u00ebs me kryetarin Mustafa. Ata do t\u2019i vazhdojn\u00eb dhe intensifikojn\u00eb takimet pothuajse p\u00ebr \u00e7do dit\u00eb deri n\u00eb arritjen e marr\u00ebveshjes\u201d, thuhet n\u00eb njoftimin e VV-s\u00eb.<\/span><\/p>\n","protected":false,"gt_translate_keys":[{"key":"rendered","format":"html"}]},"excerpt":{"rendered":"<p>Z\u00ebdh\u00ebn\u00ebsi i LDK-s\u00eb, Besian Mustafa, ka njoftuar mediat se ka p\u00ebrfunduar takimi mes liderit t\u00eb Vet\u00ebvendosjes, Albin Kurtit dhe atij t\u00eb LDK-s\u00eb, Isa Mustaf\u00ebs. As pas k\u00ebtij takimi nuk \u00ebsht\u00eb arritur ndonj\u00eb marr\u00ebveshje mes dy subjekteve q\u00eb po bisedojn\u00eb p\u00ebr formim t\u00eb Qeveris\u00eb. Mustafa tha vet\u00ebm se lider\u00ebt jan\u00eb pajtuar q\u00eb t\u00eb shpeshtojn\u00eb takimet, pa [&hellip;]<\/p>\n","protected":false,"gt_translate_keys":[{"key":"rendered","format":"html"}]},"author":32,"featured_media":340383,"comment_status":"open","ping_status":"open","sticky":false,"template":"","format":"standard","meta":{"footnotes":""},"categories":[149,13],"tags":[],"class_list":["post-340382","post","type-post","status-publish","format-standard","has-post-thumbnail","hentry","category-kosoverajon","category-te-fundit"],"gt_translate_keys":[{"key":"link","format":"url"}],"_links":{"self":[{"href":"https:\/\/www.hashtag.al\/index.php\/wp-json\/wp\/v2\/posts\/340382","targetHints":{"allow":["GET"]}}],"collection":[{"href":"https:\/\/www.hashtag.al\/index.php\/wp-json\/wp\/v2\/posts"}],"about":[{"href":"https:\/\/www.hashtag.al\/index.php\/wp-json\/wp\/v2\/types\/post"}],"author":[{"embeddable":true,"href":"https:\/\/www.hashtag.al\/index.php\/wp-json\/wp\/v2\/users\/32"}],"replies":[{"embeddable":true,"href":"https:\/\/www.hashtag.al\/index.php\/wp-json\/wp\/v2\/comments?post=340382"}],"version-history":[{"count":0,"href":"https:\/\/www.hashtag.al\/index.php\/wp-json\/wp\/v2\/posts\/340382\/revisions"}],"wp:featuredmedia":[{"embeddable":true,"href":"https:\/\/www.hashtag.al\/index.php\/wp-json\/wp\/v2\/media\/340383"}],"wp:attachment":[{"href":"https:\/\/www.hashtag.al\/index.php\/wp-json\/wp\/v2\/media?parent=340382"}],"wp:term":[{"taxonomy":"category","embeddable":true,"href":"https:\/\/www.hashtag.al\/index.php\/wp-json\/wp\/v2\/categories?post=340382"},{"taxonomy":"post_tag","embeddable":true,"href":"https:\/\/www.hashtag.al\/index.php\/wp-json\/wp\/v2\/tags?post=340382"}],"curies":[{"name":"wp","href":"https:\/\/api.w.org\/{rel}","templated":true}]}}