{"id":340371,"date":"2019-12-11T18:45:02","date_gmt":"2019-12-11T17:45:02","guid":{"rendered":"https:\/\/hashtag.al\/?p=340371"},"modified":"2019-12-11T18:47:46","modified_gmt":"2019-12-11T17:47:46","slug":"napoli-shkarkon-ancelotin-dhe-e-zevendeson-me-gattuson","status":"publish","type":"post","link":"https:\/\/www.hashtag.al\/index.php\/2019\/12\/11\/napoli-shkarkon-ancelotin-dhe-e-zevendeson-me-gattuson\/","title":{"rendered":"Napoli shkarkon Ancelotin dhe e z\u00ebvend\u00ebson me Gattuson","gt_translate_keys":[{"key":"rendered","format":"text"}]},"content":{"rendered":"<p><img loading=\"lazy\" decoding=\"async\" class=\"aligncenter size-full wp-image-340372\" src=\"https:\/\/hashtag.al\/wp-content\/uploads\/2019\/12\/anceloti-gatusso.jpg\" alt=\"\" width=\"643\" height=\"350\" srcset=\"https:\/\/www.hashtag.al\/wp-content\/uploads\/2019\/12\/anceloti-gatusso.jpg 643w, https:\/\/www.hashtag.al\/wp-content\/uploads\/2019\/12\/anceloti-gatusso-300x163.jpg 300w\" sizes=\"auto, (max-width: 643px) 100vw, 643px\" \/><\/p>\n<p><span style=\"color: #000000;\">Skuadra italiane njoftoi se ish-trajneri i Milanit e ka z\u00ebvend\u00ebsuar Carlo Ancelottin q\u00eb u shkarkuar mbr\u00ebm\u00eb.<\/span><\/p>\n<p><span style=\"color: #000000;\">Presidenti Aurelio de Laurentis i ka d\u00ebshiruar mir\u00ebseardhje Gattusos n\u00eb llogarin\u00eb e tij n\u00eb Twitter: \u201cMir\u00ebserdhe Rino!\u201d.<\/span><\/p>\n<p><span style=\"color: #000000;\">Derisa legjenda italiane ka th\u00ebn\u00eb se \u00ebsht\u00eb i gatsh\u00ebm q\u00eb ta drejtoj skuadr\u00ebn dhe nuk ka frik\u00eb nga asgj\u00eb.<\/span><\/p>\n<p><span style=\"color: #000000;\">\u201cNuk kam frik\u00eb nga asgj\u00eb. E di se do t\u00eb punoj me njer\u00ebz me p\u00ebrvoj\u00eb. Shpresoj q\u00eb marrim rezultate t\u00eb mira\u201d, ka th\u00ebn\u00eb Gattuso.<\/span><\/p>\n<p><span style=\"color: #000000;\">\u201cJam i gatsh\u00ebm q\u00eb t\u00eb jap 100 % dhe t\u00eb shp\u00ebrblej besimin e presidentit. Skuadra e di vet\u00ebn se ku \u00ebsht\u00eb dhe ne duhet t\u00eb punojm\u00eb shum\u00eb\u201d, ka shtuar m\u00eb tej ai.<\/span><\/p>\n<div class=\"SandboxRoot env-bp-350\" data-twitter-event-id=\"0\">\n<div id=\"twitter-widget-0\" class=\"EmbeddedTweet EmbeddedTweet--cta js-clickToOpenTarget\" lang=\"en\" data-click-to-open-target=\"https:\/\/twitter.com\/en_sscnapoli\/status\/1204809304957685760\" data-iframe-title=\"Twitter Tweet\" data-scribe=\"page:tweet\" data-twitter-event-id=\"1\">\n<div class=\"EmbeddedTweet-tweetContainer\">\n<div class=\"EmbeddedTweet-tweet\">\n<blockquote class=\"Tweet h-entry js-tweetIdInfo subject expanded\" cite=\"https:\/\/twitter.com\/en_sscnapoli\/status\/1204809304957685760\" data-tweet-id=\"1204809304957685760\" data-scribe=\"section:subject\">\n<div class=\"Tweet-header\"><\/div>\n<\/blockquote>\n<\/div>\n<\/div>\n<\/div>\n<\/div>\n","protected":false,"gt_translate_keys":[{"key":"rendered","format":"html"}]},"excerpt":{"rendered":"<p>Skuadra italiane njoftoi se ish-trajneri i Milanit e ka z\u00ebvend\u00ebsuar Carlo Ancelottin q\u00eb u shkarkuar mbr\u00ebm\u00eb. Presidenti Aurelio de Laurentis i ka d\u00ebshiruar mir\u00ebseardhje Gattusos n\u00eb llogarin\u00eb e tij n\u00eb Twitter: \u201cMir\u00ebserdhe Rino!\u201d. Derisa legjenda italiane ka th\u00ebn\u00eb se \u00ebsht\u00eb i gatsh\u00ebm q\u00eb ta drejtoj skuadr\u00ebn dhe nuk ka frik\u00eb nga asgj\u00eb. \u201cNuk kam frik\u00eb [&hellip;]<\/p>\n","protected":false,"gt_translate_keys":[{"key":"rendered","format":"html"}]},"author":32,"featured_media":340372,"comment_status":"open","ping_status":"open","sticky":false,"template":"","format":"standard","meta":{"footnotes":""},"categories":[134,13],"tags":[],"class_list":["post-340371","post","type-post","status-publish","format-standard","has-post-thumbnail","hentry","category-sport","category-te-fundit"],"gt_translate_keys":[{"key":"link","format":"url"}],"_links":{"self":[{"href":"https:\/\/www.hashtag.al\/index.php\/wp-json\/wp\/v2\/posts\/340371","targetHints":{"allow":["GET"]}}],"collection":[{"href":"https:\/\/www.hashtag.al\/index.php\/wp-json\/wp\/v2\/posts"}],"about":[{"href":"https:\/\/www.hashtag.al\/index.php\/wp-json\/wp\/v2\/types\/post"}],"author":[{"embeddable":true,"href":"https:\/\/www.hashtag.al\/index.php\/wp-json\/wp\/v2\/users\/32"}],"replies":[{"embeddable":true,"href":"https:\/\/www.hashtag.al\/index.php\/wp-json\/wp\/v2\/comments?post=340371"}],"version-history":[{"count":0,"href":"https:\/\/www.hashtag.al\/index.php\/wp-json\/wp\/v2\/posts\/340371\/revisions"}],"wp:featuredmedia":[{"embeddable":true,"href":"https:\/\/www.hashtag.al\/index.php\/wp-json\/wp\/v2\/media\/340372"}],"wp:attachment":[{"href":"https:\/\/www.hashtag.al\/index.php\/wp-json\/wp\/v2\/media?parent=340371"}],"wp:term":[{"taxonomy":"category","embeddable":true,"href":"https:\/\/www.hashtag.al\/index.php\/wp-json\/wp\/v2\/categories?post=340371"},{"taxonomy":"post_tag","embeddable":true,"href":"https:\/\/www.hashtag.al\/index.php\/wp-json\/wp\/v2\/tags?post=340371"}],"curies":[{"name":"wp","href":"https:\/\/api.w.org\/{rel}","templated":true}]}}