{"id":340288,"date":"2019-12-11T12:59:51","date_gmt":"2019-12-11T11:59:51","guid":{"rendered":"https:\/\/hashtag.al\/?p=340288"},"modified":"2019-12-11T12:59:51","modified_gmt":"2019-12-11T11:59:51","slug":"turqia-mund-te-ndaloje-shba-ne-qe-te-perdore-2-bazat-kryesore-ajrore-ne-vend","status":"publish","type":"post","link":"https:\/\/www.hashtag.al\/index.php\/2019\/12\/11\/turqia-mund-te-ndaloje-shba-ne-qe-te-perdore-2-bazat-kryesore-ajrore-ne-vend\/","title":{"rendered":"Turqia mund t\u00eb ndaloj\u00eb SHBA-n\u00eb q\u00eb t\u00eb p\u00ebrdor\u00eb 2 bazat kryesore ajrore n\u00eb vend","gt_translate_keys":[{"key":"rendered","format":"text"}]},"content":{"rendered":"<p><img loading=\"lazy\" decoding=\"async\" class=\"aligncenter size-full wp-image-340289\" src=\"https:\/\/hashtag.al\/wp-content\/uploads\/2019\/12\/pompeomevut.jpg\" alt=\"\" width=\"985\" height=\"548\" srcset=\"https:\/\/www.hashtag.al\/wp-content\/uploads\/2019\/12\/pompeomevut.jpg 985w, https:\/\/www.hashtag.al\/wp-content\/uploads\/2019\/12\/pompeomevut-300x167.jpg 300w, https:\/\/www.hashtag.al\/wp-content\/uploads\/2019\/12\/pompeomevut-768x427.jpg 768w\" sizes=\"auto, (max-width: 985px) 100vw, 985px\" \/><\/p>\n<p><span style=\"color: #000000;\">Ministri i Jasht\u00ebm i Turqis\u00eb, Mevlut Cavusoglu, tha t\u00eb m\u00ebrkur\u00ebn se Shtetet e Bashkuara mund t\u00eb ndalohen t\u00eb p\u00ebrdorin dy baza strategjike ajrore n\u00eb shenj\u00eb hakmarrjeje p\u00ebr sanksionet e mundshme t\u00eb SHBA-s\u00eb, njoftoi agjencia shtet\u00ebrore, \u2018Anadolu\u2019.<\/span><\/p>\n<p><span style=\"color: #000000;\">Komente erdh\u00ebn mes raporteve q\u00eb ligjv\u00ebn\u00ebsit amerikan\u00eb kishin r\u00ebn\u00eb dakord p\u00ebr nj\u00eb projektligj mbrojt\u00ebs, q\u00eb p\u00ebrfshin gjithashtu sanksione ndaj Turqis\u00eb lidhur me vendimin e saj p\u00ebr t\u00eb vijuar me blerjen dhe vendosjen e sistemeve ruse t\u00eb mbrojtjes raketore S-400, tha \u2018AP\u2019.<\/span><\/p>\n<p><span style=\"color: #000000;\"><em>\u2018N\u00eb rast t\u00eb nj\u00eb vendimi p\u00ebr t\u00eb sanksionuar Turqin\u00eb, bazat ajrore t\u00eb Incirlik dhe Kurecik mund t\u00eb jen\u00eb pjes\u00eb e rendit t\u00eb dit\u00ebs,\u2019<\/em> u citua Cavusoglu t\u00eb thoshte.<\/span><\/p>\n<p><span style=\"color: #000000;\"><em>\u2018An\u00ebtar\u00ebt e Kongresit duhet t\u00eb kuptojn\u00eb se nuk \u00ebsht\u00eb e mundur t\u00eb arrish askund me sanksione,\u2019<\/em> shtoi ai.<\/span><\/p>\n<p><span style=\"color: #000000;\">Baza Ajrore e Incirlik n\u00eb jug t\u00eb Turqis\u00eb ka qen\u00eb nj\u00eb baz\u00eb kryesore p\u00ebr operacionet amerikane n\u00eb Lindjen e Mesme dhe s\u00eb fundmi n\u00eb luft\u00ebn kund\u00ebr ISIS n\u00eb Siri dhe Irak. Kurecik, n\u00eb Turqin\u00eb lindore, \u00ebsht\u00eb nj\u00eb baz\u00eb kryesore e NATO-s.<\/span><\/p>\n","protected":false,"gt_translate_keys":[{"key":"rendered","format":"html"}]},"excerpt":{"rendered":"<p>Ministri i Jasht\u00ebm i Turqis\u00eb, Mevlut Cavusoglu, tha t\u00eb m\u00ebrkur\u00ebn se Shtetet e Bashkuara mund t\u00eb ndalohen t\u00eb p\u00ebrdorin dy baza strategjike ajrore n\u00eb shenj\u00eb hakmarrjeje p\u00ebr sanksionet e mundshme t\u00eb SHBA-s\u00eb, njoftoi agjencia shtet\u00ebrore, \u2018Anadolu\u2019. Komente erdh\u00ebn mes raporteve q\u00eb ligjv\u00ebn\u00ebsit amerikan\u00eb kishin r\u00ebn\u00eb dakord p\u00ebr nj\u00eb projektligj mbrojt\u00ebs, q\u00eb p\u00ebrfshin gjithashtu sanksione ndaj [&hellip;]<\/p>\n","protected":false,"gt_translate_keys":[{"key":"rendered","format":"html"}]},"author":51,"featured_media":340289,"comment_status":"open","ping_status":"open","sticky":false,"template":"","format":"standard","meta":{"footnotes":""},"categories":[149,6],"tags":[],"class_list":["post-340288","post","type-post","status-publish","format-standard","has-post-thumbnail","hentry","category-kosoverajon","category-nderkombetare"],"gt_translate_keys":[{"key":"link","format":"url"}],"_links":{"self":[{"href":"https:\/\/www.hashtag.al\/index.php\/wp-json\/wp\/v2\/posts\/340288","targetHints":{"allow":["GET"]}}],"collection":[{"href":"https:\/\/www.hashtag.al\/index.php\/wp-json\/wp\/v2\/posts"}],"about":[{"href":"https:\/\/www.hashtag.al\/index.php\/wp-json\/wp\/v2\/types\/post"}],"author":[{"embeddable":true,"href":"https:\/\/www.hashtag.al\/index.php\/wp-json\/wp\/v2\/users\/51"}],"replies":[{"embeddable":true,"href":"https:\/\/www.hashtag.al\/index.php\/wp-json\/wp\/v2\/comments?post=340288"}],"version-history":[{"count":0,"href":"https:\/\/www.hashtag.al\/index.php\/wp-json\/wp\/v2\/posts\/340288\/revisions"}],"wp:featuredmedia":[{"embeddable":true,"href":"https:\/\/www.hashtag.al\/index.php\/wp-json\/wp\/v2\/media\/340289"}],"wp:attachment":[{"href":"https:\/\/www.hashtag.al\/index.php\/wp-json\/wp\/v2\/media?parent=340288"}],"wp:term":[{"taxonomy":"category","embeddable":true,"href":"https:\/\/www.hashtag.al\/index.php\/wp-json\/wp\/v2\/categories?post=340288"},{"taxonomy":"post_tag","embeddable":true,"href":"https:\/\/www.hashtag.al\/index.php\/wp-json\/wp\/v2\/tags?post=340288"}],"curies":[{"name":"wp","href":"https:\/\/api.w.org\/{rel}","templated":true}]}}