{"id":340281,"date":"2019-12-11T12:44:12","date_gmt":"2019-12-11T11:44:12","guid":{"rendered":"https:\/\/hashtag.al\/?p=340281"},"modified":"2019-12-11T12:47:25","modified_gmt":"2019-12-11T11:47:25","slug":"rama-ofendon-qytetaren-sje-e-martuar-se-kush-te-afrohet-trembet","status":"publish","type":"post","link":"https:\/\/www.hashtag.al\/index.php\/2019\/12\/11\/rama-ofendon-qytetaren-sje-e-martuar-se-kush-te-afrohet-trembet\/","title":{"rendered":"Rama ofendon qytetaren: S&#8217;je e martuar se kush t\u00eb afrohet trembet","gt_translate_keys":[{"key":"rendered","format":"text"}]},"content":{"rendered":"<p><a href=\"https:\/\/hashtag.al\/wp-content\/uploads\/2019\/12\/Rama-gruaja.jpg\"><img loading=\"lazy\" decoding=\"async\" class=\"aligncenter size-full wp-image-340282\" src=\"https:\/\/hashtag.al\/wp-content\/uploads\/2019\/12\/Rama-gruaja.jpg\" alt=\"\" width=\"3264\" height=\"1632\" srcset=\"https:\/\/www.hashtag.al\/wp-content\/uploads\/2019\/12\/Rama-gruaja.jpg 3264w, https:\/\/www.hashtag.al\/wp-content\/uploads\/2019\/12\/Rama-gruaja-300x150.jpg 300w, https:\/\/www.hashtag.al\/wp-content\/uploads\/2019\/12\/Rama-gruaja-768x384.jpg 768w, https:\/\/www.hashtag.al\/wp-content\/uploads\/2019\/12\/Rama-gruaja-1024x512.jpg 1024w\" sizes=\"auto, (max-width: 3264px) 100vw, 3264px\" \/><\/a><\/p>\n<p><span style=\"color: #000000;\">Kryeministri Edi Rama ishte sot n\u00eb qytetin e La\u00e7it, ku k\u00ebmb\u00ebngulte vazhdimisht se s&#8217;do ua jepte burrave fjal\u00ebn para, por grave n\u00eb nj\u00eb p\u00ebrpjekje p\u00ebr t\u00eb treguar se sa e mb\u00ebshtet ai gjinin\u00eb fem\u00ebrore.<\/span><\/p>\n<p><span style=\"color: #000000;\">Mir\u00ebpo n\u00eb po t\u00eb nj\u00ebjtat minuta q\u00eb u shpreh se grat\u00eb thon\u00eb &#8220;fjal\u00eb m\u00eb t\u00eb zgjuara&#8221; se sa burrat, p\u00ebrdori fjal\u00eb ofenduese ndaj nj\u00eb banoreje t\u00eb pamartuar, e cila po i shprehte shqet\u00ebsimet e saj.<\/span><\/p>\n<p><span style=\"color: #000000;\">Gruaja i tha kryeministrit se ishte kthyer nga Zvicra pas t\u00ebrmetit, sepse sht\u00ebpia e prind\u00ebrve ishte shembur dhe shtoi se atje q\u00ebndronte me 3 mujorsha p\u00ebr t\u00eb fituar &#8220;buk\u00ebn e goj\u00ebs&#8221;, shprehje e cila nuk i p\u00eblqeu kryeministrit.<\/span><\/p>\n<p><span style=\"color: #000000;\">Pas nj\u00eb debati (lexo <span style=\"color: #0000ff;\"><a style=\"color: #0000ff;\" href=\"https:\/\/hashtag.al\/index.php\/2019\/12\/11\/rama-nervozohet-nga-banorja-kete-sta-pranoj-shqiptaret-nuk-vuajne-per-copen-e-bukes\/\">k\u00ebtu<\/a><\/span>), Rama arriti n\u00eb p\u00ebrfundimet e veta se ajo kishte mbetur pa martuar p\u00ebr shkak se fliste shum\u00eb.<\/span><\/p>\n<p><span style=\"color: #000000;\"><strong>BISEDA<\/strong>:<\/span><\/p>\n<p><span style=\"color: #000000;\"><strong>Rama<\/strong>: E martume je?<\/span><\/p>\n<p><span style=\"color: #000000;\"><strong>Banorja<\/strong>: Jo<\/span><\/p>\n<p><span style=\"color: #000000;\"><strong>Rama<\/strong>: H\u00eb praaa&#8230; E di pse? Se kush t\u00eb afrohet trembet, se i tmerron.<\/span><\/p>\n<p><span style=\"color: #000000;\"><strong>Banorja<\/strong>: Jo jo, nuk trembet fare<\/span><\/p>\n<p><span style=\"color: #000000;\"><strong>Rama<\/strong>: Qenke dinamit<\/span><\/p>\n<p><span style=\"color: #000000;\"><strong>Banorja<\/strong>: Jam dinamit se jam zot sht\u00ebpie, more vesh<\/span><\/p>\n<p><span style=\"color: #000000;\"><strong>Rama<\/strong>: Moj m\u00eb mbyte, m\u00eb more para<\/span><\/p>\n<p>&nbsp;<\/p>\n","protected":false,"gt_translate_keys":[{"key":"rendered","format":"html"}]},"excerpt":{"rendered":"<p>Kryeministri Edi Rama ishte sot n\u00eb qytetin e La\u00e7it, ku k\u00ebmb\u00ebngulte vazhdimisht se s&#8217;do ua jepte burrave fjal\u00ebn para, por grave n\u00eb nj\u00eb p\u00ebrpjekje p\u00ebr t\u00eb treguar se sa e mb\u00ebshtet ai gjinin\u00eb fem\u00ebrore. Mir\u00ebpo n\u00eb po t\u00eb nj\u00ebjtat minuta q\u00eb u shpreh se grat\u00eb thon\u00eb &#8220;fjal\u00eb m\u00eb t\u00eb zgjuara&#8221; se sa burrat, p\u00ebrdori fjal\u00eb [&hellip;]<\/p>\n","protected":false,"gt_translate_keys":[{"key":"rendered","format":"html"}]},"author":30,"featured_media":340282,"comment_status":"open","ping_status":"open","sticky":false,"template":"","format":"standard","meta":{"footnotes":""},"categories":[65,13],"tags":[],"class_list":["post-340281","post","type-post","status-publish","format-standard","has-post-thumbnail","hentry","category-lajme","category-te-fundit"],"gt_translate_keys":[{"key":"link","format":"url"}],"_links":{"self":[{"href":"https:\/\/www.hashtag.al\/index.php\/wp-json\/wp\/v2\/posts\/340281","targetHints":{"allow":["GET"]}}],"collection":[{"href":"https:\/\/www.hashtag.al\/index.php\/wp-json\/wp\/v2\/posts"}],"about":[{"href":"https:\/\/www.hashtag.al\/index.php\/wp-json\/wp\/v2\/types\/post"}],"author":[{"embeddable":true,"href":"https:\/\/www.hashtag.al\/index.php\/wp-json\/wp\/v2\/users\/30"}],"replies":[{"embeddable":true,"href":"https:\/\/www.hashtag.al\/index.php\/wp-json\/wp\/v2\/comments?post=340281"}],"version-history":[{"count":0,"href":"https:\/\/www.hashtag.al\/index.php\/wp-json\/wp\/v2\/posts\/340281\/revisions"}],"wp:featuredmedia":[{"embeddable":true,"href":"https:\/\/www.hashtag.al\/index.php\/wp-json\/wp\/v2\/media\/340282"}],"wp:attachment":[{"href":"https:\/\/www.hashtag.al\/index.php\/wp-json\/wp\/v2\/media?parent=340281"}],"wp:term":[{"taxonomy":"category","embeddable":true,"href":"https:\/\/www.hashtag.al\/index.php\/wp-json\/wp\/v2\/categories?post=340281"},{"taxonomy":"post_tag","embeddable":true,"href":"https:\/\/www.hashtag.al\/index.php\/wp-json\/wp\/v2\/tags?post=340281"}],"curies":[{"name":"wp","href":"https:\/\/api.w.org\/{rel}","templated":true}]}}