{"id":340267,"date":"2019-12-11T12:24:44","date_gmt":"2019-12-11T11:24:44","guid":{"rendered":"https:\/\/hashtag.al\/?p=340267"},"modified":"2019-12-11T12:49:41","modified_gmt":"2019-12-11T11:49:41","slug":"rama-nervozohet-nga-banorja-kete-sta-pranoj-shqiptaret-nuk-vuajne-per-copen-e-bukes","status":"publish","type":"post","link":"https:\/\/www.hashtag.al\/index.php\/2019\/12\/11\/rama-nervozohet-nga-banorja-kete-sta-pranoj-shqiptaret-nuk-vuajne-per-copen-e-bukes\/","title":{"rendered":"Rama nervozohet nga banorja: K\u00ebt\u00eb s&#8217;ta pranoj, shqiptar\u00ebt nuk vuajn\u00eb p\u00ebr cop\u00ebn e buk\u00ebs","gt_translate_keys":[{"key":"rendered","format":"text"}]},"content":{"rendered":"<p><span style=\"color: #000000;\"><a style=\"color: #000000;\" href=\"https:\/\/hashtag.al\/wp-content\/uploads\/2019\/12\/Zvicer.jpg\"><img loading=\"lazy\" decoding=\"async\" class=\"aligncenter size-full wp-image-340268\" src=\"https:\/\/hashtag.al\/wp-content\/uploads\/2019\/12\/Zvicer.jpg\" alt=\"\" width=\"1454\" height=\"811\" srcset=\"https:\/\/www.hashtag.al\/wp-content\/uploads\/2019\/12\/Zvicer.jpg 1454w, https:\/\/www.hashtag.al\/wp-content\/uploads\/2019\/12\/Zvicer-300x167.jpg 300w, https:\/\/www.hashtag.al\/wp-content\/uploads\/2019\/12\/Zvicer-768x428.jpg 768w, https:\/\/www.hashtag.al\/wp-content\/uploads\/2019\/12\/Zvicer-1024x571.jpg 1024w\" sizes=\"auto, (max-width: 1454px) 100vw, 1454px\" \/><\/a><\/span><\/p>\n<p><span style=\"color: #000000;\">Kryeministri Edi Rama \u00ebsht\u00eb nervozuar sot me nj\u00eb banore n\u00eb La\u00e7, e cila po i tregonte situat\u00ebn e saj dhe t\u00eb prind\u00ebrve t\u00eb saj pas t\u00ebrmetit.<\/span><\/p>\n<p><span style=\"color: #000000;\">Ajo n\u00eb nj\u00eb moment tha se po punon p\u00ebr &#8220;cop\u00ebn e buk\u00ebs&#8221; n\u00eb Zvic\u00ebr, shprehje e cila mesa duket nuk i ka p\u00eblqyer kryeministrit. Ai tha se asnj\u00eb shqiptar nuk vuan p\u00ebr <em>&#8220;cop\u00ebn e buk\u00ebs&#8221;.<\/em><\/span><\/p>\n<p><span style=\"color: #000000;\"><strong>BISEDA:<\/strong><\/span><\/p>\n<p><span style=\"color: #000000;\"><strong>Banorja<\/strong>:\u00a0Kam un\u00eb nj\u00eb merak. Ne kemi sht\u00ebpi private, jan\u00eb prishur dhe kan\u00eb ardhur i kan\u00eb par\u00eb e kan\u00eb th\u00ebn\u00eb se nuk jan\u00eb t\u00eb banueshme. Ama deri tani nuk ka pyetur m\u00eb njeri. Un\u00eb e kam babin 68-vje\u00e7, ta dim\u00eb t\u00eb rrim\u00eb a mos t\u00eb rrim\u00eb. Ne s;po presim p\u00ebr ndihma me ushqime, as p\u00ebr batanije. P\u00ebr buk\u00eb un\u00eb nuk jam duke vdek. Un\u00eb kam humbur pun\u00ebn n\u00eb Zvic\u00ebr e kam ardhur k\u00ebtu se i kam dy pleqt\u00eb brenda. T\u00eb pakt\u00ebn ta dim\u00eb \u00e7a do b\u00ebhet me neve. M\u00eb thuaj, nj\u00eb vit do pres\u00ebsh, nj\u00eb vit do pres un\u00eb. Un\u00eb as nuk jam n\u00eb \u00e7ad\u00ebr, as nuk jam n\u00eb sht\u00ebpi.<\/span><\/p>\n<p><span style=\"color: #000000;\"><strong>Rama<\/strong>: Ku je?<\/span><\/p>\n<p><span style=\"color: #000000;\"><strong>Banorja<\/strong>: \u00cbsht\u00eb muri duke r\u00ebn\u00eb. Sa brenda jasht\u00eb kemi ngelur.<\/span><\/p>\n<p><span style=\"color: #000000;\"><strong>Rama<\/strong>: N\u00ebse \u00ebsht\u00eb sht\u00ebpia e pabanueshme mos u fut n\u00eb sht\u00ebpi.<\/span><\/p>\n<p><span style=\"color: #000000;\"><strong>Banorja<\/strong>: Ku t\u00eb rri?<\/span><\/p>\n<p><span style=\"color: #000000;\"><strong>Rama<\/strong>: N\u00eb \u00e7ad\u00ebr<\/span><\/p>\n<p><span style=\"color: #000000;\"><strong>Banorja<\/strong>: Babi im 68-vje\u00e7 n\u00eb \u00e7ad\u00ebr nuk mundet t\u00eb rrij\u00eb, me 24 tensionin.<\/span><\/p>\n<p><span style=\"color: #000000;\"><strong>Rama<\/strong>: Si babi jot ka plot<\/span><\/p>\n<p><span style=\"color: #000000;\"><strong>Banorja<\/strong>: Ka plot, normal.<\/span><\/p>\n<p><span style=\"color: #000000;\"><strong>Rama<\/strong>: N\u00eb \u00e7ad\u00ebr dim\u00ebrore s&#8217;ka problem as p\u00ebr 68-vje\u00e7, apo p\u00ebr 168. Sepse jan\u00eb me energji brenda, me televizor. K\u00ebshtu q\u00eb babi me ty n\u00eb \u00e7d\u00ebr deri kur t\u00eb nd\u00ebrtohet sht\u00ebpia. Do e ket\u00eb sht\u00ebpin\u00eb babi m\u00eb mir\u00eb se ti n\u00eb Zvic\u00ebr.<\/span><\/p>\n<p><span style=\"color: #000000;\"><strong>Banorja<\/strong>: S&#8217;kam sht\u00ebpi n\u00eb Zvic\u00ebr un\u00eb, se un\u00eb me 3 mujorsha.\u00a0 Po punojm\u00eb p\u00ebr cop\u00ebn e buk\u00ebs si atje, si k\u00ebtu.<\/span><\/p>\n<p><span style=\"color: #000000;\"><strong>Rama<\/strong>: T\u00eb lutem, po deshe k\u00ebt\u00eb pjes\u00ebn \u2018punoj p\u00ebr cop\u00ebn e buk\u00ebs\u2019 mos ma p\u00ebrmend. S&#8217;e pranoj. Se shqiptar\u00ebt as n\u00eb Mesjet\u00eb nuk kan\u00eb vuajtur p\u00ebr cop\u00ebn e buk\u00ebs. K\u00ebt\u00eb buk\u00eb, buk\u00eb, buk\u00eb mos ma p\u00ebrmend.<\/span><\/p>\n<p><span style=\"color: #000000;\"><strong>Banorja<\/strong>: Po p\u00ebr \u00e7a po punojm\u00eb? Po v\u00ebm\u00eb pasuri ne me 200 mij\u00eb lek\u00eb rrog\u00eb?<\/span><\/p>\n<p><span style=\"color: #000000;\"><strong>Rama<\/strong>: Nuk po t\u00eb flas p\u00ebr pasuri. Shife si je<\/span><\/p>\n<p><span style=\"color: #000000;\"><strong>Banorja<\/strong>: Si jam?<\/span><\/p>\n<p><span style=\"color: #000000;\"><strong>Rama<\/strong>: Ata q\u00eb jan\u00eb p\u00ebr cop\u00eb t\u00eb buk\u00ebs i ke par\u00eb si jan\u00eb.<\/span><\/p>\n<p><span style=\"color: #000000;\"><strong>Banorja<\/strong>: Kush punon e fiton cop\u00ebn e buk\u00ebs dhe vishet. Un\u00eb punoj 14 or\u00eb n\u00eb dit\u00eb p\u00ebr k\u00ebto q\u00eb kam.<\/span><\/p>\n<p><span style=\"color: #000000;\"><strong>Rama<\/strong>: Shum\u00eb mir\u00eb, s&#8217;ka r\u00ebnd\u00ebsi kjo. K\u00ebt\u00eb fjal\u00eb copa buke mos ma p\u00ebrmend m\u00eb se pla. Kjo s&#8217;\u00ebsht\u00eb cop\u00eb e buk\u00ebs, \u00ebsht\u00eb \u00e7\u00ebshtje standardesh.<\/span><\/p>\n<p><span style=\"color: #000000;\">Pas k\u00ebtij debati, kryeministri e ofendoi banoren duke i <span style=\"color: #0000ff;\"><a style=\"color: #0000ff;\" href=\"https:\/\/hashtag.al\/index.php\/2019\/12\/11\/rama-ofendon-qytetaren-sje-e-martuar-se-kush-te-afrohet-trembet\/\">th\u00ebn\u00eb<\/a> <\/span>se kishte mbetur e pamartuar p\u00ebr shkak se fliste shum\u00eb.<\/span><\/p>\n","protected":false,"gt_translate_keys":[{"key":"rendered","format":"html"}]},"excerpt":{"rendered":"<p>Kryeministri Edi Rama \u00ebsht\u00eb nervozuar sot me nj\u00eb banore n\u00eb La\u00e7, e cila po i tregonte situat\u00ebn e saj dhe t\u00eb prind\u00ebrve t\u00eb saj pas t\u00ebrmetit. Ajo n\u00eb nj\u00eb moment tha se po punon p\u00ebr &#8220;cop\u00ebn e buk\u00ebs&#8221; n\u00eb Zvic\u00ebr, shprehje e cila mesa duket nuk i ka p\u00eblqyer kryeministrit. Ai tha se asnj\u00eb shqiptar [&hellip;]<\/p>\n","protected":false,"gt_translate_keys":[{"key":"rendered","format":"html"}]},"author":30,"featured_media":340268,"comment_status":"open","ping_status":"open","sticky":false,"template":"","format":"standard","meta":{"footnotes":""},"categories":[65,13],"tags":[],"class_list":["post-340267","post","type-post","status-publish","format-standard","has-post-thumbnail","hentry","category-lajme","category-te-fundit"],"gt_translate_keys":[{"key":"link","format":"url"}],"_links":{"self":[{"href":"https:\/\/www.hashtag.al\/index.php\/wp-json\/wp\/v2\/posts\/340267","targetHints":{"allow":["GET"]}}],"collection":[{"href":"https:\/\/www.hashtag.al\/index.php\/wp-json\/wp\/v2\/posts"}],"about":[{"href":"https:\/\/www.hashtag.al\/index.php\/wp-json\/wp\/v2\/types\/post"}],"author":[{"embeddable":true,"href":"https:\/\/www.hashtag.al\/index.php\/wp-json\/wp\/v2\/users\/30"}],"replies":[{"embeddable":true,"href":"https:\/\/www.hashtag.al\/index.php\/wp-json\/wp\/v2\/comments?post=340267"}],"version-history":[{"count":0,"href":"https:\/\/www.hashtag.al\/index.php\/wp-json\/wp\/v2\/posts\/340267\/revisions"}],"wp:featuredmedia":[{"embeddable":true,"href":"https:\/\/www.hashtag.al\/index.php\/wp-json\/wp\/v2\/media\/340268"}],"wp:attachment":[{"href":"https:\/\/www.hashtag.al\/index.php\/wp-json\/wp\/v2\/media?parent=340267"}],"wp:term":[{"taxonomy":"category","embeddable":true,"href":"https:\/\/www.hashtag.al\/index.php\/wp-json\/wp\/v2\/categories?post=340267"},{"taxonomy":"post_tag","embeddable":true,"href":"https:\/\/www.hashtag.al\/index.php\/wp-json\/wp\/v2\/tags?post=340267"}],"curies":[{"name":"wp","href":"https:\/\/api.w.org\/{rel}","templated":true}]}}