{"id":340213,"date":"2019-12-11T09:14:08","date_gmt":"2019-12-11T08:14:08","guid":{"rendered":"https:\/\/hashtag.al\/?p=340213"},"modified":"2019-12-11T09:20:08","modified_gmt":"2019-12-11T08:20:08","slug":"erdogan-kunder-handke-turp-ti-jepet-cmimi-nobel-inkurajon-armiqte-e-islamit","status":"publish","type":"post","link":"https:\/\/www.hashtag.al\/index.php\/2019\/12\/11\/erdogan-kunder-handke-turp-ti-jepet-cmimi-nobel-inkurajon-armiqte-e-islamit\/","title":{"rendered":"Erdogan kund\u00ebr Handke: Turp t&#8217;i jepet \u00e7mimi Nobel, inkurajon armiqt\u00eb e islamit","gt_translate_keys":[{"key":"rendered","format":"text"}]},"content":{"rendered":"<p><a href=\"https:\/\/hashtag.al\/wp-content\/uploads\/2019\/12\/Erdogan.jpg\"><img loading=\"lazy\" decoding=\"async\" class=\"aligncenter size-full wp-image-340214\" src=\"https:\/\/hashtag.al\/wp-content\/uploads\/2019\/12\/Erdogan.jpg\" alt=\"\" width=\"864\" height=\"486\" srcset=\"https:\/\/www.hashtag.al\/wp-content\/uploads\/2019\/12\/Erdogan.jpg 864w, https:\/\/www.hashtag.al\/wp-content\/uploads\/2019\/12\/Erdogan-300x169.jpg 300w, https:\/\/www.hashtag.al\/wp-content\/uploads\/2019\/12\/Erdogan-768x432.jpg 768w\" sizes=\"auto, (max-width: 864px) 100vw, 864px\" \/><\/a><\/p>\n<p><span style=\"color: #000000;\">Presidenti turk Recep Tayyip Erdo\u011fan ka komentuar ndarjen e \u00e7mimit Nobel p\u00ebr shkrimtarin austriak Peter Handke n\u00eb let\u00ebr.<\/span><\/p>\n<p><span style=\"color: #000000;\">Si\u00e7 shkruan <span style=\"color: #0000ff;\"><a style=\"color: #0000ff;\" href=\"https:\/\/www.aa.com.tr\/en\/turkey\/awarding-nobel-to-handke-encourages-islams-enemies\/1669965\">Anadoly Agency<\/a><\/span>, presidenti turk thot\u00eb se ky \u00e7mim p\u00ebr Handke do t\u00eb inkurajoj\u00eb armiqt\u00eb e Islamit dhe t\u00eb njer\u00ebzimit.<\/span><\/p>\n<p><span style=\"color: #000000;\"><em>\u201c\u00cbsht\u00eb turp t&#8217;i jap\u00ebsh \u00e7mimin Nobel nj\u00eb personi q\u00eb mbron dhe lavd\u00ebron vras\u00ebsin q\u00eb derdhi gjakun e dhjet\u00ebra mij\u00ebra mysliman\u00ebve\u201d,<\/em> deklaroi Erdo\u011fan duke iu referuar Handke, nj\u00eb shkrimtar austriak q\u00eb ka mohuar genocidin e Bosnj\u00ebs n\u00eb 1995.<\/span><\/p>\n<p><span style=\"color: #000000;\">Handke njihet si nj\u00eb admirues i madh i ish-liderit serb Slobodan Milosevic, i cili vdiq n\u00eb vitin 2006 kur po gjykohej n\u00eb Hag\u00eb p\u00ebr krime lufte dhe gjenocid.<\/span><\/p>\n<p><span style=\"color: #000000;\">Ai pretendon se boshnjak\u00ebt musliman\u00eb n\u00eb Sarajev\u00eb kishin vrar\u00eb veten e tyre, duke shtuar se ai kurr\u00eb nuk besonte se serb\u00ebt kishin kryer genocid n\u00eb Srebrenica.<\/span><\/p>\n<p><span style=\"color: #000000;\">Handke krahas \u00e7mimit do t\u00eb marr\u00eb gjithashtu 952,000 dollar\u00eb, nj\u00eb medalje dhe nj\u00eb diplom\u00eb.<\/span><\/p>\n<p><span style=\"color: #000000;\">Presidenti turk u b\u00ebri thirrje njer\u00ebzve t\u00eb reagojn\u00eb rreth \u00e7mimit t\u00eb diskutuesh\u00ebm.<\/span><\/p>\n<p><span style=\"color: #000000;\"><em>\u201cAta q\u00eb qortojn\u00eb Turqin\u00eb p\u00ebr demokracin\u00eb dhe drejt\u00ebsin\u00eb, shtruan tapetin e kuq p\u00ebr diktator\u00ebt dhe terrorist\u00ebt q\u00eb vran\u00eb dhjet\u00ebra mij\u00ebra njer\u00ebz\u201d<\/em>, u shpreh Erdo\u011fan.<\/span><\/p>\n","protected":false,"gt_translate_keys":[{"key":"rendered","format":"html"}]},"excerpt":{"rendered":"<p>Presidenti turk Recep Tayyip Erdo\u011fan ka komentuar ndarjen e \u00e7mimit Nobel p\u00ebr shkrimtarin austriak Peter Handke n\u00eb let\u00ebr. Si\u00e7 shkruan Anadoly Agency, presidenti turk thot\u00eb se ky \u00e7mim p\u00ebr Handke do t\u00eb inkurajoj\u00eb armiqt\u00eb e Islamit dhe t\u00eb njer\u00ebzimit. \u201c\u00cbsht\u00eb turp t&#8217;i jap\u00ebsh \u00e7mimin Nobel nj\u00eb personi q\u00eb mbron dhe lavd\u00ebron vras\u00ebsin q\u00eb derdhi gjakun [&hellip;]<\/p>\n","protected":false,"gt_translate_keys":[{"key":"rendered","format":"html"}]},"author":30,"featured_media":340214,"comment_status":"open","ping_status":"open","sticky":false,"template":"","format":"standard","meta":{"footnotes":""},"categories":[6],"tags":[],"class_list":["post-340213","post","type-post","status-publish","format-standard","has-post-thumbnail","hentry","category-nderkombetare"],"gt_translate_keys":[{"key":"link","format":"url"}],"_links":{"self":[{"href":"https:\/\/www.hashtag.al\/index.php\/wp-json\/wp\/v2\/posts\/340213","targetHints":{"allow":["GET"]}}],"collection":[{"href":"https:\/\/www.hashtag.al\/index.php\/wp-json\/wp\/v2\/posts"}],"about":[{"href":"https:\/\/www.hashtag.al\/index.php\/wp-json\/wp\/v2\/types\/post"}],"author":[{"embeddable":true,"href":"https:\/\/www.hashtag.al\/index.php\/wp-json\/wp\/v2\/users\/30"}],"replies":[{"embeddable":true,"href":"https:\/\/www.hashtag.al\/index.php\/wp-json\/wp\/v2\/comments?post=340213"}],"version-history":[{"count":0,"href":"https:\/\/www.hashtag.al\/index.php\/wp-json\/wp\/v2\/posts\/340213\/revisions"}],"wp:featuredmedia":[{"embeddable":true,"href":"https:\/\/www.hashtag.al\/index.php\/wp-json\/wp\/v2\/media\/340214"}],"wp:attachment":[{"href":"https:\/\/www.hashtag.al\/index.php\/wp-json\/wp\/v2\/media?parent=340213"}],"wp:term":[{"taxonomy":"category","embeddable":true,"href":"https:\/\/www.hashtag.al\/index.php\/wp-json\/wp\/v2\/categories?post=340213"},{"taxonomy":"post_tag","embeddable":true,"href":"https:\/\/www.hashtag.al\/index.php\/wp-json\/wp\/v2\/tags?post=340213"}],"curies":[{"name":"wp","href":"https:\/\/api.w.org\/{rel}","templated":true}]}}