{"id":340090,"date":"2019-12-10T16:01:04","date_gmt":"2019-12-10T15:01:04","guid":{"rendered":"https:\/\/hashtag.al\/?p=340090"},"modified":"2019-12-10T16:02:08","modified_gmt":"2019-12-10T15:02:08","slug":"shtohen-vendet-qe-do-bojkotojne-nobel-in-kosova-shqiperia-kroacia-turqia-maqedonia-e-veriut-e-afganistani","status":"publish","type":"post","link":"https:\/\/www.hashtag.al\/index.php\/2019\/12\/10\/shtohen-vendet-qe-do-bojkotojne-nobel-in-kosova-shqiperia-kroacia-turqia-maqedonia-e-veriut-e-afganistani\/","title":{"rendered":"Shtohen vendet q\u00eb do bojkotojn\u00eb Nobel-in (Kosova, Shqip\u00ebria, Kroacia, Turqia, Maqedonia e Veriut e Afganistani)","gt_translate_keys":[{"key":"rendered","format":"text"}]},"content":{"rendered":"<p><img loading=\"lazy\" decoding=\"async\" class=\"aligncenter size-full wp-image-340091\" src=\"https:\/\/hashtag.al\/wp-content\/uploads\/2019\/12\/handkepeter.jpg\" alt=\"\" width=\"1200\" height=\"675\" srcset=\"https:\/\/www.hashtag.al\/wp-content\/uploads\/2019\/12\/handkepeter.jpg 1200w, https:\/\/www.hashtag.al\/wp-content\/uploads\/2019\/12\/handkepeter-300x169.jpg 300w, https:\/\/www.hashtag.al\/wp-content\/uploads\/2019\/12\/handkepeter-768x432.jpg 768w, https:\/\/www.hashtag.al\/wp-content\/uploads\/2019\/12\/handkepeter-1024x576.jpg 1024w\" sizes=\"auto, (max-width: 1200px) 100vw, 1200px\" \/><\/p>\n<p><span style=\"color: #000000;\">Maqedonia e Veriut ka vendosur t\u00eb bojkotoj\u00eb ceremonin\u00eb e dh\u00ebnies s\u00eb \u00e7mimit Nobel n\u00eb let\u00ebrsi. Ministri i Jasht\u00ebm i Kosov\u00ebs, Pacolli, ka falenderuar homologun Dimitrov p\u00ebr vendimin e bojkotimit t\u00eb dh\u00ebnies s\u00eb \u00e7mimit ndaj austriakut Peter Handke.<\/span><\/p>\n<p><span style=\"color: #000000;\"><em>\u2018Faleminderit Nikola Dimitrovit p\u00ebr bojkotimin e ceremonis\u00eb s\u00eb dh\u00ebnies s\u00eb \u00e7mimit Nobel, Peter Handkes. Maqedonia ka q\u00ebndruar me ne n\u00eb koh\u00ebrat m\u00eb t\u00eb v\u00ebshtira, gjat\u00eb viteve \u201998-99, kur Milloshevi\u00e7 kreu krime n\u00eb Kosov\u00eb. Handke nuk ka p\u00ebrkrahur viktimat si Maqedonia e Veriut, por ka p\u00ebrkrahur Milloshevi\u00e7in\u2019<\/em> &#8211; shkruan Pacolli n\u00eb \u2018Twitter\u2019.<\/span><\/p>\n<p><span style=\"color: #000000;\">P\u00ebrve\u00e7 Kosov\u00ebs, Shqip\u00ebris\u00eb, Maqedonis\u00eb s\u00eb Veriut, Kroacis\u00eb e Turqis\u00eb, edhe Afganistani ka njoftuar bojkotimin e ceremonis\u00eb q\u00eb mbahet dit\u00ebn e sotme.<\/span><\/p>\n","protected":false,"gt_translate_keys":[{"key":"rendered","format":"html"}]},"excerpt":{"rendered":"<p>Maqedonia e Veriut ka vendosur t\u00eb bojkotoj\u00eb ceremonin\u00eb e dh\u00ebnies s\u00eb \u00e7mimit Nobel n\u00eb let\u00ebrsi. Ministri i Jasht\u00ebm i Kosov\u00ebs, Pacolli, ka falenderuar homologun Dimitrov p\u00ebr vendimin e bojkotimit t\u00eb dh\u00ebnies s\u00eb \u00e7mimit ndaj austriakut Peter Handke. \u2018Faleminderit Nikola Dimitrovit p\u00ebr bojkotimin e ceremonis\u00eb s\u00eb dh\u00ebnies s\u00eb \u00e7mimit Nobel, Peter Handkes. Maqedonia ka q\u00ebndruar me [&hellip;]<\/p>\n","protected":false,"gt_translate_keys":[{"key":"rendered","format":"html"}]},"author":51,"featured_media":340091,"comment_status":"open","ping_status":"open","sticky":false,"template":"","format":"standard","meta":{"footnotes":""},"categories":[149,6],"tags":[],"class_list":["post-340090","post","type-post","status-publish","format-standard","has-post-thumbnail","hentry","category-kosoverajon","category-nderkombetare"],"gt_translate_keys":[{"key":"link","format":"url"}],"_links":{"self":[{"href":"https:\/\/www.hashtag.al\/index.php\/wp-json\/wp\/v2\/posts\/340090","targetHints":{"allow":["GET"]}}],"collection":[{"href":"https:\/\/www.hashtag.al\/index.php\/wp-json\/wp\/v2\/posts"}],"about":[{"href":"https:\/\/www.hashtag.al\/index.php\/wp-json\/wp\/v2\/types\/post"}],"author":[{"embeddable":true,"href":"https:\/\/www.hashtag.al\/index.php\/wp-json\/wp\/v2\/users\/51"}],"replies":[{"embeddable":true,"href":"https:\/\/www.hashtag.al\/index.php\/wp-json\/wp\/v2\/comments?post=340090"}],"version-history":[{"count":0,"href":"https:\/\/www.hashtag.al\/index.php\/wp-json\/wp\/v2\/posts\/340090\/revisions"}],"wp:featuredmedia":[{"embeddable":true,"href":"https:\/\/www.hashtag.al\/index.php\/wp-json\/wp\/v2\/media\/340091"}],"wp:attachment":[{"href":"https:\/\/www.hashtag.al\/index.php\/wp-json\/wp\/v2\/media?parent=340090"}],"wp:term":[{"taxonomy":"category","embeddable":true,"href":"https:\/\/www.hashtag.al\/index.php\/wp-json\/wp\/v2\/categories?post=340090"},{"taxonomy":"post_tag","embeddable":true,"href":"https:\/\/www.hashtag.al\/index.php\/wp-json\/wp\/v2\/tags?post=340090"}],"curies":[{"name":"wp","href":"https:\/\/api.w.org\/{rel}","templated":true}]}}