{"id":340069,"date":"2019-12-10T14:12:02","date_gmt":"2019-12-10T13:12:02","guid":{"rendered":"https:\/\/hashtag.al\/?p=340069"},"modified":"2019-12-10T13:55:46","modified_gmt":"2019-12-10T12:55:46","slug":"zbulohen-3-emrat-qe-garojne-per-kreun-e-spak-ut","status":"publish","type":"post","link":"https:\/\/www.hashtag.al\/index.php\/2019\/12\/10\/zbulohen-3-emrat-qe-garojne-per-kreun-e-spak-ut\/","title":{"rendered":"Zbulohen 3 emrat q\u00eb garojn\u00eb p\u00ebr kreun e SPAK-ut","gt_translate_keys":[{"key":"rendered","format":"text"}]},"content":{"rendered":"<p><img loading=\"lazy\" decoding=\"async\" class=\"aligncenter size-full wp-image-340070\" src=\"https:\/\/hashtag.al\/wp-content\/uploads\/2019\/12\/spak.jpg\" alt=\"\" width=\"900\" height=\"600\" srcset=\"https:\/\/www.hashtag.al\/wp-content\/uploads\/2019\/12\/spak.jpg 900w, https:\/\/www.hashtag.al\/wp-content\/uploads\/2019\/12\/spak-300x200.jpg 300w, https:\/\/www.hashtag.al\/wp-content\/uploads\/2019\/12\/spak-768x512.jpg 768w\" sizes=\"auto, (max-width: 900px) 100vw, 900px\" \/><\/p>\n<p><span style=\"color: #000000;\">Kan\u00eb dal\u00eb emrat e tre kandidat\u00ebve p\u00ebr kreun e SPAK-ut.<\/span><\/p>\n<p><span style=\"color: #000000;\"> I pari q\u00eb hodhi kandidatut\u00ebn ishte Arben Kraja, i cili e ka kaluar procesin e vetingut n\u00eb dhjetor t\u00eb vitit t\u00eb kaluar.<\/span><\/p>\n<p><span style=\"color: #000000;\">Pas Kraj\u00ebs, n\u00eb gar\u00eb \u00ebsht\u00eb futur prokurori Edvin Kondili nd\u00ebrsa kandidati i tret\u00eb \u00ebsht\u00eb Altin Dumani. \u00a0<\/span><\/p>\n<p><span style=\"color: #000000;\">Deri tani pjes\u00eb e SPAK-ut jan\u00eb:<\/span><\/p>\n<p><span style=\"color: #000000;\">Altin Dumani, prokuror n\u00eb Prokurorin\u00eb e Apelit Tiran\u00eb<\/span><\/p>\n<p><span style=\"color: #000000;\">Arben Kraja, prokuror n\u00eb Prokurorin\u00eb e P\u00ebrgjithshme<\/span><\/p>\n<p><span style=\"color: #000000;\">Behar Dibra, prokuror n\u00eb Prokurorin\u00eb e Krimeve t\u00eb R\u00ebnda<\/span><\/p>\n<p><span style=\"color: #000000;\">Edvin Kondili, prokuror n\u00eb Prokurorin\u00eb e Krimeve t\u00eb R\u00ebnda<\/span><\/p>\n<p><span style=\"color: #000000;\">Elida Celami (Ka\u00e7kini) prokurore n\u00eb Prokurorin\u00eb e Tiran\u00ebs<\/span><\/p>\n<p><span style=\"color: #000000;\">Ened Naku\u00e7i, prokuror n\u00eb Prokurorin\u00eb e Krimeve t\u00eb R\u00ebnda<\/span><\/p>\n<p><span style=\"color: #000000;\">Enkeleda Millonai, prokurore n\u00eb Prokurorin\u00eb e Elbasanit<\/span><\/p>\n<p><span style=\"color: #000000;\">Klodian Braho, prokuror n\u00eb Prokurorin\u00eb e Krimeve t\u00eb R\u00ebnda<\/span><\/p>\n","protected":false,"gt_translate_keys":[{"key":"rendered","format":"html"}]},"excerpt":{"rendered":"<p>Kan\u00eb dal\u00eb emrat e tre kandidat\u00ebve p\u00ebr kreun e SPAK-ut. I pari q\u00eb hodhi kandidatut\u00ebn ishte Arben Kraja, i cili e ka kaluar procesin e vetingut n\u00eb dhjetor t\u00eb vitit t\u00eb kaluar. Pas Kraj\u00ebs, n\u00eb gar\u00eb \u00ebsht\u00eb futur prokurori Edvin Kondili nd\u00ebrsa kandidati i tret\u00eb \u00ebsht\u00eb Altin Dumani. \u00a0 Deri tani pjes\u00eb e SPAK-ut jan\u00eb: [&hellip;]<\/p>\n","protected":false,"gt_translate_keys":[{"key":"rendered","format":"html"}]},"author":51,"featured_media":340070,"comment_status":"open","ping_status":"open","sticky":false,"template":"","format":"standard","meta":{"footnotes":""},"categories":[65,13],"tags":[],"class_list":["post-340069","post","type-post","status-publish","format-standard","has-post-thumbnail","hentry","category-lajme","category-te-fundit"],"gt_translate_keys":[{"key":"link","format":"url"}],"_links":{"self":[{"href":"https:\/\/www.hashtag.al\/index.php\/wp-json\/wp\/v2\/posts\/340069","targetHints":{"allow":["GET"]}}],"collection":[{"href":"https:\/\/www.hashtag.al\/index.php\/wp-json\/wp\/v2\/posts"}],"about":[{"href":"https:\/\/www.hashtag.al\/index.php\/wp-json\/wp\/v2\/types\/post"}],"author":[{"embeddable":true,"href":"https:\/\/www.hashtag.al\/index.php\/wp-json\/wp\/v2\/users\/51"}],"replies":[{"embeddable":true,"href":"https:\/\/www.hashtag.al\/index.php\/wp-json\/wp\/v2\/comments?post=340069"}],"version-history":[{"count":0,"href":"https:\/\/www.hashtag.al\/index.php\/wp-json\/wp\/v2\/posts\/340069\/revisions"}],"wp:featuredmedia":[{"embeddable":true,"href":"https:\/\/www.hashtag.al\/index.php\/wp-json\/wp\/v2\/media\/340070"}],"wp:attachment":[{"href":"https:\/\/www.hashtag.al\/index.php\/wp-json\/wp\/v2\/media?parent=340069"}],"wp:term":[{"taxonomy":"category","embeddable":true,"href":"https:\/\/www.hashtag.al\/index.php\/wp-json\/wp\/v2\/categories?post=340069"},{"taxonomy":"post_tag","embeddable":true,"href":"https:\/\/www.hashtag.al\/index.php\/wp-json\/wp\/v2\/tags?post=340069"}],"curies":[{"name":"wp","href":"https:\/\/api.w.org\/{rel}","templated":true}]}}