{"id":340044,"date":"2019-12-10T12:39:32","date_gmt":"2019-12-10T11:39:32","guid":{"rendered":"https:\/\/hashtag.al\/?p=340044"},"modified":"2019-12-10T12:39:32","modified_gmt":"2019-12-10T11:39:32","slug":"shoqata-europiane-e-nderkombetare-e-gazetareve-thirrje-parlamentit-mos-miratoni-ligjin-e-portaleve","status":"publish","type":"post","link":"https:\/\/www.hashtag.al\/index.php\/2019\/12\/10\/shoqata-europiane-e-nderkombetare-e-gazetareve-thirrje-parlamentit-mos-miratoni-ligjin-e-portaleve\/","title":{"rendered":"Shoqata Europiane e Nd\u00ebrkomb\u00ebtare e Gazetar\u00ebve thirrje parlamentit: Mos miratoni ligjin e portaleve","gt_translate_keys":[{"key":"rendered","format":"text"}]},"content":{"rendered":"<p><img loading=\"lazy\" decoding=\"async\" class=\"aligncenter size-full wp-image-340045\" src=\"https:\/\/hashtag.al\/wp-content\/uploads\/2019\/12\/shoqatamediaakep.jpg\" alt=\"\" width=\"1146\" height=\"865\" srcset=\"https:\/\/www.hashtag.al\/wp-content\/uploads\/2019\/12\/shoqatamediaakep.jpg 1146w, https:\/\/www.hashtag.al\/wp-content\/uploads\/2019\/12\/shoqatamediaakep-300x226.jpg 300w, https:\/\/www.hashtag.al\/wp-content\/uploads\/2019\/12\/shoqatamediaakep-768x580.jpg 768w, https:\/\/www.hashtag.al\/wp-content\/uploads\/2019\/12\/shoqatamediaakep-1024x773.jpg 1024w\" sizes=\"auto, (max-width: 1146px) 100vw, 1146px\" \/><\/p>\n<p><span style=\"color: #000000;\">Federatat Evropiane dhe Nd\u00ebrkomb\u00ebtare t\u00eb Gazetar\u00ebve (EFJ \/ IFJ) mb\u00ebshtet\u00ebn thirrjet e deg\u00ebs s\u00eb tyre n\u00eb Shqip\u00ebri (APJA) p\u00ebr t\u00eb hedhur posht\u00eb dy projektligjet q\u00eb k\u00ebrc\u00ebnojn\u00eb lirin\u00eb e shprehjes dhe lirin\u00eb e mediave.<\/span><\/p>\n<p><span style=\"color: #000000;\">N\u00ebse miratohet, ndryshimet n\u00eb Ligjin p\u00ebr mediat audiovizuale dhe Ligjin p\u00ebr komunikimet elektronike do t\u00eb lejojn\u00eb organet qeveritare, Autoritetin e Mediave Shqiptare (AMA) dhe Autoritetet e Komunikimit dhe Post\u00ebs (AKEP), q\u00eb t\u00eb ken\u00eb fuqin\u00eb p\u00ebr t\u00eb bllokuar menj\u00ebher\u00eb faqet e internetit t\u00eb mediave dhe t\u00eb vendosin gjoba t\u00eb tep\u00ebrta p\u00ebr \u00e7do shkelje t\u00eb dinjitetit dhe intimitetit. <\/span><\/p>\n<p><span style=\"color: #000000;\">Do t\u00eb prezantonte gjithashtu k\u00ebrkesa t\u00eb detyrueshme regjistrimi p\u00ebr mediat online.<\/span><\/p>\n<p><span style=\"color: #000000;\">Shoqata e Gazetar\u00ebve Profesionist\u00eb t\u00eb Shqip\u00ebris\u00eb (APJA) paralajm\u00ebron se k\u00ebto ligje t\u00eb reja do t&#8217;u japin organeve rregullatore \u2018kompetenca thuajse si t\u00eb gjykat\u00ebs\u2019. Edhe pse k\u00ebto organe jan\u00eb t\u00eb pavarur me ligj, nuk ka garanci q\u00eb ata do t\u00eb veprojn\u00eb n\u00eb m\u00ebnyr\u00eb t\u00eb pavarur n\u00eb praktik\u00eb.<\/span><\/p>\n<p><span style=\"color: #000000;\">Frika nga mungesa e pavar\u00ebsis\u00eb dhe gjobat e tep\u00ebrta t\u00eb vendosura pa kontroll gjyq\u00ebsor jan\u00eb nd\u00ebr dispozitat shqet\u00ebsuese t\u00eb ngritura nga Organizata p\u00ebr Siguri dhe Bashk\u00ebpunim n\u00eb Evrop\u00eb (OSBE) n\u00eb shqyrtimin e saj juridik t\u00eb botuar m\u00eb 9 dhjetor. <\/span><\/p>\n<p><span style=\"color: #000000;\">P\u00ebrfaq\u00ebsuesi i OSBE-s\u00eb p\u00ebr Lirin\u00eb e Mediave, Harlem D\u00e9sir paralajm\u00ebroi se <em>\u2018gjobat e tilla mund t\u00eb \u00e7ojn\u00eb n\u00eb mbylljen e mediave dhe t\u00eb shihen si presion indirekt.\u2019<\/em><\/span><\/p>\n<p><span style=\"color: #000000;\">N\u00eb nj\u00eb deklarat\u00eb t\u00eb p\u00ebrbashk\u00ebt, EFJ s\u00eb bashku me 6 organizata p\u00ebr lirin\u00eb e shtypit paralajm\u00ebruan \u2018se propozimet nuk jan\u00eb n\u00eb p\u00ebrputhje me praktikat m\u00eb t\u00eb mira t\u00eb vet\u00eb-rregullimit dhe do t\u00eb kishin nj\u00eb ndikim negativ n\u00eb lirin\u00eb e shprehjes n\u00eb Shqip\u00ebri.\u2019<\/span><\/p>\n","protected":false,"gt_translate_keys":[{"key":"rendered","format":"html"}]},"excerpt":{"rendered":"<p>Federatat Evropiane dhe Nd\u00ebrkomb\u00ebtare t\u00eb Gazetar\u00ebve (EFJ \/ IFJ) mb\u00ebshtet\u00ebn thirrjet e deg\u00ebs s\u00eb tyre n\u00eb Shqip\u00ebri (APJA) p\u00ebr t\u00eb hedhur posht\u00eb dy projektligjet q\u00eb k\u00ebrc\u00ebnojn\u00eb lirin\u00eb e shprehjes dhe lirin\u00eb e mediave. N\u00ebse miratohet, ndryshimet n\u00eb Ligjin p\u00ebr mediat audiovizuale dhe Ligjin p\u00ebr komunikimet elektronike do t\u00eb lejojn\u00eb organet qeveritare, Autoritetin e Mediave Shqiptare [&hellip;]<\/p>\n","protected":false,"gt_translate_keys":[{"key":"rendered","format":"html"}]},"author":51,"featured_media":340046,"comment_status":"open","ping_status":"open","sticky":false,"template":"","format":"standard","meta":{"footnotes":""},"categories":[65,13],"tags":[],"class_list":["post-340044","post","type-post","status-publish","format-standard","has-post-thumbnail","hentry","category-lajme","category-te-fundit"],"gt_translate_keys":[{"key":"link","format":"url"}],"_links":{"self":[{"href":"https:\/\/www.hashtag.al\/index.php\/wp-json\/wp\/v2\/posts\/340044","targetHints":{"allow":["GET"]}}],"collection":[{"href":"https:\/\/www.hashtag.al\/index.php\/wp-json\/wp\/v2\/posts"}],"about":[{"href":"https:\/\/www.hashtag.al\/index.php\/wp-json\/wp\/v2\/types\/post"}],"author":[{"embeddable":true,"href":"https:\/\/www.hashtag.al\/index.php\/wp-json\/wp\/v2\/users\/51"}],"replies":[{"embeddable":true,"href":"https:\/\/www.hashtag.al\/index.php\/wp-json\/wp\/v2\/comments?post=340044"}],"version-history":[{"count":0,"href":"https:\/\/www.hashtag.al\/index.php\/wp-json\/wp\/v2\/posts\/340044\/revisions"}],"wp:featuredmedia":[{"embeddable":true,"href":"https:\/\/www.hashtag.al\/index.php\/wp-json\/wp\/v2\/media\/340046"}],"wp:attachment":[{"href":"https:\/\/www.hashtag.al\/index.php\/wp-json\/wp\/v2\/media?parent=340044"}],"wp:term":[{"taxonomy":"category","embeddable":true,"href":"https:\/\/www.hashtag.al\/index.php\/wp-json\/wp\/v2\/categories?post=340044"},{"taxonomy":"post_tag","embeddable":true,"href":"https:\/\/www.hashtag.al\/index.php\/wp-json\/wp\/v2\/tags?post=340044"}],"curies":[{"name":"wp","href":"https:\/\/api.w.org\/{rel}","templated":true}]}}