{"id":339874,"date":"2019-12-09T17:41:00","date_gmt":"2019-12-09T16:41:00","guid":{"rendered":"https:\/\/hashtag.al\/?p=339874"},"modified":"2019-12-09T17:35:12","modified_gmt":"2019-12-09T16:35:12","slug":"humb-jeten-60-vjecari-ne-vore-u-perplas-nga-nje-makine","status":"publish","type":"post","link":"https:\/\/www.hashtag.al\/index.php\/2019\/12\/09\/humb-jeten-60-vjecari-ne-vore-u-perplas-nga-nje-makine\/","title":{"rendered":"Humb jet\u00ebn 60-vje\u00e7ari n\u00eb Vor\u00eb, u p\u00ebrplas nga nj\u00eb makin\u00eb","gt_translate_keys":[{"key":"rendered","format":"text"}]},"content":{"rendered":"<p><img loading=\"lazy\" decoding=\"async\" class=\"aligncenter size-full wp-image-328644\" src=\"https:\/\/hashtag.al\/wp-content\/uploads\/2019\/10\/shkembiikavajesaksident.jpg\" alt=\"\" width=\"1152\" height=\"864\" srcset=\"https:\/\/www.hashtag.al\/wp-content\/uploads\/2019\/10\/shkembiikavajesaksident.jpg 1152w, https:\/\/www.hashtag.al\/wp-content\/uploads\/2019\/10\/shkembiikavajesaksident-300x225.jpg 300w, https:\/\/www.hashtag.al\/wp-content\/uploads\/2019\/10\/shkembiikavajesaksident-768x576.jpg 768w, https:\/\/www.hashtag.al\/wp-content\/uploads\/2019\/10\/shkembiikavajesaksident-1024x768.jpg 1024w\" sizes=\"auto, (max-width: 1152px) 100vw, 1152px\" \/><\/p>\n<p><span style=\"color: #000000;\">Nj\u00eb 60-vje\u00e7ar ka humbur jet\u00ebn n\u00eb Prez\u00eb pasi u p\u00ebrlplas nga nj\u00eb mjet. <\/span><\/p>\n<p><span style=\"color: #000000;\">Sipas policis\u00eb, kalimtari ende i paidentifikuar \u00ebsht\u00eb p\u00ebrplasur nga nj\u00eb mjet q\u00eb drejtohej nga nj\u00eb person me iniciale A.L., e si pasoj\u00eb\u00a0 plag\u00ebcve ka nd\u00ebrruar jet\u00eb. <\/span><\/p>\n<p><span style=\"color: #000000;\">Drejtuesi i mjetit \u00ebsht\u00eb shoq\u00ebruar n\u00eb polici nd\u00ebrsa kjo e fundit po punon p\u00ebr identifikimin e viktim\u00ebs.<\/span><\/p>\n<p><span style=\"color: #000000;\"><strong>Tiran\u00eb\/Informacion Paraprak<\/strong><\/span><\/p>\n<p><span style=\"color: #000000;\"><em>Rreth or\u00ebs 16:56 n\u00eb fashtin Prez\u00eb, Vor\u00eb automjeti me drejtues shtetasin A. L ka aksidentuar nj\u00eb k\u00ebmb\u00ebsor ende t\u00eb paidentifikuar rreth 60 vje\u00e7.<\/em><\/span><\/p>\n<p><span style=\"color: #000000;\"><em>Si pasoj\u00eb e demtimeve t\u00eb marra k\u00ebmb\u00ebsori ka nd\u00ebrruar jet\u00eb.<\/em><\/span><\/p>\n<p><span style=\"color: #000000;\"><em>Drejtuesi i automjetit shtetasi A. L \u00ebsht\u00eb shoq\u00ebruar n\u00eb komisariat p\u00ebr veprime t\u00eb m\u00ebtejshme hetimore.<\/em><\/span><\/p>\n<p><span style=\"color: #000000;\"><em>Policia rrugore ndodhet n\u00eb vendngjarje ku vijon pun\u00ebn p\u00ebr sqarimin e rrethanave t\u00eb ngjarjes, si dhe identifikimin e trupit t\u00eb pajet\u00eb.<\/em><\/span><\/p>\n<p>&nbsp;<\/p>\n","protected":false,"gt_translate_keys":[{"key":"rendered","format":"html"}]},"excerpt":{"rendered":"<p>Nj\u00eb 60-vje\u00e7ar ka humbur jet\u00ebn n\u00eb Prez\u00eb pasi u p\u00ebrlplas nga nj\u00eb mjet. Sipas policis\u00eb, kalimtari ende i paidentifikuar \u00ebsht\u00eb p\u00ebrplasur nga nj\u00eb mjet q\u00eb drejtohej nga nj\u00eb person me iniciale A.L., e si pasoj\u00eb\u00a0 plag\u00ebcve ka nd\u00ebrruar jet\u00eb. Drejtuesi i mjetit \u00ebsht\u00eb shoq\u00ebruar n\u00eb polici nd\u00ebrsa kjo e fundit po punon p\u00ebr identifikimin e [&hellip;]<\/p>\n","protected":false,"gt_translate_keys":[{"key":"rendered","format":"html"}]},"author":51,"featured_media":328644,"comment_status":"open","ping_status":"open","sticky":false,"template":"","format":"standard","meta":{"footnotes":""},"categories":[65,13],"tags":[],"class_list":["post-339874","post","type-post","status-publish","format-standard","has-post-thumbnail","hentry","category-lajme","category-te-fundit"],"gt_translate_keys":[{"key":"link","format":"url"}],"_links":{"self":[{"href":"https:\/\/www.hashtag.al\/index.php\/wp-json\/wp\/v2\/posts\/339874","targetHints":{"allow":["GET"]}}],"collection":[{"href":"https:\/\/www.hashtag.al\/index.php\/wp-json\/wp\/v2\/posts"}],"about":[{"href":"https:\/\/www.hashtag.al\/index.php\/wp-json\/wp\/v2\/types\/post"}],"author":[{"embeddable":true,"href":"https:\/\/www.hashtag.al\/index.php\/wp-json\/wp\/v2\/users\/51"}],"replies":[{"embeddable":true,"href":"https:\/\/www.hashtag.al\/index.php\/wp-json\/wp\/v2\/comments?post=339874"}],"version-history":[{"count":0,"href":"https:\/\/www.hashtag.al\/index.php\/wp-json\/wp\/v2\/posts\/339874\/revisions"}],"wp:featuredmedia":[{"embeddable":true,"href":"https:\/\/www.hashtag.al\/index.php\/wp-json\/wp\/v2\/media\/328644"}],"wp:attachment":[{"href":"https:\/\/www.hashtag.al\/index.php\/wp-json\/wp\/v2\/media?parent=339874"}],"wp:term":[{"taxonomy":"category","embeddable":true,"href":"https:\/\/www.hashtag.al\/index.php\/wp-json\/wp\/v2\/categories?post=339874"},{"taxonomy":"post_tag","embeddable":true,"href":"https:\/\/www.hashtag.al\/index.php\/wp-json\/wp\/v2\/tags?post=339874"}],"curies":[{"name":"wp","href":"https:\/\/api.w.org\/{rel}","templated":true}]}}