{"id":339450,"date":"2019-12-07T21:22:43","date_gmt":"2019-12-07T20:22:43","guid":{"rendered":"https:\/\/hashtag.al\/?p=339450"},"modified":"2019-12-07T21:34:24","modified_gmt":"2019-12-07T20:34:24","slug":"kurti-paralajmeron-mustafen-vetevendosjes-i-shkojne-per-shtat-zgjedhjet-e-reja","status":"publish","type":"post","link":"https:\/\/www.hashtag.al\/index.php\/2019\/12\/07\/kurti-paralajmeron-mustafen-vetevendosjes-i-shkojne-per-shtat-zgjedhjet-e-reja\/","title":{"rendered":"Kurti paralajm\u00ebron Mustaf\u00ebn: Vet\u00ebvendosjes i shkojn\u00eb p\u00ebr shtat zgjedhjet e reja","gt_translate_keys":[{"key":"rendered","format":"text"}]},"content":{"rendered":"<p><img loading=\"lazy\" decoding=\"async\" class=\"aligncenter size-full wp-image-339451\" src=\"https:\/\/hashtag.al\/wp-content\/uploads\/2019\/12\/albinkurtiisamustafa.jpg\" alt=\"\" width=\"1200\" height=\"729\" srcset=\"https:\/\/www.hashtag.al\/wp-content\/uploads\/2019\/12\/albinkurtiisamustafa.jpg 1200w, https:\/\/www.hashtag.al\/wp-content\/uploads\/2019\/12\/albinkurtiisamustafa-300x182.jpg 300w, https:\/\/www.hashtag.al\/wp-content\/uploads\/2019\/12\/albinkurtiisamustafa-768x467.jpg 768w, https:\/\/www.hashtag.al\/wp-content\/uploads\/2019\/12\/albinkurtiisamustafa-1024x622.jpg 1024w\" sizes=\"auto, (max-width: 1200px) 100vw, 1200px\" \/><\/p>\n<p><span style=\"color: #000000;\">Kreu i Vet\u00ebvendosjes, Kurti, ka \u201ck\u00ebrc\u00ebnuar\u201d LDK-n\u00eb, se n\u00ebse nuk arrihet nj\u00eb marr\u00ebveshje p\u00ebr bashk\u00ebqeverisje, vendi do shkoj\u00eb n\u00eb zgjedhje t\u00eb parakohshme. <\/span><\/p>\n<p><span style=\"color: #000000;\">Kandidati p\u00ebr kryminist\u00ebr t\u00eb Kosov\u00ebs e ka b\u00ebr\u00eb deklarat\u00ebn n\u00eb nj\u00eb intervist\u00eb p\u00ebr RTK-n\u00eb, ku ka theksuar se forc\u00ebs politike q\u00eb drejton do i shkonte p\u00ebr shtat shkuarja n\u00eb zgjedhje, shkruan &#8216;Lajmi.net&#8217;.<\/span><\/p>\n<p><span style=\"color: #000000;\"><em>\u2018Jam i udh\u00ebhequr nga interesi i p\u00ebrgjithsh\u00ebm, nga interesi shtet\u00ebror q\u00eb k\u00ebrkon sa m\u00eb par\u00eb nj\u00eb udh\u00ebheqje qeveris\u00ebse nga LVV-ja dhe LDK-ja\u2019<\/em>, tha Kurti. <\/span><\/p>\n<p><span style=\"color: #000000;\">Ai ka th\u00ebn\u00eb se n\u00eb takimet me kreun e LDK-s\u00eb, Mustafa, nuk jan\u00eb diskutuar emra t\u00eb p\u00ebrve\u00e7\u00ebm p\u00ebr presidentin, por ia ka than\u00eb se vendi ka plot emra, por sipas tij, s\u00eb pari \u00ebsht\u00eb e r\u00ebnd\u00ebsishme t\u00eb plot\u00ebsohen postet e kryeministrit, kryeparlamentarit dhe 12 ministrave dhe pastaj t\u00eb flitet p\u00ebr postin e presidentit.<\/span><\/p>\n","protected":false,"gt_translate_keys":[{"key":"rendered","format":"html"}]},"excerpt":{"rendered":"<p>Kreu i Vet\u00ebvendosjes, Kurti, ka \u201ck\u00ebrc\u00ebnuar\u201d LDK-n\u00eb, se n\u00ebse nuk arrihet nj\u00eb marr\u00ebveshje p\u00ebr bashk\u00ebqeverisje, vendi do shkoj\u00eb n\u00eb zgjedhje t\u00eb parakohshme. Kandidati p\u00ebr kryminist\u00ebr t\u00eb Kosov\u00ebs e ka b\u00ebr\u00eb deklarat\u00ebn n\u00eb nj\u00eb intervist\u00eb p\u00ebr RTK-n\u00eb, ku ka theksuar se forc\u00ebs politike q\u00eb drejton do i shkonte p\u00ebr shtat shkuarja n\u00eb zgjedhje, shkruan &#8216;Lajmi.net&#8217;. \u2018Jam [&hellip;]<\/p>\n","protected":false,"gt_translate_keys":[{"key":"rendered","format":"html"}]},"author":51,"featured_media":339451,"comment_status":"open","ping_status":"open","sticky":false,"template":"","format":"standard","meta":{"footnotes":""},"categories":[149,6],"tags":[],"class_list":["post-339450","post","type-post","status-publish","format-standard","has-post-thumbnail","hentry","category-kosoverajon","category-nderkombetare"],"gt_translate_keys":[{"key":"link","format":"url"}],"_links":{"self":[{"href":"https:\/\/www.hashtag.al\/index.php\/wp-json\/wp\/v2\/posts\/339450","targetHints":{"allow":["GET"]}}],"collection":[{"href":"https:\/\/www.hashtag.al\/index.php\/wp-json\/wp\/v2\/posts"}],"about":[{"href":"https:\/\/www.hashtag.al\/index.php\/wp-json\/wp\/v2\/types\/post"}],"author":[{"embeddable":true,"href":"https:\/\/www.hashtag.al\/index.php\/wp-json\/wp\/v2\/users\/51"}],"replies":[{"embeddable":true,"href":"https:\/\/www.hashtag.al\/index.php\/wp-json\/wp\/v2\/comments?post=339450"}],"version-history":[{"count":0,"href":"https:\/\/www.hashtag.al\/index.php\/wp-json\/wp\/v2\/posts\/339450\/revisions"}],"wp:featuredmedia":[{"embeddable":true,"href":"https:\/\/www.hashtag.al\/index.php\/wp-json\/wp\/v2\/media\/339451"}],"wp:attachment":[{"href":"https:\/\/www.hashtag.al\/index.php\/wp-json\/wp\/v2\/media?parent=339450"}],"wp:term":[{"taxonomy":"category","embeddable":true,"href":"https:\/\/www.hashtag.al\/index.php\/wp-json\/wp\/v2\/categories?post=339450"},{"taxonomy":"post_tag","embeddable":true,"href":"https:\/\/www.hashtag.al\/index.php\/wp-json\/wp\/v2\/tags?post=339450"}],"curies":[{"name":"wp","href":"https:\/\/api.w.org\/{rel}","templated":true}]}}