{"id":339218,"date":"2019-12-06T15:43:47","date_gmt":"2019-12-06T14:43:47","guid":{"rendered":"https:\/\/hashtag.al\/?p=339218"},"modified":"2019-12-06T15:45:55","modified_gmt":"2019-12-06T14:45:55","slug":"mynyr-koni-firmos-urdhrin-kur-fillon-mesimi-per-universitetin-e-tiranes","status":"publish","type":"post","link":"https:\/\/www.hashtag.al\/index.php\/2019\/12\/06\/mynyr-koni-firmos-urdhrin-kur-fillon-mesimi-per-universitetin-e-tiranes\/","title":{"rendered":"Mynyr Koni firmos urdhrin, kur fillon m\u00ebsimi p\u00ebr Universitetin e Tiran\u00ebs","gt_translate_keys":[{"key":"rendered","format":"text"}]},"content":{"rendered":"<p><span style=\"color: #000000;\"><a style=\"color: #000000;\" href=\"https:\/\/hashtag.al\/wp-content\/uploads\/2019\/11\/konimynyr-e1575060180232.jpg\"><img loading=\"lazy\" decoding=\"async\" class=\"aligncenter size-full wp-image-337607\" src=\"https:\/\/hashtag.al\/wp-content\/uploads\/2019\/11\/konimynyr-e1575060180232.jpg\" alt=\"\" width=\"884\" height=\"530\" srcset=\"https:\/\/www.hashtag.al\/wp-content\/uploads\/2019\/11\/konimynyr-e1575060180232.jpg 884w, https:\/\/www.hashtag.al\/wp-content\/uploads\/2019\/11\/konimynyr-e1575060180232-300x180.jpg 300w, https:\/\/www.hashtag.al\/wp-content\/uploads\/2019\/11\/konimynyr-e1575060180232-768x460.jpg 768w\" sizes=\"auto, (max-width: 884px) 100vw, 884px\" \/><\/a><\/span><\/p>\n<p><span style=\"color: #000000;\">Student\u00ebt e Tiran\u00ebs do t\u00eb rifillojn\u00eb procesin e m\u00ebsimit t\u00eb mart\u00ebn e 10 dhjetorit.<\/span><\/p>\n<p><span style=\"color: #000000;\">Rektori i Universitetit t\u00eb Tiran\u00ebs, Mynyr Koni, ka firmosur sot urdhrin p\u00ebr rifillimin e procesit m\u00ebsimor.<\/span><\/p>\n<p><span style=\"color: #000000;\"><em>\u00a0\u201cUrdh\u00ebroj rifillimin e procesit m\u00ebsimor n\u00eb t\u00eb gjitha nj\u00ebsit\u00eb kryesore t\u00eb Universitetit t\u00eb Tiran\u00ebs, n\u00eb dat\u00ebn 10 dhjetor 2019.&#8221;<\/em>&#8211; shkruan ai.<\/span><\/p>\n<p><span style=\"color: #000000;\">Pas t\u00ebrmetit t\u00eb 26 n\u00ebntorit q\u00eb shkaktoi 51 viktima, plagosi qindra njer\u00ebz e la mij\u00ebra njer\u00ebz pa banesa, nuk la pa prekur as institucionet arsimore. P\u00ebr k\u00ebt\u00eb ishte i nevojsh\u00ebm pezullimi i m\u00ebsimit deri pas p\u00ebrfundimit t\u00eb verifikimeve n\u00ebse godinat e shkollave dhe universiteteve plot\u00ebsojn\u00eb standardet e siguris\u00eb. N\u00eb Tiran\u00eb, m\u00ebsimi p\u00ebr shkollat fillore dhe gjimnazet do t\u00eb rinis\u00eb n\u00eb dat\u00ebn 9 dhjetor.<\/span><\/p>\n<p><span style=\"color: #000000;\"><a style=\"color: #000000;\" href=\"https:\/\/hashtag.al\/wp-content\/uploads\/2019\/12\/78736573_1218343185003110_6002813732189634560_n.jpg\"><img loading=\"lazy\" decoding=\"async\" class=\"aligncenter size-full wp-image-339220\" src=\"https:\/\/hashtag.al\/wp-content\/uploads\/2019\/12\/78736573_1218343185003110_6002813732189634560_n.jpg\" alt=\"\" width=\"677\" height=\"960\" srcset=\"https:\/\/www.hashtag.al\/wp-content\/uploads\/2019\/12\/78736573_1218343185003110_6002813732189634560_n.jpg 677w, https:\/\/www.hashtag.al\/wp-content\/uploads\/2019\/12\/78736573_1218343185003110_6002813732189634560_n-212x300.jpg 212w\" sizes=\"auto, (max-width: 677px) 100vw, 677px\" \/><\/a><\/span><\/p>\n","protected":false,"gt_translate_keys":[{"key":"rendered","format":"html"}]},"excerpt":{"rendered":"<p>Student\u00ebt e Tiran\u00ebs do t\u00eb rifillojn\u00eb procesin e m\u00ebsimit t\u00eb mart\u00ebn e 10 dhjetorit. Rektori i Universitetit t\u00eb Tiran\u00ebs, Mynyr Koni, ka firmosur sot urdhrin p\u00ebr rifillimin e procesit m\u00ebsimor. \u00a0\u201cUrdh\u00ebroj rifillimin e procesit m\u00ebsimor n\u00eb t\u00eb gjitha nj\u00ebsit\u00eb kryesore t\u00eb Universitetit t\u00eb Tiran\u00ebs, n\u00eb dat\u00ebn 10 dhjetor 2019.&#8221;&#8211; shkruan ai. Pas t\u00ebrmetit t\u00eb 26 [&hellip;]<\/p>\n","protected":false,"gt_translate_keys":[{"key":"rendered","format":"html"}]},"author":30,"featured_media":308474,"comment_status":"open","ping_status":"open","sticky":false,"template":"","format":"standard","meta":{"footnotes":""},"categories":[65,13],"tags":[],"class_list":["post-339218","post","type-post","status-publish","format-standard","has-post-thumbnail","hentry","category-lajme","category-te-fundit"],"gt_translate_keys":[{"key":"link","format":"url"}],"_links":{"self":[{"href":"https:\/\/www.hashtag.al\/index.php\/wp-json\/wp\/v2\/posts\/339218","targetHints":{"allow":["GET"]}}],"collection":[{"href":"https:\/\/www.hashtag.al\/index.php\/wp-json\/wp\/v2\/posts"}],"about":[{"href":"https:\/\/www.hashtag.al\/index.php\/wp-json\/wp\/v2\/types\/post"}],"author":[{"embeddable":true,"href":"https:\/\/www.hashtag.al\/index.php\/wp-json\/wp\/v2\/users\/30"}],"replies":[{"embeddable":true,"href":"https:\/\/www.hashtag.al\/index.php\/wp-json\/wp\/v2\/comments?post=339218"}],"version-history":[{"count":0,"href":"https:\/\/www.hashtag.al\/index.php\/wp-json\/wp\/v2\/posts\/339218\/revisions"}],"wp:featuredmedia":[{"embeddable":true,"href":"https:\/\/www.hashtag.al\/index.php\/wp-json\/wp\/v2\/media\/308474"}],"wp:attachment":[{"href":"https:\/\/www.hashtag.al\/index.php\/wp-json\/wp\/v2\/media?parent=339218"}],"wp:term":[{"taxonomy":"category","embeddable":true,"href":"https:\/\/www.hashtag.al\/index.php\/wp-json\/wp\/v2\/categories?post=339218"},{"taxonomy":"post_tag","embeddable":true,"href":"https:\/\/www.hashtag.al\/index.php\/wp-json\/wp\/v2\/tags?post=339218"}],"curies":[{"name":"wp","href":"https:\/\/api.w.org\/{rel}","templated":true}]}}