{"id":339107,"date":"2019-12-06T09:56:44","date_gmt":"2019-12-06T08:56:44","guid":{"rendered":"https:\/\/hashtag.al\/?p=339107"},"modified":"2019-12-06T10:02:04","modified_gmt":"2019-12-06T09:02:04","slug":"arta-marku-i-dorezon-detyren-olsian-celes-jam-e-sigurt-se-do-kaloni-mire-me-te","status":"publish","type":"post","link":"https:\/\/www.hashtag.al\/index.php\/2019\/12\/06\/arta-marku-i-dorezon-detyren-olsian-celes-jam-e-sigurt-se-do-kaloni-mire-me-te\/","title":{"rendered":"Arta Marku i dor\u00ebzon detyr\u00ebn Olsian \u00c7el\u00ebs: Jam e sigurt se do kaloni mir\u00eb me t\u00eb","gt_translate_keys":[{"key":"rendered","format":"text"}]},"content":{"rendered":"<p><a href=\"https:\/\/hashtag.al\/wp-content\/uploads\/2019\/12\/Marku.jpg\"><img loading=\"lazy\" decoding=\"async\" class=\"aligncenter size-full wp-image-339108\" src=\"https:\/\/hashtag.al\/wp-content\/uploads\/2019\/12\/Marku.jpg\" alt=\"\" width=\"780\" height=\"440\" srcset=\"https:\/\/www.hashtag.al\/wp-content\/uploads\/2019\/12\/Marku.jpg 780w, https:\/\/www.hashtag.al\/wp-content\/uploads\/2019\/12\/Marku-300x169.jpg 300w, https:\/\/www.hashtag.al\/wp-content\/uploads\/2019\/12\/Marku-768x433.jpg 768w\" sizes=\"auto, (max-width: 780px) 100vw, 780px\" \/><\/a><\/p>\n<p><span style=\"color: #000000;\">Kryeprokurorja e p\u00ebrkohshme, Arta Marku, i dor\u00ebzoi sot detyr\u00ebn kreut t\u00eb ri t\u00eb prokuroris\u00eb s\u00eb P\u00ebrgjithshme t\u00eb zgjedhur nj\u00eb dit\u00eb m\u00eb par\u00eb nga Kuvendi, Olsian \u00c7ela.<\/span><\/p>\n<p><span style=\"color: #000000;\"><em>&#8220;Urime prokurorit t\u00eb ri t\u00eb P\u00ebrgjithsh\u00ebm dhe suksese. Kam besim q\u00eb prokuroria do t\u00eb ec\u00eb p\u00ebrpara n\u00eb p\u00ebrmbushjen e misionit t\u00eb saj kushtetues. Jam shum\u00eb e lumtur q\u00eb detyr\u00ebn ja pasoj nj\u00eb shokut tim t\u00eb klas\u00ebs dhe jam e sigurt q\u00eb do t\u00eb kaloni shum\u00eb mir\u00eb me t\u00eb.&#8221;<\/em>&#8211; tha Marku.<\/span><\/p>\n<p><span style=\"color: #000000;\">Detyr\u00ebn kryeprokurorja e p\u00ebrkohshme ia dor\u00ebzoi ish-shokut t\u00eb klas\u00ebs me plot emocione, saq\u00eb u detyrua t\u00eb k\u00ebrkonte falje p\u00ebr frym\u00ebmarrjen e saj t\u00eb shpeshtuar. Marku u justifikua p\u00ebr k\u00ebt\u00eb me ngjitjen e shkall\u00ebve.<\/span><\/p>\n<p><span style=\"color: #000000;\">Nd\u00ebrkoh\u00eb, \u00c7ela e nisi detyr\u00ebn duke p\u00ebrmendur situat\u00ebn e v\u00ebshtir\u00eb n\u00eb t\u00eb cil\u00ebn po kalon vendi. Ai tha se njer\u00ebzit k\u00ebrkojn\u00eb drejt\u00ebsi dhe p\u00ebrgjigja e institucionit q\u00eb ai do drejtoj\u00eb duhet t\u00eb jet\u00eb konkrete.<\/span><\/p>\n<p><em><span style=\"color: #000000;\">&#8220;Ndoshta \u00ebsht\u00eb hera e par\u00eb q\u00eb kalon detyra n\u00eb k\u00ebt\u00eb m\u00ebnyr\u00eb n\u00eb k\u00ebt\u00eb institucion. Transparenca \u00ebsht\u00eb m\u00ebnyra m\u00eb e mir\u00eb p\u00ebr t\u00eb rritur besimin e institucioneve dhe te publiku. Falenderoj dhe vler\u00ebsoj Markun p\u00ebr k\u00ebt\u00eb pun\u00eb n\u00eb k\u00ebto dy vite, n\u00eb nj\u00eb faz\u00eb tranzicioni, ku vendi \u00ebsht\u00eb p\u00ebrballur me mjaft probleme t\u00eb m\u00ebdha. Ajo ka b\u00ebr\u00eb m\u00eb t\u00eb mir\u00ebn e mundshme. Tani hyjm\u00eb n\u00eb nj\u00eb faz\u00eb t\u00eb re, ku po nd\u00ebrtohen institucionet e reja t\u00eb drejt\u00ebsis\u00eb. Prokuroria ka p\u00ebsuar ndryshime rr\u00ebnj\u00ebsore, kjo k\u00ebrkon nj\u00eb angazhim t\u00eb ri dhe konceptim t\u00eb ri si duhet t\u00eb funksionoj\u00eb ky organ. Kemi kapacitetet p\u00ebr t&#8217;i dh\u00ebn\u00eb vendit nj\u00eb t\u00eb ardhme m\u00eb t\u00eb mir\u00eb, q\u00eb Shqip\u00ebria t\u00eb b\u00ebhet pjes\u00eb e familjes s\u00eb BE, rezultatet e pun\u00ebs son\u00eb kan\u00eb r\u00ebnd\u00ebsi t\u00eb jasht\u00ebzakonshme. N\u00eb k\u00ebto kushte, un\u00eb mendoj se ka tashm\u00eb ka mund\u00ebsi q\u00eb Kryeprokurori mund t\u00eb jap\u00eb kontribut p\u00ebr t&#8217;u dh\u00ebn\u00eb jet\u00eb ideve t\u00eb reja.<\/span><\/em><\/p>\n<p><span style=\"color: #000000;\"><em>Sot ne ndodhemi n\u00eb nj\u00eb faz\u00eb t\u00eb v\u00ebshtir\u00eb, vendi po p\u00ebrballet me nj\u00eb kriz\u00eb p\u00ebr shkak t\u00eb ngjarjeve t\u00eb fundit t\u00eb muajit n\u00ebntor. P\u00ebrgjigja q\u00eb prokuroria duhet t\u00eb jap\u00eb n\u00eb rastin konkret duhet t\u00eb jet\u00eb, spikas\u00eb n\u00eb raport me at\u00eb q\u00eb po b\u00ebjn\u00eb institucionet e tjera, pasi njer\u00ebzit k\u00ebrkojn\u00eb drejt\u00ebsi, dhe gj\u00ebrat t\u00eb b\u00ebhen konkrete. \u00cbsht\u00eb nj\u00eb rast q\u00eb jemi n\u00eb lart\u00ebsin\u00eb e asaj q\u00eb pret vendi dhe njer\u00ebzit presin. Do t\u00eb gjejm\u00eb t\u00eb gjith\u00eb mekanizmat p\u00ebr t\u00eb arritur at\u00eb q\u00eb populli pret n\u00eb raport me prokurorin\u00eb. Cdo gj\u00eb nuk shkon, vaj ndryshimet gjithmon\u00eb jan\u00eb pozitive. Vendi \u00ebsht\u00eb n\u00eb rrug\u00ebn e duhur dhe e ardhmja do t\u00eb jet\u00eb m\u00eb e mir\u00eb&#8221;<\/em>&#8211; tha \u00c7ela.<\/span><\/p>\n","protected":false,"gt_translate_keys":[{"key":"rendered","format":"html"}]},"excerpt":{"rendered":"<p>Kryeprokurorja e p\u00ebrkohshme, Arta Marku, i dor\u00ebzoi sot detyr\u00ebn kreut t\u00eb ri t\u00eb prokuroris\u00eb s\u00eb P\u00ebrgjithshme t\u00eb zgjedhur nj\u00eb dit\u00eb m\u00eb par\u00eb nga Kuvendi, Olsian \u00c7ela. &#8220;Urime prokurorit t\u00eb ri t\u00eb P\u00ebrgjithsh\u00ebm dhe suksese. Kam besim q\u00eb prokuroria do t\u00eb ec\u00eb p\u00ebrpara n\u00eb p\u00ebrmbushjen e misionit t\u00eb saj kushtetues. Jam shum\u00eb e lumtur q\u00eb detyr\u00ebn [&hellip;]<\/p>\n","protected":false,"gt_translate_keys":[{"key":"rendered","format":"html"}]},"author":30,"featured_media":339108,"comment_status":"open","ping_status":"open","sticky":false,"template":"","format":"standard","meta":{"footnotes":""},"categories":[65,13],"tags":[],"class_list":["post-339107","post","type-post","status-publish","format-standard","has-post-thumbnail","hentry","category-lajme","category-te-fundit"],"gt_translate_keys":[{"key":"link","format":"url"}],"_links":{"self":[{"href":"https:\/\/www.hashtag.al\/index.php\/wp-json\/wp\/v2\/posts\/339107","targetHints":{"allow":["GET"]}}],"collection":[{"href":"https:\/\/www.hashtag.al\/index.php\/wp-json\/wp\/v2\/posts"}],"about":[{"href":"https:\/\/www.hashtag.al\/index.php\/wp-json\/wp\/v2\/types\/post"}],"author":[{"embeddable":true,"href":"https:\/\/www.hashtag.al\/index.php\/wp-json\/wp\/v2\/users\/30"}],"replies":[{"embeddable":true,"href":"https:\/\/www.hashtag.al\/index.php\/wp-json\/wp\/v2\/comments?post=339107"}],"version-history":[{"count":0,"href":"https:\/\/www.hashtag.al\/index.php\/wp-json\/wp\/v2\/posts\/339107\/revisions"}],"wp:featuredmedia":[{"embeddable":true,"href":"https:\/\/www.hashtag.al\/index.php\/wp-json\/wp\/v2\/media\/339108"}],"wp:attachment":[{"href":"https:\/\/www.hashtag.al\/index.php\/wp-json\/wp\/v2\/media?parent=339107"}],"wp:term":[{"taxonomy":"category","embeddable":true,"href":"https:\/\/www.hashtag.al\/index.php\/wp-json\/wp\/v2\/categories?post=339107"},{"taxonomy":"post_tag","embeddable":true,"href":"https:\/\/www.hashtag.al\/index.php\/wp-json\/wp\/v2\/tags?post=339107"}],"curies":[{"name":"wp","href":"https:\/\/api.w.org\/{rel}","templated":true}]}}