{"id":339102,"date":"2019-12-06T09:38:56","date_gmt":"2019-12-06T08:38:56","guid":{"rendered":"https:\/\/hashtag.al\/?p=339102"},"modified":"2019-12-06T09:41:23","modified_gmt":"2019-12-06T08:41:23","slug":"rama-e-konfirmon-ska-shperblime-per-vitin-e-ri","status":"publish","type":"post","link":"https:\/\/www.hashtag.al\/index.php\/2019\/12\/06\/rama-e-konfirmon-ska-shperblime-per-vitin-e-ri\/","title":{"rendered":"Rama e konfirmon: S&#8217;ka shp\u00ebrblime p\u00ebr Vitin e Ri","gt_translate_keys":[{"key":"rendered","format":"text"}]},"content":{"rendered":"<p><a href=\"https:\/\/hashtag.al\/wp-content\/uploads\/2019\/12\/Rama-babagjysh.jpg\"><img loading=\"lazy\" decoding=\"async\" class=\"aligncenter size-full wp-image-339103\" src=\"https:\/\/hashtag.al\/wp-content\/uploads\/2019\/12\/Rama-babagjysh.jpg\" alt=\"\" width=\"1024\" height=\"576\" srcset=\"https:\/\/www.hashtag.al\/wp-content\/uploads\/2019\/12\/Rama-babagjysh.jpg 1024w, https:\/\/www.hashtag.al\/wp-content\/uploads\/2019\/12\/Rama-babagjysh-300x169.jpg 300w, https:\/\/www.hashtag.al\/wp-content\/uploads\/2019\/12\/Rama-babagjysh-768x432.jpg 768w\" sizes=\"auto, (max-width: 1024px) 100vw, 1024px\" \/><\/a><\/p>\n<p><span style=\"color: #000000;\">Kryeministri Edi Rama ka pranuar n\u00eb mbledhjen e sotme t\u00eb jasht\u00ebzakonshme t\u00eb K\u00ebshillit t\u00eb Ministrave, se nuk do t\u00eb ket\u00eb fonde p\u00ebr shp\u00ebrblime me rastin e Vitit t\u00eb Ri. Ai po ashtu mohoi z\u00ebrat se ka detyruar punonj\u00ebsit e administrat\u00ebs t\u00eb dhurojn\u00eb nj\u00eb pjes\u00eb t\u00eb rrog\u00ebs s\u00eb tyre me detyrim. Rama thot\u00eb se \u00e7do gj\u00eb \u00ebsht\u00eb b\u00ebr\u00eb n\u00eb m\u00ebnyr\u00eb vullnetare.<\/span><\/p>\n<p><em><span style=\"color: #000000;\">\u00a0\u201cEdhe di\u00e7ka q\u00eb lidhet me vendimin q\u00eb do kalojm\u00eb nj\u00eb ndryshim n\u00eb vendimin nr. 929 p\u00ebr krijimin dhe p\u00ebrdorimin e fondit t\u00eb ve\u00e7ant\u00eb t\u00eb ndryshuar. \u00cbsht\u00eb nj\u00eb vendim q\u00eb ndalon rrept\u00ebsisht p\u00ebrdorimin e fondit t\u00eb ve\u00e7ant\u00eb p\u00ebr vitin buxhetor p\u00ebr veprimtari social kulturore dhe shp\u00ebrblime punonj\u00ebsish n\u00eb institucione p\u00ebr Vitin e Ri, ato q\u00eb b\u00ebhen zakonisht. Me k\u00ebt\u00eb rast dua t\u2019i fal\u00ebnderoj t\u00eb gjith\u00eb ata q\u00eb kan\u00eb marr\u00eb pjes\u00eb n\u00eb dhurim, kryetar\u00eb bashkish, drejtues institucionesh, punonj\u00ebs. Refuzoj komplet shpifjen tjet\u00ebr q\u00eb ne paskemi detyruar gjith\u00eb punonj\u00ebsit t\u00eb japin lek\u00eb nga\u00a0rroga se s\u2019kemi lek\u00eb. Kjo \u00ebsht\u00eb pav\u00ebrtet\u00eb. Asgj\u00eb nuk \u00ebsht\u00eb b\u00ebr\u00eb n\u00eb m\u00ebnyr\u00eb detyruese. T\u00eb gjith\u00eb jan\u00eb ftuar t\u00eb japin kontribut vullnetar. Ne vet\u00eb i dedikuam rrog\u00ebn e n\u00ebntorit k\u00ebtij procesi, kryetar\u00eb bashkish b\u00ebn\u00eb t\u00eb nj\u00ebjt\u00ebn gj\u00eb, drejtues po ashtu, punonj\u00ebsit jo t\u00eb gjith\u00eb dhe nuk ka asnj\u00eb problem.<\/span><\/em><\/p>\n<p><span style=\"color: #000000;\"><em>Askush nuk duhet t\u00eb dedikoj\u00eb fond nga institucione buxhetore apo jo buxhetore, nga institucione publike t\u00eb krijuar me ligj t\u00eb posa\u00e7\u00ebm, nga institucione t\u00eb qeverisjes vendore, nj\u00ebsi t\u00eb fondeve speciale nd\u00ebrmarrje e shoq\u00ebri tregtare me kapital mbi 50% shtet\u00ebror n\u00eb var\u00ebsi t\u00eb institucioneve qendrore e vendore p\u00ebr Vitin e Ri, p\u00ebr darka e p\u00ebr valle, p\u00ebrkundrazi duhet t\u00eb organizoheni t\u00eb gjith\u00eb q\u00eb gjitha institucionet t\u00eb ndajn\u00eb nj\u00eb pjes\u00eb t\u00eb koh\u00ebs, t\u00eb festave me njer\u00ebzit q\u00eb jan\u00eb atje, t\u00eb shkojn\u00eb, t\u2019i vizitojn\u00eb, t\u00eb \u00e7ojn\u00eb dhurata p\u00ebr Vitin e Ri p\u00ebr f\u00ebmij\u00ebt\u201d<\/em>, deklaroi Rama.<\/span><\/p>\n<p><span style=\"color: #000000;\">K\u00ebshtu k\u00ebt\u00eb vit, m\u00ebsuesit apo dhe pensionist\u00ebt nuk do t\u00eb g\u00ebzojn\u00eb at\u00eb fondin shtes\u00eb q\u00eb marrin si shp\u00ebrblim \u00e7do fund viti.<\/span><\/p>\n<p>&nbsp;<\/p>\n","protected":false,"gt_translate_keys":[{"key":"rendered","format":"html"}]},"excerpt":{"rendered":"<p>Kryeministri Edi Rama ka pranuar n\u00eb mbledhjen e sotme t\u00eb jasht\u00ebzakonshme t\u00eb K\u00ebshillit t\u00eb Ministrave, se nuk do t\u00eb ket\u00eb fonde p\u00ebr shp\u00ebrblime me rastin e Vitit t\u00eb Ri. Ai po ashtu mohoi z\u00ebrat se ka detyruar punonj\u00ebsit e administrat\u00ebs t\u00eb dhurojn\u00eb nj\u00eb pjes\u00eb t\u00eb rrog\u00ebs s\u00eb tyre me detyrim. Rama thot\u00eb se \u00e7do gj\u00eb [&hellip;]<\/p>\n","protected":false,"gt_translate_keys":[{"key":"rendered","format":"html"}]},"author":30,"featured_media":339103,"comment_status":"open","ping_status":"open","sticky":false,"template":"","format":"standard","meta":{"footnotes":""},"categories":[65,13],"tags":[],"class_list":["post-339102","post","type-post","status-publish","format-standard","has-post-thumbnail","hentry","category-lajme","category-te-fundit"],"gt_translate_keys":[{"key":"link","format":"url"}],"_links":{"self":[{"href":"https:\/\/www.hashtag.al\/index.php\/wp-json\/wp\/v2\/posts\/339102","targetHints":{"allow":["GET"]}}],"collection":[{"href":"https:\/\/www.hashtag.al\/index.php\/wp-json\/wp\/v2\/posts"}],"about":[{"href":"https:\/\/www.hashtag.al\/index.php\/wp-json\/wp\/v2\/types\/post"}],"author":[{"embeddable":true,"href":"https:\/\/www.hashtag.al\/index.php\/wp-json\/wp\/v2\/users\/30"}],"replies":[{"embeddable":true,"href":"https:\/\/www.hashtag.al\/index.php\/wp-json\/wp\/v2\/comments?post=339102"}],"version-history":[{"count":0,"href":"https:\/\/www.hashtag.al\/index.php\/wp-json\/wp\/v2\/posts\/339102\/revisions"}],"wp:featuredmedia":[{"embeddable":true,"href":"https:\/\/www.hashtag.al\/index.php\/wp-json\/wp\/v2\/media\/339103"}],"wp:attachment":[{"href":"https:\/\/www.hashtag.al\/index.php\/wp-json\/wp\/v2\/media?parent=339102"}],"wp:term":[{"taxonomy":"category","embeddable":true,"href":"https:\/\/www.hashtag.al\/index.php\/wp-json\/wp\/v2\/categories?post=339102"},{"taxonomy":"post_tag","embeddable":true,"href":"https:\/\/www.hashtag.al\/index.php\/wp-json\/wp\/v2\/tags?post=339102"}],"curies":[{"name":"wp","href":"https:\/\/api.w.org\/{rel}","templated":true}]}}