{"id":338841,"date":"2019-12-05T08:06:44","date_gmt":"2019-12-05T07:06:44","guid":{"rendered":"https:\/\/hashtag.al\/?p=338841"},"modified":"2019-12-05T17:40:09","modified_gmt":"2019-12-05T16:40:09","slug":"macron-propozon-nje-konference-nderkombetare-per-te-ndihmuar-shqiperine","status":"publish","type":"post","link":"https:\/\/www.hashtag.al\/index.php\/2019\/12\/05\/macron-propozon-nje-konference-nderkombetare-per-te-ndihmuar-shqiperine\/","title":{"rendered":"Macron propozon nj\u00eb konferenc\u00eb nd\u00ebrkomb\u00ebtare p\u00ebr t\u00eb ndihmuar Shqip\u00ebrin\u00eb","gt_translate_keys":[{"key":"rendered","format":"text"}]},"content":{"rendered":"<p><a href=\"https:\/\/hashtag.al\/wp-content\/uploads\/2019\/12\/rama-Macron.jpg\"><img loading=\"lazy\" decoding=\"async\" class=\"aligncenter size-full wp-image-338842\" src=\"https:\/\/hashtag.al\/wp-content\/uploads\/2019\/12\/rama-Macron.jpg\" alt=\"\" width=\"770\" height=\"420\" srcset=\"https:\/\/www.hashtag.al\/wp-content\/uploads\/2019\/12\/rama-Macron.jpg 770w, https:\/\/www.hashtag.al\/wp-content\/uploads\/2019\/12\/rama-Macron-300x164.jpg 300w, https:\/\/www.hashtag.al\/wp-content\/uploads\/2019\/12\/rama-Macron-768x419.jpg 768w\" sizes=\"auto, (max-width: 770px) 100vw, 770px\" \/><\/a><\/p>\n<p><span style=\"color: #000000;\">Presidenti francez, Emmanuel Macron ka propozuar t\u00eb m\u00ebrkur\u00ebn organizimin e nj\u00eb konference nd\u00ebrkomb\u00ebtare p\u00ebr t\u00eb ndihmuar Shqip\u00ebrin\u00eb t\u00eb p\u00ebrballoj\u00eb situat\u00ebn e v\u00ebshtir\u00eb, pas t\u00ebrmetit t\u00eb 26 n\u00ebntorit.<\/span><\/p>\n<p><em><span style=\"color: #000000;\">\u201cKam nj\u00eb mesazh miq\u00ebsie e mb\u00ebshtetjeje p\u00ebr miqt\u00eb tan\u00eb shqiptar\u00eb. Shqip\u00ebria \u00ebsht\u00eb p\u00ebrballur me t\u00ebrmete t\u00eb tmerrshme jav\u00ebn e fundit me mbi 50 t\u00eb vdekur, me mij\u00ebra njer\u00ebz q\u00eb kan\u00eb humbur banesat e tyre, me familje n\u00eb zi. Franca ka d\u00ebrguar q\u00eb n\u00eb or\u00ebt e para ekipe t\u00eb siguris\u00eb civile q\u00eb kan\u00eb b\u00ebr\u00eb nj\u00eb pun\u00eb t\u00eb shk\u00eblqyer si\u00e7 Kryeministri Rama e evidentoi dje, kur ua tha zyrtarisht dje n\u00eb vendin e tij. Ne do vazhdojm\u00eb bashk\u00ebpunimin teknik. Dua t\u2019i shpreh Shqip\u00ebris\u00eb dhe shqiptar\u00ebve gjith\u00eb mb\u00ebshtetjen time. <\/span><\/em><\/p>\n<p><em><span style=\"color: #000000;\">Uroj q\u00eb jav\u00ebn e ardhshme gjat\u00eb samitit t\u00eb K\u00ebshillit Europian ne t\u00eb kemi nj\u00eb q\u00ebndrim t\u00eb p\u00ebrbashk\u00ebt mbi k\u00ebt\u00eb \u00e7\u00ebshtje dhe dua q\u00eb t\u00eb arrijm\u00eb t\u00eb organizojm\u00eb nj\u00eb konferenc\u00eb partner\u00ebsh, publike e private nj\u00ebkoh\u00ebsisht p\u00ebr t\u00eb organizuar dhurimet p\u00ebr rind\u00ebrtimin dhe shpenzimet e nevojave t\u00eb para p\u00ebr Shqip\u00ebrin\u00eb. Franca \u00ebsht\u00eb krejt e gatshme q\u00eb ta mikpres\u00eb nj\u00eb konferenc\u00eb t\u00eb till\u00eb&#8221;, <\/span><\/em><span style=\"color: #000000;\">&#8211; tha Macron pas samitit t\u00eb NATO-s n\u00eb Watford, af\u00ebr Londr\u00ebs.<\/span><\/p>\n<p><span style=\"color: #000000;\">Edhe pse Franca n\u00eb tetor ishte vendi kryesor q\u00eb refuzoi hapjen e negociatave me Shqip\u00ebrin\u00eb dhe Maqedonin\u00eb e Veriut, kur ndodhi t\u00ebrmeti tragjik n\u00eb Shqip\u00ebri, ishte nj\u00eb nd\u00ebr vendet e para q\u00eb solli n\u00eb vendin ton\u00eb ekipe t\u00eb k\u00ebrkim-shp\u00ebtimit p\u00ebr t\u00eb ndihmuar n\u00eb nxjerrjen e t\u00eb mbijetuarve dhe viktimave nga rr\u00ebnojat.<\/span><\/p>\n","protected":false,"gt_translate_keys":[{"key":"rendered","format":"html"}]},"excerpt":{"rendered":"<p>Presidenti francez, Emmanuel Macron ka propozuar t\u00eb m\u00ebrkur\u00ebn organizimin e nj\u00eb konference nd\u00ebrkomb\u00ebtare p\u00ebr t\u00eb ndihmuar Shqip\u00ebrin\u00eb t\u00eb p\u00ebrballoj\u00eb situat\u00ebn e v\u00ebshtir\u00eb, pas t\u00ebrmetit t\u00eb 26 n\u00ebntorit. \u201cKam nj\u00eb mesazh miq\u00ebsie e mb\u00ebshtetjeje p\u00ebr miqt\u00eb tan\u00eb shqiptar\u00eb. Shqip\u00ebria \u00ebsht\u00eb p\u00ebrballur me t\u00ebrmete t\u00eb tmerrshme jav\u00ebn e fundit me mbi 50 t\u00eb vdekur, me mij\u00ebra njer\u00ebz [&hellip;]<\/p>\n","protected":false,"gt_translate_keys":[{"key":"rendered","format":"html"}]},"author":30,"featured_media":338842,"comment_status":"open","ping_status":"open","sticky":false,"template":"","format":"standard","meta":{"footnotes":""},"categories":[65,13],"tags":[],"class_list":["post-338841","post","type-post","status-publish","format-standard","has-post-thumbnail","hentry","category-lajme","category-te-fundit"],"gt_translate_keys":[{"key":"link","format":"url"}],"_links":{"self":[{"href":"https:\/\/www.hashtag.al\/index.php\/wp-json\/wp\/v2\/posts\/338841","targetHints":{"allow":["GET"]}}],"collection":[{"href":"https:\/\/www.hashtag.al\/index.php\/wp-json\/wp\/v2\/posts"}],"about":[{"href":"https:\/\/www.hashtag.al\/index.php\/wp-json\/wp\/v2\/types\/post"}],"author":[{"embeddable":true,"href":"https:\/\/www.hashtag.al\/index.php\/wp-json\/wp\/v2\/users\/30"}],"replies":[{"embeddable":true,"href":"https:\/\/www.hashtag.al\/index.php\/wp-json\/wp\/v2\/comments?post=338841"}],"version-history":[{"count":0,"href":"https:\/\/www.hashtag.al\/index.php\/wp-json\/wp\/v2\/posts\/338841\/revisions"}],"wp:featuredmedia":[{"embeddable":true,"href":"https:\/\/www.hashtag.al\/index.php\/wp-json\/wp\/v2\/media\/338842"}],"wp:attachment":[{"href":"https:\/\/www.hashtag.al\/index.php\/wp-json\/wp\/v2\/media?parent=338841"}],"wp:term":[{"taxonomy":"category","embeddable":true,"href":"https:\/\/www.hashtag.al\/index.php\/wp-json\/wp\/v2\/categories?post=338841"},{"taxonomy":"post_tag","embeddable":true,"href":"https:\/\/www.hashtag.al\/index.php\/wp-json\/wp\/v2\/tags?post=338841"}],"curies":[{"name":"wp","href":"https:\/\/api.w.org\/{rel}","templated":true}]}}