{"id":338839,"date":"2019-12-05T07:52:18","date_gmt":"2019-12-05T06:52:18","guid":{"rendered":"https:\/\/hashtag.al\/?p=338839"},"modified":"2019-12-05T07:52:48","modified_gmt":"2019-12-05T06:52:48","slug":"edi-rama-ku-do-te-ndertohen-tre-lagjet-e-reja-ne-tirane","status":"publish","type":"post","link":"https:\/\/www.hashtag.al\/index.php\/2019\/12\/05\/edi-rama-ku-do-te-ndertohen-tre-lagjet-e-reja-ne-tirane\/","title":{"rendered":"Edi Rama: Ku do t\u00eb nd\u00ebrtohen tre lagjet e reja n\u00eb Tiran\u00eb","gt_translate_keys":[{"key":"rendered","format":"text"}]},"content":{"rendered":"<p><a href=\"https:\/\/hashtag.al\/wp-content\/uploads\/2019\/12\/Edi-Rama-1.jpg\"><img loading=\"lazy\" decoding=\"async\" class=\"aligncenter size-full wp-image-338367\" src=\"https:\/\/hashtag.al\/wp-content\/uploads\/2019\/12\/Edi-Rama-1.jpg\" alt=\"\" width=\"1381\" height=\"688\" srcset=\"https:\/\/www.hashtag.al\/wp-content\/uploads\/2019\/12\/Edi-Rama-1.jpg 1381w, https:\/\/www.hashtag.al\/wp-content\/uploads\/2019\/12\/Edi-Rama-1-300x149.jpg 300w, https:\/\/www.hashtag.al\/wp-content\/uploads\/2019\/12\/Edi-Rama-1-768x383.jpg 768w, https:\/\/www.hashtag.al\/wp-content\/uploads\/2019\/12\/Edi-Rama-1-1024x510.jpg 1024w\" sizes=\"auto, (max-width: 1381px) 100vw, 1381px\" \/><\/a><\/p>\n<p><span style=\"color: #000000;\">N\u00eb mbledhjen e tet\u00eb t\u00eb jasht\u00ebzakonshme t\u00eb K\u00ebshillit t\u00eb ministrave, kryeministri Edi Rama ka th\u00ebn\u00eb se do t\u00eb krijohen tre lagje krejt\u00ebsisht t\u00eb reja n\u00eb Tiran\u00eb.<\/span><\/p>\n<p><span style=\"color: #000000;\">Rama tha se tre lagjet e reja do t\u00eb krijohen n\u00eb Kombinat, n\u00eb rrug\u00ebn &#8220;5 Maji&#8221; dhe n\u00eb Shkoz\u00eb. Ai tha se edhe n\u00eb qytetin e Durr\u00ebsit do t\u00eb krijohet nj\u00eb lagje e re, po ashtu edhe n\u00eb La\u00e7.<\/span><\/p>\n<p><em><span style=\"color: #000000;\">&#8220;N\u00eb Durr\u00ebs do t\u00eb b\u00ebjm\u00eb nj\u00eb lagje komplet t\u00eb re, kjo \u00ebsht\u00eb shum\u00eb e qart\u00eb. Hap\u00ebsirat ku ka pasur shembje do t\u00eb kemi parqe, infrastruktur\u00eb sociale dhe arsimore, apo edhe n\u00eb Tiran\u00eb jemi t\u00eb qart\u00eb se duhet nj\u00eb nd\u00ebrhyrje e fort\u00eb n\u00eb Kombinat prishja e atyre godinave me probleme dhe nd\u00ebrtimi i nj\u00eb blloku t\u00eb ri banesash p\u00ebr t\u00eb akomoduar ata njer\u00ebz.<\/span><\/em><\/p>\n<p><em><span style=\"color: #000000;\">Nj\u00eb pik\u00eb tjet\u00ebr te &#8220;5 Maji&#8221; pran\u00eb lumit ku ne mund t\u00eb b\u00ebjm\u00eb spostime, pa ju spostuar komplet jet\u00ebn, aty do t\u00eb b\u00ebjm\u00eb nj\u00eb lagje tjet\u00ebr dhe tjera te ish-Uzina e Autotraktor\u00ebve (Shkoz\u00eb). K\u00ebto tre pika ne plot\u00ebsojn\u00eb nevoj\u00ebn. Me objektivin afat gjat\u00eb 10 mij\u00eb apartamente dhe afatshkurt\u00ebr 5 mij\u00eb. Do t\u00eb jen\u00eb lagje t\u00eb reja sikur nuk ka sot n\u00eb Shqip\u00ebri, kopshte, shkolla, \u00e7erdhe, k\u00ebnde sportive me t\u00eb gjitha. Lagje model, jo geto. N\u00eb La\u00e7 duhet t\u00eb fillojm\u00eb shembjet, q\u00eb t\u00eb kemi po ashtu nj\u00eb lagje t\u00eb re n\u00eb gjith\u00eb at\u00eb zon\u00eb&#8221;.-<\/span><\/em><span style=\"color: #000000;\"> tha Rama.<\/span><\/p>\n<p>&nbsp;<\/p>\n","protected":false,"gt_translate_keys":[{"key":"rendered","format":"html"}]},"excerpt":{"rendered":"<p>N\u00eb mbledhjen e tet\u00eb t\u00eb jasht\u00ebzakonshme t\u00eb K\u00ebshillit t\u00eb ministrave, kryeministri Edi Rama ka th\u00ebn\u00eb se do t\u00eb krijohen tre lagje krejt\u00ebsisht t\u00eb reja n\u00eb Tiran\u00eb. Rama tha se tre lagjet e reja do t\u00eb krijohen n\u00eb Kombinat, n\u00eb rrug\u00ebn &#8220;5 Maji&#8221; dhe n\u00eb Shkoz\u00eb. Ai tha se edhe n\u00eb qytetin e Durr\u00ebsit do t\u00eb [&hellip;]<\/p>\n","protected":false,"gt_translate_keys":[{"key":"rendered","format":"html"}]},"author":30,"featured_media":338367,"comment_status":"open","ping_status":"open","sticky":false,"template":"","format":"standard","meta":{"footnotes":""},"categories":[65,13],"tags":[],"class_list":["post-338839","post","type-post","status-publish","format-standard","has-post-thumbnail","hentry","category-lajme","category-te-fundit"],"gt_translate_keys":[{"key":"link","format":"url"}],"_links":{"self":[{"href":"https:\/\/www.hashtag.al\/index.php\/wp-json\/wp\/v2\/posts\/338839","targetHints":{"allow":["GET"]}}],"collection":[{"href":"https:\/\/www.hashtag.al\/index.php\/wp-json\/wp\/v2\/posts"}],"about":[{"href":"https:\/\/www.hashtag.al\/index.php\/wp-json\/wp\/v2\/types\/post"}],"author":[{"embeddable":true,"href":"https:\/\/www.hashtag.al\/index.php\/wp-json\/wp\/v2\/users\/30"}],"replies":[{"embeddable":true,"href":"https:\/\/www.hashtag.al\/index.php\/wp-json\/wp\/v2\/comments?post=338839"}],"version-history":[{"count":0,"href":"https:\/\/www.hashtag.al\/index.php\/wp-json\/wp\/v2\/posts\/338839\/revisions"}],"wp:featuredmedia":[{"embeddable":true,"href":"https:\/\/www.hashtag.al\/index.php\/wp-json\/wp\/v2\/media\/338367"}],"wp:attachment":[{"href":"https:\/\/www.hashtag.al\/index.php\/wp-json\/wp\/v2\/media?parent=338839"}],"wp:term":[{"taxonomy":"category","embeddable":true,"href":"https:\/\/www.hashtag.al\/index.php\/wp-json\/wp\/v2\/categories?post=338839"},{"taxonomy":"post_tag","embeddable":true,"href":"https:\/\/www.hashtag.al\/index.php\/wp-json\/wp\/v2\/tags?post=338839"}],"curies":[{"name":"wp","href":"https:\/\/api.w.org\/{rel}","templated":true}]}}