{"id":338790,"date":"2019-12-04T19:53:27","date_gmt":"2019-12-04T18:53:27","guid":{"rendered":"https:\/\/hashtag.al\/?p=338790"},"modified":"2019-12-04T20:55:30","modified_gmt":"2019-12-04T19:55:30","slug":"akuzat-per-falsifikim-te-dokumenteve-ndalohet-ne-elbasan-administratori-i-nje-firme-private","status":"publish","type":"post","link":"https:\/\/www.hashtag.al\/index.php\/2019\/12\/04\/akuzat-per-falsifikim-te-dokumenteve-ndalohet-ne-elbasan-administratori-i-nje-firme-private\/","title":{"rendered":"Akuzat p\u00ebr falsifikim t\u00eb dokumenteve, ndalohet n\u00eb Elbasan administratori i nj\u00eb firme private","gt_translate_keys":[{"key":"rendered","format":"text"}]},"content":{"rendered":"<p><img loading=\"lazy\" decoding=\"async\" class=\"aligncenter size-full wp-image-338415\" src=\"https:\/\/hashtag.al\/wp-content\/uploads\/2019\/12\/policia-1-770x424.png\" alt=\"\" width=\"770\" height=\"424\" srcset=\"https:\/\/www.hashtag.al\/wp-content\/uploads\/2019\/12\/policia-1-770x424.png 770w, https:\/\/www.hashtag.al\/wp-content\/uploads\/2019\/12\/policia-1-770x424-300x165.png 300w, https:\/\/www.hashtag.al\/wp-content\/uploads\/2019\/12\/policia-1-770x424-768x423.png 768w\" sizes=\"auto, (max-width: 770px) 100vw, 770px\" \/><\/p>\n<p><span style=\"color: #000000;\">Nj\u00eb person \u00ebsht\u00eb ndaluar n\u00eb Elbasan me akuzat e \u201cshp\u00ebrdorimit t\u00eb kompetencave\u201d dhe \u201cfalsifikimit\u201d n\u00eb kuad\u00ebr t\u00eb operacionit \u201cInformaliteti\u201d.<\/span><\/p>\n<p><span style=\"color: #000000;\">Gjykata kishte dh\u00ebn\u00eb mas\u00ebn \u201carrest me burg\u201d p\u00ebr shtetasin Agron Xibraku administrator i nj\u00eb firme transporti.<\/span><\/p>\n<p><span style=\"color: #000000;\"><strong>Njoftimi i policis\u00eb:<\/strong><\/span><\/p>\n<p><span style=\"color: #000000;\">Elbasan<\/span><\/p>\n<p><span style=\"color: #000000;\">Vijon operacioni &#8220;Informaliteti&#8221; p\u00ebr goditjen e veprimtaris\u00eb s\u00eb paligjshme n\u00eb fushat e krimit ekonomik, evazionin fiskal dhe falsifikimin e dokumenteve.<\/span><\/p>\n<p><span style=\"color: #000000;\">Operacioni pas nj\u00eb hetimi 1 vje\u00e7ar, zhvilluar nga Seksioni p\u00ebr Hetimin e Krimit Ekonomik e Financiar n\u00eb Drejtorin\u00eb Vendore t\u00eb Policis\u00eb Elbasan, n\u00ebn drejtimin e Prokuroris\u00eb s\u00eb Rrethit Gjyq\u00ebsor Elbasan.<\/span><\/p>\n<p><span style=\"color: #000000;\">Vihet n\u00eb pranga nj\u00eb shtetas p\u00ebr disa vepra penale.<\/span><\/p>\n<p><span style=\"color: #000000;\">Sekuestro preventive edhe aksioneve q\u00eb ky shtetas kishte n\u00eb kompanin\u00eb ku ishte ortak.<\/span><\/p>\n<p><span style=\"color: #000000;\">N\u00eb vijim t\u00eb zbatimit t\u00eb planit t\u00eb masave kund\u00ebr informalitetit financiar dhe n\u00eb kuad\u00ebr t\u00eb hetimit t\u00eb procedimit penal t\u00eb regjistruar pran\u00eb Prokuroris\u00eb s\u00eb Rrethit Gjyq\u00ebsor Elbasan p\u00ebr veprat penale \u201cVjedhje duke shp\u00ebrdoruar detyr\u00ebn\u201d, \u201cFalsifikimit t\u00eb dokumenteve\u201d dhe \u201cShp\u00ebrdorim kompetencave\u201d , ka vijuar operacioni policor i koduar &#8220;Informaliteti&#8221;<\/span><\/p>\n<p><span style=\"color: #000000;\">Si rezultat, u b\u00eb ekzekutimi i Vendimit Penal t\u00eb Gjykat\u00ebs s\u00eb Rrethit Gjyq\u00ebsor Elbasan e cila m\u00eb dat\u00eb 03.12.2019 kishte vendosur mas\u00ebn e siguris\u00eb \u201cArrest n\u00eb burg\u201d n\u00eb munges\u00eb p\u00ebr shtetasin A. X., lindur dhe banues n\u00eb C\u00ebrrik ,Elbasan.<\/span><\/p>\n<p><span style=\"color: #000000;\">Nga hetimet e kryera ka rezultuar se ky shtetas \u00ebsht\u00eb administrator i nj\u00eb shoq\u00ebrie aksionere dhe ka falsifikuar dokumente t\u00eb shoq\u00ebris\u00eb duke vjedhur t\u00eb ardhurat e k\u00ebsaj shoq\u00ebrie n\u00eb d\u00ebm t\u00eb ortak\u00ebve t\u00eb tjer\u00eb.<\/span><\/p>\n<p><span style=\"color: #000000;\">Po me vendim t\u00eb Gjykat\u00ebs \u00ebsht\u00eb vendosur sekuestro preventive e aksioneve q\u00eb ky shtetas kishte n\u00eb k\u00ebt\u00eb kompani, sekuestro kjo e ekzekutuar nga Seksioni p\u00ebr Hetimin e Krimit Ekonomik e Financiar n\u00eb Drejtorin\u00eb Vendore t\u00eb Policis\u00eb Elbasan<\/span><\/p>\n<p><span style=\"color: #000000;\">Policia e Elbasanit \u00ebsht\u00eb e angazhuar maksimalisht p\u00ebr t\u00eb zbuluar dhe nd\u00ebshkuar cilindo q\u00eb kryen veprimtari t\u00eb paligjshme dhe n\u00eb k\u00ebt\u00eb kuad\u00ebr fton qytetar\u00ebt t\u00eb denoncojn\u00eb n\u00eb numrin 112 apo n\u00eb Komisariatin Dixhital \u00e7do rast paligjshm\u00ebrie, duke ju garantuar anonimat t\u00eb plot\u00eb dhe nj\u00eb reagim t\u00eb shpejt\u00eb dhe t\u00eb paansh\u00ebm.<\/span><\/p>\n<p>&nbsp;<\/p>\n","protected":false,"gt_translate_keys":[{"key":"rendered","format":"html"}]},"excerpt":{"rendered":"<p>Nj\u00eb person \u00ebsht\u00eb ndaluar n\u00eb Elbasan me akuzat e \u201cshp\u00ebrdorimit t\u00eb kompetencave\u201d dhe \u201cfalsifikimit\u201d n\u00eb kuad\u00ebr t\u00eb operacionit \u201cInformaliteti\u201d. Gjykata kishte dh\u00ebn\u00eb mas\u00ebn \u201carrest me burg\u201d p\u00ebr shtetasin Agron Xibraku administrator i nj\u00eb firme transporti. Njoftimi i policis\u00eb: Elbasan Vijon operacioni &#8220;Informaliteti&#8221; p\u00ebr goditjen e veprimtaris\u00eb s\u00eb paligjshme n\u00eb fushat e krimit ekonomik, evazionin fiskal [&hellip;]<\/p>\n","protected":false,"gt_translate_keys":[{"key":"rendered","format":"html"}]},"author":32,"featured_media":320929,"comment_status":"open","ping_status":"open","sticky":false,"template":"","format":"standard","meta":{"footnotes":""},"categories":[65,13],"tags":[],"class_list":["post-338790","post","type-post","status-publish","format-standard","has-post-thumbnail","hentry","category-lajme","category-te-fundit"],"gt_translate_keys":[{"key":"link","format":"url"}],"_links":{"self":[{"href":"https:\/\/www.hashtag.al\/index.php\/wp-json\/wp\/v2\/posts\/338790","targetHints":{"allow":["GET"]}}],"collection":[{"href":"https:\/\/www.hashtag.al\/index.php\/wp-json\/wp\/v2\/posts"}],"about":[{"href":"https:\/\/www.hashtag.al\/index.php\/wp-json\/wp\/v2\/types\/post"}],"author":[{"embeddable":true,"href":"https:\/\/www.hashtag.al\/index.php\/wp-json\/wp\/v2\/users\/32"}],"replies":[{"embeddable":true,"href":"https:\/\/www.hashtag.al\/index.php\/wp-json\/wp\/v2\/comments?post=338790"}],"version-history":[{"count":0,"href":"https:\/\/www.hashtag.al\/index.php\/wp-json\/wp\/v2\/posts\/338790\/revisions"}],"wp:featuredmedia":[{"embeddable":true,"href":"https:\/\/www.hashtag.al\/index.php\/wp-json\/wp\/v2\/media\/320929"}],"wp:attachment":[{"href":"https:\/\/www.hashtag.al\/index.php\/wp-json\/wp\/v2\/media?parent=338790"}],"wp:term":[{"taxonomy":"category","embeddable":true,"href":"https:\/\/www.hashtag.al\/index.php\/wp-json\/wp\/v2\/categories?post=338790"},{"taxonomy":"post_tag","embeddable":true,"href":"https:\/\/www.hashtag.al\/index.php\/wp-json\/wp\/v2\/tags?post=338790"}],"curies":[{"name":"wp","href":"https:\/\/api.w.org\/{rel}","templated":true}]}}