{"id":338520,"date":"2019-12-03T18:19:47","date_gmt":"2019-12-03T17:19:47","guid":{"rendered":"https:\/\/hashtag.al\/?p=338520"},"modified":"2019-12-03T18:19:47","modified_gmt":"2019-12-03T17:19:47","slug":"kosova-shkeputet-nga-rrjeti-energjetik-serb-bashkohet-me-shqiperine","status":"publish","type":"post","link":"https:\/\/www.hashtag.al\/index.php\/2019\/12\/03\/kosova-shkeputet-nga-rrjeti-energjetik-serb-bashkohet-me-shqiperine\/","title":{"rendered":"Kosova shk\u00ebputet nga rrjeti energjetik serb, bashkohet me Shqip\u00ebrin\u00eb","gt_translate_keys":[{"key":"rendered","format":"text"}]},"content":{"rendered":"<p><img loading=\"lazy\" decoding=\"async\" class=\"aligncenter size-full wp-image-338521\" src=\"https:\/\/hashtag.al\/wp-content\/uploads\/2019\/12\/linja-energjiketike-1.jpg\" alt=\"\" width=\"640\" height=\"359\" srcset=\"https:\/\/www.hashtag.al\/wp-content\/uploads\/2019\/12\/linja-energjiketike-1.jpg 640w, https:\/\/www.hashtag.al\/wp-content\/uploads\/2019\/12\/linja-energjiketike-1-300x168.jpg 300w\" sizes=\"auto, (max-width: 640px) 100vw, 640px\" \/><\/p>\n<p><span style=\"color: #000000;\">Kosova dhe Shqip\u00ebria n\u00ebnshkruan marr\u00ebveshjen p\u00ebr transmisionet e energjis\u00eb elektrike, duke b\u00ebr\u00eb k\u00ebshtu hapin e par\u00eb p\u00ebr shk\u00ebputje p\u00ebrfundimtare t\u00eb sistemit energjetik t\u00eb Kosov\u00ebs nga ai i Serbis\u00eb. Kjo marr\u00ebveshje ngjalli menj\u00ebher\u00eb reagimin e Serbis\u00eb, ku autoritetet e atjeshme e cil\u00ebsuan si nj\u00eb &#8220;marr\u00ebveshje q\u00eb nuk mund t\u00eb zbatohet\u201d, raporton Deutsche Welle.<\/span><\/p>\n<p><span style=\"color: #000000;\">Marr\u00ebveshja u n\u00ebnshkrua n\u00eb Tiran\u00eb nd\u00ebrmjet Operatorit t\u00eb Sistemit t\u00eb Transmisionit dhe Tregut t\u00eb Energjis\u00eb Elektrike t\u00eb Kosov\u00ebs (KOSTT) dhe Operatorit t\u00eb Sistemit t\u00eb Transmetimit t\u00eb Shqip\u00ebris\u00eb (OST) marr\u00ebveshje kjo p\u00ebr themelimit t\u00eb bllokut rregullues t\u00eb sistemeve energjetike Kosov\u00eb-Shqip\u00ebri. Kjo marr\u00ebveshje do t\u00eb hyj\u00eb n\u00eb fuqi n\u00eb prill t\u00eb vitit 2020. KOSTT-i n\u00eb nj\u00eb njoftim p\u00ebr medie thot\u00eb, se marr\u00ebveshja Kosov\u00eb-Shqip\u00ebri u n\u00ebnshkrua me dijenin\u00eb e Rrjetit Evropian t\u00eb Operator\u00ebve t\u00eb Sistemit t\u00eb Transmisionit p\u00ebr Energji (ENTSO).<\/span><\/p>\n<p><span style=\"color: #000000;\">&#8220;Blloku Rregullues, i p\u00ebrb\u00ebr\u00eb prej dy zonave rregulluese, KOSTT dhe OST, ka p\u00ebr q\u00ebllim operimin m\u00eb t\u00eb leht\u00eb t\u00eb dy sistemeve elektro-energjetike, si nga aspekti teknik, ashtu edhe ai ekonomik. Kjo do t\u00eb mund\u00ebsoj\u00eb operimin dhe balancimin m\u00eb t\u00eb leht\u00eb t\u00eb t\u00eb dyja sistemeve, zvog\u00eblimin e kostove dhe shk\u00ebmbimin e rezervave t\u00eb sistemeve\u201d, thuhet n\u00eb njoftimin e KOSTT-it. Me k\u00ebt\u00eb marr\u00ebveshje sipas KOSTT-it, Kosova shk\u00ebputet nga ombrella e zon\u00ebs rregulluese serbe (EMS) dhe b\u00ebhet pjes\u00eb e OST-s\u00eb s\u00eb Shqip\u00ebris\u00eb.<\/span><\/p>\n<p><span style=\"color: #000000;\">&#8220;Kjo \u00ebsht\u00eb marr\u00ebveshje historike p\u00ebr Kosov\u00ebn dhe KOSTT-in, meq\u00eb, deri m\u00eb tani, ne si KOSTT kemi qen\u00eb brenda Zon\u00ebs Rregulluese t\u00eb Serbis\u00eb (EMS), gjegj\u00ebsisht brenda bllokut rregullues SMM (Serbi, Mali i Zi dhe Maqedoni e Veriut). Tani, me n\u00ebnshkrimin e k\u00ebsaj marr\u00ebveshjeje me (OST) dhe fillimin e zbatimit t\u00eb saj n\u00eb prill t\u00eb vitit 2020, p\u00ebrfundimisht shk\u00ebputemi nga ombrella e Zon\u00ebs Rregulluese serbe dhe b\u00ebhemi pjes\u00eb e Bllokut Rregullues me OST-n\u00eb e Shqip\u00ebris\u00eb\u201d, citohet n\u00eb njoftim t\u00eb ket\u00eb th\u00ebn\u00eb kryeshefi ekzekutiv i KOSTT-it, Ilir Shala. Sipas autoriteteve t\u00eb Kosov\u00ebs dhe atyre t\u00eb Shqip\u00ebris\u00eb, Marr\u00ebveshja energjetike &#8220;krijon kushte t\u00eb favorshme p\u00ebr shfryt\u00ebzimin optimal t\u00eb burimeve gjeneruese brenda bllokut\u201d.<\/span><\/p>\n<p><span style=\"color: #000000;\">Por, i menj\u00ebhersh\u00ebm ishte reagimi i Beogradit zyrtar duke e cil\u00ebsuar si nj\u00eb &#8220;marr\u00ebveshje energjetike t\u00eb Shqip\u00ebris\u00eb s\u00eb Madhe\u201d. Drejtori i zyr\u00ebs p\u00ebr Kosov\u00ebn n\u00eb Qeverin\u00eb e Serbis\u00eb, Marko Gjuriq, k\u00ebrc\u00ebnoi se &#8220;Serbia nuk do ta lejoj\u00eb zbatimin e marr\u00ebveshjes energjetike Kosov\u00eb-Shqip\u00ebri\u201d.<\/span><\/p>\n<p><span style=\"color: #000000;\">&#8220;Shqip\u00ebria e madhe energjetike\u201d ekziston vet\u00ebm n\u00eb \u00ebndrrat shoviniste t\u00eb disa politikan\u00ebve n\u00eb Prishtin\u00eb. Serbia \u00ebsht\u00eb pronare dhe nd\u00ebrtuese e elektrorrjetit n\u00eb Kosov\u00eb dhe p\u00ebr k\u00ebt\u00eb kemi d\u00ebshmi t\u00eb panum\u00ebrta\u201d, citojn\u00eb mediet n\u00eb Serbi komunikat\u00ebn nga zyra e Marko Gjuriqit.<\/span><\/p>\n<p><span style=\"color: #000000;\">&#8220;N\u00eb saj\u00eb t\u00eb angazhimit t\u00eb Rrjetit Energjetik t\u00eb Serbis\u00eb (EMS), dhe Elektroekonomis\u00eb s\u00eb Serbis\u00eb si dhe t\u00eb institucioneve p\u00ebrkat\u00ebse gjat\u00eb viteve t\u00eb shkuara \u00ebsht\u00eb penguar dhe ndaluar an\u00ebtar\u00ebsimi i operatorit t\u00eb Prishtin\u00ebs, i cili ilegalisht shfryt\u00ebzon nj\u00eb pjes\u00eb t\u00eb rrjetit ton\u00eb n\u00eb Kosov\u00eb n\u00eb (ENTSOE), nd\u00ebrsa paralajm\u00ebrimi p\u00ebr krijimin e Shqip\u00ebris\u00eb s\u00eb madhe energjetike zbulon fytyr\u00ebn e v\u00ebrtet\u00eb shoviniste t\u00eb politik\u00ebs s\u00eb Prishtin\u00ebs\u201d, thuhet n\u00eb komunikat\u00eb. Sipas Marko Gjuriq, &#8220;blloku energjetik q\u00eb po synohet t\u00eb krijohet nd\u00ebrmjet Kosov\u00ebs dhe Shqip\u00ebris\u00eb, \u00ebsht\u00eb i pazbatuesh\u00ebm n\u00eb terren dhe ai duhet t\u00eb ndalet nga ana e bashk\u00ebsis\u00eb nd\u00ebrkomb\u00ebtare para se t\u00eb prodhoj\u00eb pasoja p\u00ebr energjetik\u00ebn rajonale, madje edhe p\u00ebr stabilitetin politik dhe vulos perspektiv\u00ebn e dialogut\u201d.<\/span><\/p>\n<p><span style=\"color: #000000;\">Marr\u00ebveshja energjetike Kosov\u00eb-Serbi ishte pjes\u00eb e dialogut disa vje\u00e7ar nd\u00ebrmjet dy vendeve, por, ajo asnj\u00ebher\u00eb nuk arriti t\u00eb zbatohej. Kjo p\u00ebr faktin q\u00eb Serbia pretendon pron\u00ebsi mbi sistemin e transmisionit energjetik t\u00eb Kosov\u00ebs. Sipas zyrtar\u00ebve t\u00eb qeveris\u00eb s\u00eb Kosov\u00ebs, q\u00eb nga shpallja e pavar\u00ebsis\u00eb, Kosova ka humbur mbi 17 milion\u00eb euro nga bllokada q\u00eb Serbia i b\u00ebn rrjetit t\u00eb transmisionit t\u00eb Kosov\u00ebs.<\/span><\/p>\n<p><span style=\"color: #000000;\">&#8220;Jan\u00eb nga 10 deri n\u00eb 15 milion\u00eb euro n\u00eb vit, pa p\u00ebrfshir\u00eb edhe transmisionin me Shqip\u00ebrin\u00eb, i cili nuk \u00ebsht\u00eb futur n\u00eb funksion pik\u00ebrisht p\u00ebr k\u00ebt\u00eb arsye. Pra, n\u00eb p\u00ebrgjith\u00ebsi jan\u00eb mbi 170 milion\u00eb euro, q\u00eb Serbia i ark\u00ebton n\u00eb em\u00ebr t\u00eb Kosov\u00ebs q\u00eb nga shpallja e pavar\u00ebsis\u00eb s\u00eb Kosov\u00ebs n\u00eb vitin 2008\u201d, citohet t\u00eb ket\u00eb th\u00ebn\u00eb ministri n\u00eb detyr\u00eb i Zhvillimit Ekonomik Valdrin Lluka, i cili thot\u00eb se Kosova do t\u00eb k\u00ebrkoj\u00eb kompensimin e k\u00ebtyre mjeteve gjat\u00eb negociatave nd\u00ebrmjet Kosov\u00ebs dhe Serbis\u00eb. <\/span><\/p>\n<p><span style=\"color: #000000;\">Gjat\u00eb dialogut Kosov\u00eb-Serbi dhe n\u00ebnshkrimit t\u00eb marr\u00ebveshjes energjetike Kosov\u00eb-Serbi q\u00eb ishte b\u00ebr\u00eb n\u00eb vitin 2013, ishte r\u00ebn\u00eb dakord q\u00eb t\u00eb krijohet edhe nj\u00eb kompani e re, sipas korniz\u00ebs ligjore t\u00eb Kosov\u00ebs, e cila do t\u00eb furnizoj\u00eb me energji elektrike konsumator\u00ebt n\u00eb kat\u00ebr komunat veriore t\u00eb Kosov\u00ebs me shumic\u00eb serbe. Mir\u00ebpo, kjo kompani nuk u regjistrua kurr\u00eb, sikund\u00ebr q\u00eb nj\u00eb s\u00ebr\u00eb marr\u00ebveshjesh t\u00eb tjera Kosov\u00eb-Serbi n\u00eb kuad\u00ebr t\u00eb dialogut nuk u zbatuan asnj\u00ebher\u00eb. Shumica e qytetar\u00ebve serb t\u00eb veriut t\u00eb Kosov\u00ebs, p\u00ebr vite t\u00eb t\u00ebra nuk paguajn\u00eb energjin\u00eb elektrike dhe humbjet llogariten deri n\u00eb 8 milion\u00eb euro. <\/span><\/p>\n<p><span style=\"color: #000000;\">Kjo shum\u00eb deri vitin e shkuar iu \u00ebsht\u00eb faturuar banor\u00ebve t\u00eb pjes\u00ebve tjera t\u00eb Kosov\u00ebs, deri kur nj\u00eb Gjykat\u00eb n\u00eb Prishtin\u00eb e urdh\u00ebroi Zyr\u00ebn e Rregullatorit t\u00eb Energjis\u00eb Elektrike t\u00eb Kosov\u00ebs, q\u00eb humbjet nga mospagesa e energjis\u00eb elektrike n\u00eb veri t\u00eb mos u faturohen m\u00eb qytetar\u00ebve t\u00eb pjes\u00ebve tjera t\u00eb Kosov\u00ebs.<\/span><\/p>\n<p>&nbsp;<\/p>\n","protected":false,"gt_translate_keys":[{"key":"rendered","format":"html"}]},"excerpt":{"rendered":"<p>Kosova dhe Shqip\u00ebria n\u00ebnshkruan marr\u00ebveshjen p\u00ebr transmisionet e energjis\u00eb elektrike, duke b\u00ebr\u00eb k\u00ebshtu hapin e par\u00eb p\u00ebr shk\u00ebputje p\u00ebrfundimtare t\u00eb sistemit energjetik t\u00eb Kosov\u00ebs nga ai i Serbis\u00eb. Kjo marr\u00ebveshje ngjalli menj\u00ebher\u00eb reagimin e Serbis\u00eb, ku autoritetet e atjeshme e cil\u00ebsuan si nj\u00eb &#8220;marr\u00ebveshje q\u00eb nuk mund t\u00eb zbatohet\u201d, raporton Deutsche Welle. Marr\u00ebveshja u n\u00ebnshkrua [&hellip;]<\/p>\n","protected":false,"gt_translate_keys":[{"key":"rendered","format":"html"}]},"author":32,"featured_media":338521,"comment_status":"open","ping_status":"open","sticky":false,"template":"","format":"standard","meta":{"footnotes":""},"categories":[65,13],"tags":[],"class_list":["post-338520","post","type-post","status-publish","format-standard","has-post-thumbnail","hentry","category-lajme","category-te-fundit"],"gt_translate_keys":[{"key":"link","format":"url"}],"_links":{"self":[{"href":"https:\/\/www.hashtag.al\/index.php\/wp-json\/wp\/v2\/posts\/338520","targetHints":{"allow":["GET"]}}],"collection":[{"href":"https:\/\/www.hashtag.al\/index.php\/wp-json\/wp\/v2\/posts"}],"about":[{"href":"https:\/\/www.hashtag.al\/index.php\/wp-json\/wp\/v2\/types\/post"}],"author":[{"embeddable":true,"href":"https:\/\/www.hashtag.al\/index.php\/wp-json\/wp\/v2\/users\/32"}],"replies":[{"embeddable":true,"href":"https:\/\/www.hashtag.al\/index.php\/wp-json\/wp\/v2\/comments?post=338520"}],"version-history":[{"count":0,"href":"https:\/\/www.hashtag.al\/index.php\/wp-json\/wp\/v2\/posts\/338520\/revisions"}],"wp:featuredmedia":[{"embeddable":true,"href":"https:\/\/www.hashtag.al\/index.php\/wp-json\/wp\/v2\/media\/338521"}],"wp:attachment":[{"href":"https:\/\/www.hashtag.al\/index.php\/wp-json\/wp\/v2\/media?parent=338520"}],"wp:term":[{"taxonomy":"category","embeddable":true,"href":"https:\/\/www.hashtag.al\/index.php\/wp-json\/wp\/v2\/categories?post=338520"},{"taxonomy":"post_tag","embeddable":true,"href":"https:\/\/www.hashtag.al\/index.php\/wp-json\/wp\/v2\/tags?post=338520"}],"curies":[{"name":"wp","href":"https:\/\/api.w.org\/{rel}","templated":true}]}}