{"id":338508,"date":"2019-12-03T18:03:59","date_gmt":"2019-12-03T17:03:59","guid":{"rendered":"https:\/\/hashtag.al\/?p=338508"},"modified":"2019-12-03T20:01:01","modified_gmt":"2019-12-03T19:01:01","slug":"nje-rrefim-mes-traumes-dhe-shpreses","status":"publish","type":"post","link":"https:\/\/www.hashtag.al\/index.php\/2019\/12\/03\/nje-rrefim-mes-traumes-dhe-shpreses\/","title":{"rendered":"Nj\u00eb rr\u00ebfim mes traum\u00ebs dhe shpres\u00ebs","gt_translate_keys":[{"key":"rendered","format":"text"}]},"content":{"rendered":"<p>&nbsp;<\/p>\n<p><img loading=\"lazy\" decoding=\"async\" class=\"alignleft wp-image-338509 size-medium\" src=\"https:\/\/hashtag.al\/wp-content\/uploads\/2019\/12\/Jonadivid-e1575392043901-300x237.jpg\" alt=\"\" width=\"300\" height=\"237\" srcset=\"https:\/\/www.hashtag.al\/wp-content\/uploads\/2019\/12\/Jonadivid-e1575392043901-300x237.jpg 300w, https:\/\/www.hashtag.al\/wp-content\/uploads\/2019\/12\/Jonadivid-e1575392043901.jpg 674w\" sizes=\"auto, (max-width: 300px) 100vw, 300px\" \/><\/p>\n<p><span style=\"color: #000000;\"><em><strong>Nga Jona Dividi<\/strong><\/em><\/span><\/p>\n<p><span style=\"color: #000000;\">Ishte m\u00ebngjesi i dat\u00ebs 27 N\u00ebntor, nj\u00eb dit\u00eb pas t\u00ebrmetit i cili shkaktoi trishtim dhe dhimbje tek t\u00eb gjith\u00eb, Ankthi e frika vazhdonte pambarim, kur mendoje p\u00ebr jet\u00ebt e njer\u00ebzve q\u00eb vazhdonin t\u00eb gjendeshin posht\u00eb rr\u00ebnojave.<\/span><\/p>\n<p><span style=\"color: #000000;\">Ankthi, paniku e frika na kishte pushtuar dhe dukej sikur nuk donte t\u00eb na linte t\u00eb qet\u00eb. Edhe pse pothuajse pa gjum\u00eb, mendja m\u00eb rrinte se \u00e7far\u00eb mund t\u00eb b\u00ebja p\u00ebr t\u2019i ardhur n\u00eb ndihm\u00eb banor\u00ebve t\u00eb prekur nga kjo fatkeq\u00ebsi. <\/span><\/p>\n<p><span style=\"color: #000000;\">Nj\u00eb telefonat e mamas\u00eb time n\u00eb or\u00ebt e para\u00a0 t\u00eb m\u00ebngjesit ishte pik\u00ebrisht ajo q\u00eb m\u00eb duhej. <em>\u2018&#8221;uhet t\u00eb b\u00ebjm\u00eb di\u00e7ka p\u00ebr k\u00ebta njer\u00ebz, kan\u00eb nevoj\u00eb p\u00ebr ne dhe k\u00ebdo q\u00eb mund t\u00eb kontribuoj\u00eb&#8221;<\/em>, u shpreh.<\/span><\/p>\n<p><span style=\"color: #000000;\">E v\u00ebrtet\u00eb, duhet t\u00eb l\u00ebviznim!<\/span><\/p>\n<p><span style=\"color: #000000;\">Nisa t\u2019i telefonoja miqve dhe kujtdo q\u00eb m\u00eb vinte nd\u00ebrmend n\u00eb ato momente, bizneseve, etj.\u00a0 K\u00ebrkonim ndihma p\u00ebr n\u00eb Thuman\u00eb, ushqime t\u00eb ngrohta p\u00ebr ata njer\u00ebz fatkeq t\u00eb cil\u00ebt kishin kaluar nat\u00ebn mes dhimbjeve, d\u00ebshp\u00ebrimit, humbjeve n\u00eb njer\u00ebz, n\u00eb t\u00eb ftoht\u00eb e lag\u00ebshtir\u00eb. Menduam ushqime t\u00eb ngrohta e t\u00eb gatuara n\u00eb \u00e7ast p\u00ebr faktin se nuk mundeshin t\u2019i gatuanin vet\u00eb n\u00ebse ne ju nisnim ushqime nga marketet.<\/span><\/p>\n<p><span style=\"color: #000000;\">Disa nga restorantet u pergjigj\u00ebn q\u00eb ishte e pamundur t\u00eb kontribuonin, edhe pse k\u00ebmb\u00ebngulja nga ana ime ishte e madhe duke u treguar se n\u00eb k\u00ebto momente na duhej t\u00eb ishim tep\u00ebr human, t\u00eb ndjenim dhimbjen dhe nevojat e njer\u00ebzve n\u00eb \u00e7adra, n\u00eb rrug\u00eb e kudo, por jo. <\/span><\/p>\n<p><span style=\"color: #000000;\">Si gjithmon\u00eb mendova, cinik e t\u00eb pashpirt, nuk mund t\u00eb fitohet edhe n\u00eb situata t\u00eb tilla. Nd\u00ebrkoh\u00eb miqt\u00eb e mi filluan t\u00eb mblidhnin para, edhe ata q\u00eb nuk ndodheshin n\u00eb Tirane me shkruanin t\u00eb vija kontribut patjeter p\u00ebr ta.<\/span><\/p>\n<p><span style=\"color: #000000;\">U nis\u00ebm drejt ambjenteve q\u00eb gatuanin ushqime t\u00eb ndryshme sht\u00ebpie, pasi koha nuk ishte n\u00eb favorin ton\u00eb. Nga ai vend dol\u00ebm duke e paguar \u00e7do racion me lek\u00eb n\u00eb dor\u00eb, edhe pse i tham\u00eb p\u00ebr \u00e7far\u00eb i donim. Por jo, asnj\u00eb l\u00ebvizje! \u00c7udi&#8230;Por jo, do t\u00eb jen\u00eb vet\u00ebm k\u00ebta thash\u00eb n\u00eb fund. Vazhduam tek nj\u00eb tjet\u00ebr pak m\u00eb poshte, ku porositem racionet e tjera.<\/span><\/p>\n<p><span style=\"color: #000000;\"><em>&#8220;P\u00ebr \u00e7fare i doni?&#8221; &#8211; <\/em>m\u00eb pyeti.<\/span><\/p>\n<p><span style=\"color: #000000;\"><em>&#8220;Do t\u2019i \u00e7ojme n\u00eb Thuman\u00eb&#8221; &#8211; <\/em>iu pergjigja ftoht\u00eb.<\/span><\/p>\n<p><span style=\"color: #000000;\"><em>&#8220;At\u00ebher\u00eb nuk do paguani asgj\u00eb&#8221; &#8211; <\/em>m\u2019u p\u00ebrgjigj.<\/span><\/p>\n<p><span style=\"color: #000000;\">U \u00e7udita! <\/span><\/p>\n<p><span style=\"color: #000000;\"><em>&#8220;Faleminderit zot\u00ebri, un\u00eb quhem Jona Dividi&#8230; Jam piktore dhe bashk\u00eb me k\u00ebt\u00eb vajz\u00ebn dhe miq t\u00eb tjer\u00eb jemi organizuar n\u00eb m\u00ebnyr\u00eb vullnetare, p\u00ebr t\u2019i ardhur n\u00eb ndihm\u00eb banor\u00ebve t\u00eb Thuman\u00ebs.&#8221;<\/em><\/span><\/p>\n<p><span style=\"color: #000000;\"><em>&#8220;Do t\u2019ju jap edhe nj\u00eb batanije&#8221;<\/em>, u d\u00ebgjua nj\u00eb z\u00eb. Ishte bashk\u00ebshortja e zotit Shkoza.<\/span><\/p>\n<p><span style=\"color: #000000;\">T\u00eb lumtura bashk\u00eb me Klejdin u nis\u00ebm per t\u2019i \u00e7uar drejt makin\u00ebs. Ja q\u00eb ka edhe njer\u00ebz me zem\u00ebr, i them. Nd\u00ebrkoh\u00eb u kthyem n\u00eb Qendr\u00ebn \u2018Tirana Art\u2019 p\u00ebr t\u00eb marr\u00eb \u00e7far\u00eb ndihmash kishin ardhur t\u00eb tjera. I ngarkuam dhe vazhduam pasi na priste Adi.<\/span><\/p>\n<p><span style=\"color: #000000;\">Adi eshte nj\u00eb piktore jo vetem shum\u00eb e talentuar por gjithashtu me shpirt e zem\u00ebr t\u00eb madhe, e cila sapo mori vesh \u00e7far\u00eb do benim u bashkua me ne pa e diskutuar. Adi nuk \u00ebsht\u00eb n\u00eb marr\u00ebdhenie pune dhe jeton duke shitur ndonj\u00eb piktur\u00eb ose duke q\u00ebndruar te pedonalja e Tiran\u00ebs, vend t\u00eb cilin e zbukuron duke dhuruar jet\u00eb me ngjyrat dinamike e t\u00eb larmishme t\u00eb kompozimeve t\u00eb saj. <\/span><\/p>\n<p><span style=\"color: #000000;\">Adi kishte mbledhur edhe nga komshinjt\u00eb rreth shtepis\u00eb s\u00eb saj ndihma. Po, po edhe nga ai q\u00eb shet n\u00eb nj\u00eb cep t\u00eb lagjes fruta-perime, edhe nga Fredi, pronari i lokalit posht\u00eb sht\u00ebpis\u00eb s\u00eb saj, e nga shum\u00eb t\u00ebe tjer\u00eb.<\/span><\/p>\n<p><img loading=\"lazy\" decoding=\"async\" class=\"aligncenter size-full wp-image-338510\" src=\"https:\/\/hashtag.al\/wp-content\/uploads\/2019\/12\/JonaDIvidi-6.jpg\" alt=\"\" width=\"768\" height=\"1024\" srcset=\"https:\/\/www.hashtag.al\/wp-content\/uploads\/2019\/12\/JonaDIvidi-6.jpg 768w, https:\/\/www.hashtag.al\/wp-content\/uploads\/2019\/12\/JonaDIvidi-6-225x300.jpg 225w\" sizes=\"auto, (max-width: 768px) 100vw, 768px\" \/><\/p>\n<p><span style=\"color: #000000;\">Shume t\u00eb emocionuara nisemi drejt Thuman\u00ebs, duke mos ditur ku ndodhej e \u00e7far\u00eb na priste.<\/span><\/p>\n<p><span style=\"color: #000000;\">Ecja avash pasi t\u00ebrmetet ishin pjes\u00eb e jona e pandashme, edhe pse tronditja me e madhe kish kaluar. Kur papritur doli edhe tabela qe tregonte drejtimin n\u00eb krah t\u00eb djatht\u00eb \u201cThumane\u201d . Nuk e kisha v\u00ebn\u00eb re m\u00eb par\u00eb q\u00eb siper tabela kish t\u00eb shkruar Shkod\u00ebr, Lezh\u00eb e m\u00eb posht\u00eb Thuman\u00eb. Erdh\u00ebm goca, i them bashk\u00ebudh\u00ebtareve t\u00eb mia. <\/span><\/p>\n<p><span style=\"color: #000000;\">U kthyem djathtas dhe rruga filloj t\u00eb ngushtohej, vazhduam me tej ku n\u00eb t\u00eb dy krah\u00ebt e rrug\u00ebs na shoq\u00ebronte nj\u00eb tapet jeshil bari . Kur nj\u00eb mur sht\u00ebpie i r\u00ebn\u00eb u duk, m\u00eb tej xhamia e Thuman\u00ebs e cila kish p\u00ebesuar krisje n\u00eb muret e saj dhe t\u00eb minares, q\u00eb qendronte e d\u00ebshp\u00ebruar mes trishtimit. <\/span><\/p>\n<p><span style=\"color: #000000;\">Po njer\u00ebzit si munden vall\u00eb t\u00eb parkojn\u00eb makinat posht\u00eb minares s\u00eb d\u00ebmtuar pyet\u00ebm nj\u00ebra-tjetr\u00ebn, por pa pergjigje vazhduam kur para u shfaq nje polic.<\/span><\/p>\n<p><span style=\"color: #000000;\"><em>&#8220;P\u00ebrsh\u00ebndetje zoteri, u lodh\u00ebt?&#8221; &#8211; <\/em>e pyes.<\/span><\/p>\n<p><span style=\"color: #000000;\"><em>&#8220;Nga pak faleminderit&#8221;,<\/em> thot\u00eb.<\/span><\/p>\n<p><span style=\"color: #000000;\"><em>&#8220;Kemi ushqime t\u00eb ngrohta me vete t\u00eb cilat d\u00ebshirojm\u00eb t\u2019ua \u00e7ojme banor\u00ebve t\u00eb prekur nga t\u00ebrmeti.&#8221;<\/em><\/span><\/p>\n<p><span style=\"color: #000000;\"><em>&#8220;Po thot\u00eb&#8221; &#8211; <\/em>kthehuni majtas.<\/span><\/p>\n<p><span style=\"color: #000000;\">Kur papritur shfaqet kampi me \u00e7adra t\u00eb bardha. Parkuam makin\u00ebn n\u00eb krahun tjet\u00ebr t\u00eb rrug\u00ebs ku ndodhej kampi. Rruga ishte e ngusht\u00eb dhe nuk doja t\u00eb pengoja asnj\u00eb centimet\u00ebr t\u00eb saj, kur mendoja e shpresoja q\u00eb urgjenca do t\u00eb kalonte me t\u00eb mbijetuar drejt spitaleve. <\/span><\/p>\n<p><span style=\"color: #000000;\">Pran\u00eb nj\u00eb sht\u00ebpie me muret e r\u00ebna nga t\u00ebrmeti dukej q\u00eb\u00a0 hap\u00ebsira ishte e mjaftueshme dhe aty prfundimisht lam\u00eb makin\u00ebn. Zbrit\u00ebm t\u00eb kat\u00ebrta dhe pa asnj\u00eb fjal\u00eb, vazhduam p\u00ebr t\u00eb gjetur hyrjen p\u00ebr n\u00eb kamp.\u00a0 Trishtimi, heshtja e dhimja p\u00ebr familjet e prekura nga t\u00ebrmeti\u00a0 na kishte mb\u00ebrthyer fort. Gjet\u00ebm der\u00ebn ku q\u00ebndronin polic\u00ebt.<\/span><\/p>\n<p><span style=\"color: #000000;\"><em>&#8220;Kemi sjell\u00eb ushqime q\u00eb mund t\u00eb konsumohen tani, pasi jan\u00eb t\u00eb ngrohta&#8221; &#8211; <\/em>u them.<\/span><\/p>\n<p><span style=\"color: #000000;\"><em>&#8220;Futuni brenda\u00a0 dhe flisni me at\u00eb zot\u00ebrin\u00eb atje&#8221;<\/em>, me thon\u00eb. U fut\u00ebm dhe drejtohemi drejt tij,<\/span><\/p>\n<p><span style=\"color: #000000;\"> I nervozuar b\u00ebrtiste dhe nj\u00eb moment e nd\u00ebrpres.<\/span><\/p>\n<p><span style=\"color: #000000;\"><em>&#8220;M\u00eb falni, m\u00eb drejtuan p\u00ebr tek ju! Kemi sjelle\u00eb ushqime t\u00eb cilat duhet t\u00eb konsumohen tani pasi jan\u00eb t\u00eb ngrohta.&#8221;<\/em><\/span><\/p>\n<p><span style=\"color: #000000;\">Nd\u00ebrkoh\u00eb nj\u00eb tjet\u00ebr djal\u00eb vjen nxitimthi duke ngritur z\u00ebrin e thot\u00eb: <em>&#8220;Un\u00eb jam p\u00ebrgjegj\u00ebsi k\u00ebtu.&#8221;<\/em><\/span><\/p>\n<p><span style=\"color: #000000;\"><em>&#8220;Dakort, por p\u00ebr ne ka r\u00ebnd\u00ebsi t\u00eb jepet ushqimi sa \u00ebsht\u00eb i ngroht\u00eb.&#8221;<\/em><\/span><\/p>\n<p><span style=\"color: #000000;\">Shohim se\u00a0 si dhe ne k\u00ebto momente hidh\u00ebrimi, shfaqet maskilizmi i shoq\u00ebris\u00eb son\u00eb, <em>\u201cUn\u00eb drejtoj k\u00ebtu dhe ju them l\u00ebrini k\u00ebtu dhe ikni, un\u00eb jam edhe banor i Thuman\u00ebs, dhe e di un\u00eb se \u00e7far\u00eb b\u00ebhet\u201d.<\/em><\/span><\/p>\n<p><span style=\"color: #000000;\"><em>&#8220;At\u00ebher\u00eb meq\u00eb ju jeni dhe banor k\u00ebtu a mundet ju lutem t\u00eb na ndihmoni me disa djem q\u00eb t\u00eb ngrejm\u00eb ushqimet pasi jemi 4 vajza dhe eshte e pa mundur t\u2019i sjellim t\u00eb gjitha vet\u00eb.&#8221;<\/em> <\/span><\/p>\n<p><span style=\"color: #000000;\">Po me at\u00eb lloj prepotence nuk dha asnj\u00eb p\u00ebrgjigje dhe u largua.<\/span><\/p>\n<p><img loading=\"lazy\" decoding=\"async\" class=\"aligncenter size-full wp-image-338511\" src=\"https:\/\/hashtag.al\/wp-content\/uploads\/2019\/12\/Jona-Dividi1.jpg\" alt=\"\" width=\"772\" height=\"1024\" srcset=\"https:\/\/www.hashtag.al\/wp-content\/uploads\/2019\/12\/Jona-Dividi1.jpg 772w, https:\/\/www.hashtag.al\/wp-content\/uploads\/2019\/12\/Jona-Dividi1-226x300.jpg 226w, https:\/\/www.hashtag.al\/wp-content\/uploads\/2019\/12\/Jona-Dividi1-768x1019.jpg 768w\" sizes=\"auto, (max-width: 772px) 100vw, 772px\" \/><\/p>\n<p><span style=\"color: #000000;\">Nje djal\u00eb tjet\u00ebr na drejtohet me mir\u00ebsjellje e na falenderon q\u00eb kishim marr\u00eb rrug\u00ebn p\u00ebr t\u00eb ardhur n\u00eb Thuman\u00eb p\u00ebr ta.<\/span><\/p>\n<p><span style=\"color: #000000;\"><em>&#8220;Goca faleminderit shum\u00eb q\u00eb jeni ketu, mos ia vini re pasi t\u00eb gjith\u00eb duan t\u00eb marrin role drejtues edhe kur si takon, un\u00eb jam ketu n\u00eb kamp me familjen time dhe ju shpreh mir\u00ebnjohje pafund q\u00eb jeni k\u00ebtu.&#8221;<\/em><\/span><\/p>\n<p><span style=\"color: #000000;\">I th\u00ebrret shok\u00ebve t\u00eb tij dhe u mblodh\u00ebn 6 djem t\u00eb cil\u00ebt nuk i kalonin t\u00eb 20-tat. Na ndihmuan t\u00eb \u00e7onim ushqimet t\u00eb gjitha n\u00eb kamp. Edhe pse d\u00ebshira jone ishte t\u00eb kishim mund\u00ebsi e t\u2019u sh\u00ebrbenim vet\u00eb banor\u00ebve te kampit, nuk na u lejua dhe ne e respektuam k\u00ebt\u00eb rregull duke vazhduar t\u00eb takonim disa nga banor\u00ebt.<\/span><\/p>\n<p><span style=\"color: #000000;\">Vura re dy zonja, t\u00eb cilat p\u00ebrve\u00e7c lodhjes e p\u00ebrkushtimit p\u00ebr t\u2019u q\u00ebndruar pran\u00eb banor\u00ebve t\u00eb kampit, kishin harruar t\u00eb pinin edhe nj\u00eb gll\u00ebnjk\u00eb uj\u00eb. U afrohem dhe shikoj se ishin zbardhur si ato skulpturat e ftohta t\u00eb mermerit. <\/span><\/p>\n<p><span style=\"color: #000000;\"><em>&#8220;Lika, Tina, jeni mir\u00eb?&#8221;<\/em><\/span><\/p>\n<p><span style=\"color: #000000;\">Nje pyetje e cila n\u00eb fakt nuk donte p\u00ebrgjigje n\u00eb ato momente tek shihje d\u00ebshp\u00ebrimin n\u00eb syt\u00eb e tyre, por edhe energjin\u00eb q\u00eb p\u00ebrcillnin k\u00ebto zonja heroina p\u00ebr t\u2019i ardhur n\u00eb ndihm\u00eb gjithkujt q\u00eb gjendej atje. Na prezantuan me infermieren e kampit, t\u00eb cil\u00ebn e pyet\u00ebm se me \u00e7far\u00eb mund t\u00eb ndihmonim.<\/span><\/p>\n<p><span style=\"color: #000000;\"><em>\u201cKemi nevoj\u00eb per pjes\u00eb t\u00eb higjien\u00ebs personale p\u00ebr grat\u00eb e vajzat e kampit. P\u00ebr t\u00eb brendshm, lines ditor e mujor. Jan\u00eb urgjente, por grat\u00eb e vajzat k\u00ebtu nuk k\u00ebrkojn\u00eb. U vjen zor, jan\u00eb t\u00eb ndrojtura p\u00ebr t\u00eb k\u00ebrkuar.&#8221;<\/em><\/span><\/p>\n<p><span style=\"color: #000000;\"><em>&#8220;Pa merak, ne do kthehemi n\u00eb Tiran\u00eb dhe nes\u00ebr do t\u2019ju a sjellim t\u00eb gjitha \u00e7far\u00eb ju nevojitet.&#8221;<\/em><\/span><\/p>\n<p><span style=\"color: #000000;\"><em>&#8220;Un\u00eb quhem Dall\u00ebndyshe&#8221; <\/em>thot\u00eb!<\/span><\/p>\n<p><span style=\"color: #000000;\"><em>&#8220;Po ti vet\u00eb si je? Ke pushuar? Ke ngr\u00ebn\u00eb?&#8221;<\/em><\/span><\/p>\n<p><span style=\"color: #000000;\"><em>&#8220;Jo, jam pa ngr\u00ebn\u00eb dhe pa pushuar.&#8221;<\/em><\/span><\/p>\n<p><span style=\"color: #000000;\"><em>&#8220;Pse nuk shkon te hash di\u00e7ka t\u00eb ngroht\u00eb pasi n\u00eb k\u00ebt\u00eb gjendje nuk mundesh t\u2019i sh\u00ebrbesh dhe as ti vish n\u00eb ndihm\u00eb kampit&#8221;<\/em>, i them.<\/span><\/p>\n<p><span style=\"color: #000000;\"><em>&#8220;Atje ka burra!&#8221;<\/em><\/span><\/p>\n<p><span style=\"color: #000000;\"><em>&#8220;Edhe?&#8221;<\/em><\/span><\/p>\n<p><span style=\"color: #000000;\"><em>&#8220;Nuk mund t\u00eb shkoj.&#8221;<\/em><\/span><\/p>\n<p><span style=\"color: #000000;\"><em>&#8220;Hajde se do t\u00eb shoq\u00ebroj un\u00eb atje, ti nuk mund t\u00eb q\u00ebndrosh pa ngr\u00ebn\u00eb.&#8221;<\/em><\/span><\/p>\n<p><span style=\"color: #000000;\">Nje djal\u00eb afrohet n\u00eb ato momente dhe shprehet se ishte i biri i Dallendyshes.<\/span><\/p>\n<p><span style=\"color: #000000;\"><em>&#8220;T\u00eb lutem mos e l\u00ebr maman\u00eb pa ngr\u00ebn\u00eb, shoq\u00ebroje tek \u00e7adra e par\u00eb pasi ka ushqime t\u00eb ngrohta. Kujdesu per t\u00eb, pasi ka nevoj\u00eb p\u00ebr mb\u00ebshtetjen t\u00ebnde.&#8221;<\/em><\/span><\/p>\n<p><span style=\"color: #000000;\">T\u00eb buz\u00ebqeshur vazhduan p\u00ebr te \u00e7adra q\u00eb i sygjeruam.<\/span><\/p>\n<p><img loading=\"lazy\" decoding=\"async\" class=\"aligncenter size-full wp-image-338512\" src=\"https:\/\/hashtag.al\/wp-content\/uploads\/2019\/12\/Jona-Dividi-2.jpg\" alt=\"\" width=\"769\" height=\"1024\" srcset=\"https:\/\/www.hashtag.al\/wp-content\/uploads\/2019\/12\/Jona-Dividi-2.jpg 769w, https:\/\/www.hashtag.al\/wp-content\/uploads\/2019\/12\/Jona-Dividi-2-225x300.jpg 225w, https:\/\/www.hashtag.al\/wp-content\/uploads\/2019\/12\/Jona-Dividi-2-768x1023.jpg 768w\" sizes=\"auto, (max-width: 769px) 100vw, 769px\" \/><\/p>\n<p><span style=\"color: #000000;\">Me gocat dol\u00ebm jasht\u00eb kampit\u00a0 ku d\u00ebshp\u00ebrimi dhe dhimbja do na shoq\u00ebronte kudo. U afruam tek pallatet e rr\u00ebnuara nga t\u00ebrmeti, o Zot \u00e7fare d\u00ebshp\u00ebrimi, ankthi e frike.\u00a0 Fillova t\u00eb b\u00ebja foto tek nj\u00ebri prej tyre i cili mezi mbahej n\u00eb k\u00ebmb\u00eb edhe ajo pjes\u00eb q\u00eb i kish mbetur. N\u00eb krah\u00eb kishte nj\u00eb godine 1 kat\u00ebshe t\u00eb gjat\u00eb e cila thuhej se ish p\u00ebrdorur p\u00ebr stall\u00eb lop\u00ebsh.<\/span><\/p>\n<p><span style=\"color: #000000;\"> N\u00eb qend\u00ebr t\u00eb k\u00ebtij sheshi midis godinave q\u00ebndronin mbeturinat e pallatit t\u00eb r\u00ebn\u00eb. \u00c7far\u00eb trishtimi. Nuk munda t\u00eb beja m\u00eb foto edhe pse isha pran\u00eb rr\u00ebnojave, nuk doja t\u00eb shkelja pik\u00ebrisht ato t\u00eb cilat kishin marre jet\u00eb njer\u00ebzish nj\u00eb dit\u00eb m\u00eb par\u00eb, e q\u00eb kishin t\u00eb tjer\u00eb posht\u00eb tyre.<\/span><\/p>\n<p><span style=\"color: #000000;\">Eca pak m\u00eb mbrapa dhe u bashkohem mikeshave t\u00eb mia, kur nj\u00eb grup njer\u00ebzish afrohen nxitimthi. S\u2019po kuptonim kush ishte. Ishte Hashim Tha\u00e7i, i cili iu bashkua dhimbjes s\u00eb banor\u00ebve t\u00eb Thuman\u00ebs.<\/span><\/p>\n<p><span style=\"color: #000000;\">Qeni i ekipeve t\u00eb shp\u00ebtimit filloj t\u00eb lehte, qet\u00ebsi. Sa e frikshme ajo lloj qet\u00ebsie, ankth. Menduam se qeni identifikoi nj\u00eb tjet\u00ebr banor posht\u00eb rr\u00ebnojave. Shpresojm\u00eb t\u00eb jet\u00eb gjall\u00eb. <\/span><\/p>\n<p><span style=\"color: #000000;\">Lutje pa fund p\u00ebr t\u00eb, nga t\u00eb gjith\u00eb. E nd\u00ebrkoh\u00eb, kur t\u00eb gjith\u00eb luteshim e shpresonim per t\u00eb mbijetuarit, nj\u00eb t\u00ebrmet b\u00ebri tok\u00ebn t\u00eb ul\u00ebrinte si nj\u00eb bish\u00eb e t\u00ebrbuar. N\u00eb ato sekonda u kthyem duke par\u00eb mos kishim ndonje shtyll\u00eb pran\u00eb, dhe a ishim t\u00eb gjith\u00eb mir\u00eb.<\/span><\/p>\n<p><span style=\"color: #000000;\"><em>&#8220;Mos l\u00ebvizni<\/em> &#8211; u drejtua nj\u00eb zot\u00ebri &#8211; <em>mos l\u00ebvizni, q\u00ebndroni aty ku jeni.&#8221;<\/em><\/span><\/p>\n<p><span style=\"color: #000000;\">Toka vazhdoi disa sekonda t\u00eb l\u00ebvizte dhe ul\u00ebrinte si e t\u00ebrbuar.<\/span><\/p>\n<p><span style=\"color: #000000;\"><em>&#8220;Pushoi! Pushoi!&#8221;<\/em><\/span><\/p>\n<p><span style=\"color: #000000;\">At\u00eb \u00e7ast copa beton\u00ebsh u shk\u00ebput\u00ebn s\u00ebrisht nga pallati i rr\u00ebnuar q\u00eb ndodhej jo m\u00eb shum\u00eb se 10 metra larg nesh, duke u tramatizuar edhe m\u00eb shum\u00eb at\u00eb moment. K\u00ebmb\u00ebt s\u2019po na b\u00ebnin t\u00eb l\u00ebviznim, e duart po na dridheshin, zemra na rrihte kaq fort sa dhe frym\u00eb nuk po merrnim dot. Ec\u00ebm pak metra m\u00eb tutje, edhe pse k\u00ebmb\u00ebt nuk na bindeshin.<\/span><\/p>\n<p><img loading=\"lazy\" decoding=\"async\" class=\"aligncenter size-full wp-image-338513\" src=\"https:\/\/hashtag.al\/wp-content\/uploads\/2019\/12\/Jona-Dividi-5.jpg\" alt=\"\" width=\"768\" height=\"1024\" srcset=\"https:\/\/www.hashtag.al\/wp-content\/uploads\/2019\/12\/Jona-Dividi-5.jpg 768w, https:\/\/www.hashtag.al\/wp-content\/uploads\/2019\/12\/Jona-Dividi-5-225x300.jpg 225w\" sizes=\"auto, (max-width: 768px) 100vw, 768px\" \/><\/p>\n<p><span style=\"color: #000000;\"><em>&#8220;Do q\u00ebndrojm\u00eb k\u00ebtu i drejtohem grupit tim, deri sa t\u00eb qet\u00ebsohet situata e m\u00eb pas do kthehemi.&#8221;<\/em><\/span><\/p>\n<p><span style=\"color: #000000;\"> \u00c7far\u00eb ankthi n\u00eb syt\u00eb e tyre, pasi veten nuk e shihja dot. V\u00ebllai im ishte jashte Shqip\u00ebris\u00eb ato dit\u00eb, i merakosur p\u00ebr situat\u00ebn flisnim vazhdimisht, por ato momente telefoni nga ai nuk pushonte, por ishte e pamundur t\u00eb lidhesha me t\u00eb pasi kishte shk\u00ebputje t\u00eb val\u00ebve.<\/span><\/p>\n<p><span style=\"color: #000000;\"> Doja t\u2019i telefonoja bashk\u00ebshortit tim p\u00ebr ta pyetur a ishte mir\u00eb, duke ditur q\u00eb zyra e tij ndodhet n\u00eb katin e 15 t\u00eb nj\u00eb kulle dhe shqet\u00ebsimi ish edhe m\u00eb i madh. Nd\u00ebrko\u00ebe babai! Mamin e kisha me vete. Grua e fort\u00eb, dhe pse gjith\u00eb ajo tronditje mundohej t\u00eb qetesonte Klejdin e cila nuk pushonte se dridhuri.<\/span><\/p>\n<p><span style=\"color: #000000;\">Aty pran\u00eb ishte edhe Dalina e cila kishte ardhur me vajz\u00ebn e saj. &#8211; Zem\u00ebr mir\u00eb je? Syt\u00eb bojeqielli t\u00eb saj shk\u00eblqenin si nj\u00eb engj\u00ebll mes nesh duke na ndrcicuar me pafaj\u00ebsin\u00eb e saj. U ndam\u00eb e vazhduam drejt makin\u00ebs, \u00a0pasi nuk donim t\u00eb na zinte nata rrug\u00ebs e n\u00ebn shoq\u00ebrine e t\u00ebrmeteve t\u00eb tjera. <\/span><\/p>\n<p><span style=\"color: #000000;\">Hip\u00ebm n\u00eb makin\u00eb edhe pse t\u00eb tronditura, pim\u00eb uj\u00eb dhe q\u00ebndruam edhe p\u00ebr disa minuta pasi shiu kish filluar t\u00eb na shoq\u00ebronte gjithashtu.\u00a0 U munduam t\u00eb qet\u00ebsonim nj\u00ebra-tjetr\u00ebn me batuta, edhe pse mendja na rrinte tek ata njerez t\u00eb cil\u00ebt qendronin n\u00eb kamp n\u00ebn terrorrin e t\u00ebrmeteve, d\u00ebshp\u00ebrimit t\u00eb njer\u00ebzve q\u00eb gjendeshin ende n\u00ebn rrenoja dhe emocioneve t\u00eb forta q\u00eb mundoheshim t\u00eb fshihnim. <\/span><\/p>\n<p><span style=\"color: #000000;\">U nis\u00ebm drejt Tiran\u00ebs duke telefonuar \u00e7do mik e mikesh\u00eb, duhet t\u00eb mblidhnim ato \u00e7far\u00eb grat\u00eb e vajzat e kampit kishin nevoj\u00eb imediate. Nuk ka m\u00eb nevoj\u00eb p\u00ebr ushqime informonim, pasi nga Kosova dhe e gjith\u00eb Shqip\u00ebria, kan\u00eb sjell\u00eb me kamiona dhe gjendja \u00ebsht\u00eb normalizuar persa i p\u00ebrket ushqimeve. Kemi nevoj\u00eb per veshmbathje dhe \u00e7do gj\u00eb q\u00eb ka t\u00eb b\u00ebj\u00eb me higjien\u00ebn personale.<\/span><\/p>\n<p><span style=\"color: #000000;\">Ajo dit\u00eb vazhdoi deri n\u00eb or\u00ebn 3 t\u00eb mengjesit duke kontaktuar me njer\u00ebz dashamir\u00ebs, me zem\u00ebr t\u00eb madhe e t\u00eb ndjesh\u00ebm t\u00eb cil\u00ebt na u bashkuan per t\u2019i ardhur n\u00eb ndihm\u00eb vajzave e grave t\u00eb Thuman\u00ebs ato momente.<\/span><\/p>\n<p><img loading=\"lazy\" decoding=\"async\" class=\"aligncenter size-full wp-image-338515\" src=\"https:\/\/hashtag.al\/wp-content\/uploads\/2019\/12\/Jona-Dividi-4.jpg\" alt=\"\" width=\"1024\" height=\"746\" srcset=\"https:\/\/www.hashtag.al\/wp-content\/uploads\/2019\/12\/Jona-Dividi-4.jpg 1024w, https:\/\/www.hashtag.al\/wp-content\/uploads\/2019\/12\/Jona-Dividi-4-300x219.jpg 300w, https:\/\/www.hashtag.al\/wp-content\/uploads\/2019\/12\/Jona-Dividi-4-768x560.jpg 768w\" sizes=\"auto, (max-width: 1024px) 100vw, 1024px\" \/><\/p>\n<p><span style=\"color: #000000;\">M\u00ebngjesi i dat\u00ebs 28 N\u00ebntor na gjeti nj\u00eb grup vajzash e grash, pran\u00eb zyrave t\u00eb \u201cTirana Art\u201d, t\u00eb cilat jo vetem soll\u00ebn ato \u00e7fare kishim k\u00ebrkuar mbi nevojat n\u00eb kamp,\u00a0 por edhe t\u00eb holla t\u00eb cilat u p\u00ebrdor\u00ebn per t\u00eb bler\u00eb veshmbathje, letra t\u00eb lagura, lines etj. <\/span><\/p>\n<p><span style=\"color: #000000;\">Marloni\u00a0 e Adel, s\u00ebrish erdhi duke dhuruar lodra p\u00ebr femij\u00ebt, veshje etj. Dera e bagazhit t\u00eb makin\u00ebs thuajse nuk u mbyll nga kutit\u00eb me materialet q\u00eb nevojiteshin p\u00ebr n\u00eb Thuman\u00eb. U nis\u00ebm! Papritur n\u00eb Kam\u00ebz bie t\u00ebrmet. Hapim krahun e shohim q\u00eb ishte\u00a0 5.2 balle shkalla Rihter. Q\u00ebndrojme edhe disa momente e vazhdojme s\u00ebrisht drejt Thuman\u00ebs.<\/span><\/p>\n<p><span style=\"color: #000000;\">Arrit\u00ebm n\u00eb kampin e Thuman\u00ebs, ku k\u00ebrkuam ndihm\u00eb nga djemt\u00eb p\u00ebr t\u00eb shkarkuar materilat\u00a0 t\u00eb cilat ishin k\u00ebrkuar nj\u00eb dit\u00eb m\u00eb par\u00eb.<\/span><\/p>\n<p><span style=\"color: #000000;\">Tina, na udh\u00ebzoi p\u00ebr shp\u00ebrndarjen e tyre n\u00eb \u00e7do \u00e7ad\u00ebr ku kishte vajza e gra. Stafi i Q\u00ebndr\u00ebs \u201cTirana Art\u201ddhe vullnetar\u00eb t\u00eb tjer\u00eb t\u00eb cil\u00ebt iu bashkuan k\u00ebsaj nisme filluan shp\u00ebrndarjen e mjeteve t\u00eb nevojshme.<\/span><\/p>\n<p><span style=\"color: #000000;\">Gjate shp\u00ebrndarjes s\u00eb mjeteve vum\u00eb re nj\u00eb solidaritet midis grave dhe vajzave t\u00eb kampit. Shpesh ndodhte edhe k\u00ebshtu, ku vajzat shpreshin, <em>\u201cJepjani atyre q\u00eb nuk kan\u00eb, pasi un\u00eb mund t\u00eb b\u00ebj edhe sot pa to\u201d<\/em>, si\u00e7 ndodhte edhe ndryshe\u2026<\/span><\/p>\n<p><span style=\"color: #000000;\">Ishte pun\u00eb e v\u00ebshtir\u00eb,\u00a0 e ndjeshme. Edhe vet\u00eb terreni e moti nuk ishin n\u00eb favorin ton\u00eb, duke e b\u00ebr\u00eb pun\u00ebn edhe m\u00eb t\u00eb v\u00ebshtir\u00eb.<\/span><\/p>\n<p><span style=\"color: #000000;\">Nuk po ndjenim asnj\u00ebra nga ne, q\u00eb ishim t\u00eb lagura nga shiu dhe t\u00eb ftohura pasi bekimet dhe falenderimet e grave dhe t\u00eb vajzave t\u00eb kampit na b\u00ebnin m\u00eb t\u00eb forta dhe t\u00eb leht\u00ebsuara p\u00ebr t\u00eb vazhduar m\u00eb tej pun\u00ebn ton\u00eb.<\/span><\/p>\n<p><span style=\"color: #000000;\">Shihnim njer\u00ebz t\u00eb tronditur, t\u00eb rraskapitur, t\u00eb stresuar pa l\u00ebn\u00eb m\u00ebnjan\u00eb vullnetar\u00ebt t\u00eb cil\u00ebt i ishin bashkuar kampit n\u00eb k\u00ebto dit\u00eb t\u00eb v\u00ebshtira.<\/span><\/p>\n<p><span style=\"color: #000000;\">T\u00eb lodhur dhe t\u00eb shqet\u00ebsuar nga situata q\u00eb na rrethonte, harruam se asnj\u00ebri nga ne, nuk kishte pir\u00eb asnj\u00eb pik\u00eb uj\u00eb . T\u00eb gjith\u00eb vullnetar\u00ebt, drejtuesit e kampit ishin t\u00eb disponuesh\u00ebm t\u00eb sh\u00ebrbenin pa lodhje, me or\u00eb te zgjatura deri pas mesnate.<\/span><\/p>\n<p><span style=\"color: #000000;\">Nderkoh\u00eb q\u00eb t\u00ebrmetet na shoq\u00ebronin vazhdimisht, shiu nuk pushonte, ra nata. N\u00eb k\u00ebt\u00eb moment menduam te\u00eb pinim nj\u00eb \u00e7aj e t\u00eb pushonim p\u00ebr disa minuta. Por edhe n\u00eb lokalin e vet\u00ebm t\u00eb Thuman\u00ebs l\u00ebkundjet na shoq\u00ebruan pa u ndalur. Ky ambient ishte i mbushur plot me djem e burra, ku nj\u00ebherazi syt\u00eb e tyre u kthyen t\u00eb \u00e7uditur sikur donin t\u00eb na thonin \u201dPo ju vajza \u00e7\u2019doni k\u00ebtu?\u201d<\/span><\/p>\n<p><span style=\"color: #000000;\">Ftuam nj\u00eb nga drejtueset e kampit t\u00eb na bashkohej \u00a0p\u00ebr t\u00eb pushuar disa momente me ne, pasi mor\u00ebm vesh q\u00eb ajo nuk ishte larguar nga kampi edhe nj\u00eb nat\u00eb m\u00eb par\u00eb.<\/span><\/p>\n<p><span style=\"color: #000000;\">Ishte von\u00eb kur u nis\u00ebm p\u00ebr n\u00eb Tiran\u00eb, gjat\u00eb gjith\u00eb rrug\u00ebs familjar\u00ebt na telefononin duke na njoftuar p\u00ebr t\u00ebrmete te tjera e porositur mos t\u00eb ecnim por t\u00eb ndalnim disa \u00e7aste sa t\u00eb qet\u00ebsoheshin t\u00ebrmetet.<\/span><\/p>\n<p><img loading=\"lazy\" decoding=\"async\" class=\"aligncenter size-full wp-image-338514\" src=\"https:\/\/hashtag.al\/wp-content\/uploads\/2019\/12\/Jona-Dividi-3.jpg\" alt=\"\" width=\"1024\" height=\"768\" srcset=\"https:\/\/www.hashtag.al\/wp-content\/uploads\/2019\/12\/Jona-Dividi-3.jpg 1024w, https:\/\/www.hashtag.al\/wp-content\/uploads\/2019\/12\/Jona-Dividi-3-300x225.jpg 300w, https:\/\/www.hashtag.al\/wp-content\/uploads\/2019\/12\/Jona-Dividi-3-768x576.jpg 768w\" sizes=\"auto, (max-width: 1024px) 100vw, 1024px\" \/><\/p>\n<p><span style=\"color: #000000;\">N\u00eb dit\u00ebn pasuese, stafi i Qendres \u201cTirana Art\u201d, u organizua p\u00ebr t\u00eb mbledhur ndihma p\u00ebr n\u00eb Shijak. Mor\u00ebm informacione q\u00eb edhe n\u00eb Shijak kishte k\u00ebrkesa p\u00ebr veshmbathje p\u00ebr grat\u00eb e vajzat. Gatishm\u00ebria p\u00ebr t\u00eb mbledhur ndihma t\u00eb l\u00eb pa fjal\u00eb.<\/span><\/p>\n<p><span style=\"color: #000000;\">Or\u00ebt e para t\u00eb dat\u00ebs 30 n\u00ebntor, na gjet\u00ebn n\u00eb Shijak. Pasi u shperndan\u00eb mjetet e nevojshme p\u00ebr grat\u00eb e vajzat, mblodh\u00ebm f\u00ebmij\u00ebt p\u00ebr t\u2019i t\u00ebrhequr nga diskutimet stresuese t\u00eb familjar\u00ebve te tyre. <\/span><\/p>\n<p><span style=\"color: #000000;\">Shtruam tapetet e dhuruar nga Nasta, hap\u00ebm kartonat e shp\u00ebrndam\u00eb boj\u00ebrat p\u00ebr f\u00ebmij\u00ebt duke nisur pun\u00ebn kreative me ta. N\u00eb syt\u00eb e femij\u00ebve pam\u00eb g\u00ebzim q\u00eb n\u00eb momentet e para q\u00eb mor\u00ebn n\u00eb dor\u00eb lapustilat me ngjyra. Me sa pak ne mund t\u2019u kthejm\u00eb f\u00ebmij\u00ebve buzeqeshjen, t\u2019u dhurojm\u00eb momente g\u00ebzimi dhe emocione pozitive. Interesante ishte q\u00eb t\u00eb gjith\u00eb f\u00ebmij\u00ebet pikturuan sht\u00ebpi.<\/span><\/p>\n<p><span style=\"color: #000000;\">I pyes &#8211; &#8220;P<em>\u00ebrse po pikturoni sht\u00ebpi?&#8221;<\/em><\/span><\/p>\n<p><span style=\"color: #000000;\">Ata p\u00ebrgjigjen <em>\u201cNe s\u2019kemi sht\u00ebpi, na i prishi t\u00ebrmeti\u201d.<\/em><\/span><\/p>\n<p><span style=\"color: #000000;\">Gjat\u00eb momentit t\u00eb arg\u00ebtimit t\u00eb f\u00ebmij\u00ebve, u vu re q\u00eb jo vet\u00ebm f\u00ebmij\u00ebt por edhe prind\u00ebrit u shk\u00ebput\u00ebn nga realiteti i hidhur.<\/span><\/p>\n<p><span style=\"color: #000000;\">Stafi i Qendr\u00ebs \u201cTirana Art\u201d, nuk do ndalet, do t\u00eb vazhdoj\u00eb m\u00eb tej me mbledhjen e mjeteve t\u00eb piktures, libra si dhe lodra p\u00ebr f\u00ebmij\u00eb. Do t\u00eb jemi vazhdimisht n\u00eb terren p\u00ebr t\u2019u p\u00ebrdit\u00ebsuar me nevojat e t\u00eb prekurve nga t\u00ebrmeti, sidomos nevojat e grave dhe vajzave, t\u00eb cilat n\u00eb nj\u00eb shoqeri maskiliste nuk guxojn\u00eb t\u00eb k\u00ebrkojn\u00eb ato q\u00eb kan\u00eb nevoj\u00eb.<\/span><\/p>\n<p><span style=\"color: #000000;\">Faleminderit t\u00eb gjith\u00eb ju q\u00eb u bashkuat me ne, p\u00ebr t\u2019u ardhur n\u00eb ndihm\u00eb banor\u00ebve t\u00eb prekur nga t\u00ebrmeti, pa hezituar n\u00eb asnj\u00eb moment.<\/span><\/p>\n<p><span style=\"color: #000000;\">Kurse ju t\u00eb tjer\u00ebve q\u00eb komentoni pa baz\u00eb, nga divani i ngroht\u00eb i sht\u00ebpis\u00eb tuaj duke paragjykuar e dh\u00ebn\u00eb mend, duke mos ditur realitetin e v\u00ebrtet\u00eb t\u00eb pun\u00ebs s\u00eb palodhshme, p\u00ebrkushtimit, dhimbjes, n\u00eb em\u00ebr t\u00eb respektit p\u00ebr jet\u00ebn dhe humanizmin, do ju ftoja t\u00eb b\u00ebheni m\u00eb t\u00eb ndjeshem, me social\u00eb dhe pse jo t\u00eb jeni pjes\u00eb dhe t\u00eb solidarizoheni bashk\u00eb me ne. <\/span><\/p>\n<p><span style=\"color: #000000;\">Vet\u00ebm ne mund t\u00eb b\u00ebjm\u00eb shum\u00eb pak, por bashk\u00eb mund t\u00eb b\u00ebjm\u00eb m\u00eb shum\u00eb! Eshte kontributi im i vog\u00ebl i shpres\u00ebs p\u00ebr tok\u00ebn q\u00eb un\u00eb adhuroj.<\/span><\/p>\n","protected":false,"gt_translate_keys":[{"key":"rendered","format":"html"}]},"excerpt":{"rendered":"<p>&nbsp; Nga Jona Dividi Ishte m\u00ebngjesi i dat\u00ebs 27 N\u00ebntor, nj\u00eb dit\u00eb pas t\u00ebrmetit i cili shkaktoi trishtim dhe dhimbje tek t\u00eb gjith\u00eb, Ankthi e frika vazhdonte pambarim, kur mendoje p\u00ebr jet\u00ebt e njer\u00ebzve q\u00eb vazhdonin t\u00eb gjendeshin posht\u00eb rr\u00ebnojave. Ankthi, paniku e frika na kishte pushtuar dhe dukej sikur nuk donte t\u00eb na linte [&hellip;]<\/p>\n","protected":false,"gt_translate_keys":[{"key":"rendered","format":"html"}]},"author":51,"featured_media":338509,"comment_status":"open","ping_status":"open","sticky":false,"template":"","format":"standard","meta":{"footnotes":""},"categories":[23],"tags":[],"class_list":["post-338508","post","type-post","status-publish","format-standard","has-post-thumbnail","hentry","category-editorial"],"gt_translate_keys":[{"key":"link","format":"url"}],"_links":{"self":[{"href":"https:\/\/www.hashtag.al\/index.php\/wp-json\/wp\/v2\/posts\/338508","targetHints":{"allow":["GET"]}}],"collection":[{"href":"https:\/\/www.hashtag.al\/index.php\/wp-json\/wp\/v2\/posts"}],"about":[{"href":"https:\/\/www.hashtag.al\/index.php\/wp-json\/wp\/v2\/types\/post"}],"author":[{"embeddable":true,"href":"https:\/\/www.hashtag.al\/index.php\/wp-json\/wp\/v2\/users\/51"}],"replies":[{"embeddable":true,"href":"https:\/\/www.hashtag.al\/index.php\/wp-json\/wp\/v2\/comments?post=338508"}],"version-history":[{"count":0,"href":"https:\/\/www.hashtag.al\/index.php\/wp-json\/wp\/v2\/posts\/338508\/revisions"}],"wp:featuredmedia":[{"embeddable":true,"href":"https:\/\/www.hashtag.al\/index.php\/wp-json\/wp\/v2\/media\/338509"}],"wp:attachment":[{"href":"https:\/\/www.hashtag.al\/index.php\/wp-json\/wp\/v2\/media?parent=338508"}],"wp:term":[{"taxonomy":"category","embeddable":true,"href":"https:\/\/www.hashtag.al\/index.php\/wp-json\/wp\/v2\/categories?post=338508"},{"taxonomy":"post_tag","embeddable":true,"href":"https:\/\/www.hashtag.al\/index.php\/wp-json\/wp\/v2\/tags?post=338508"}],"curies":[{"name":"wp","href":"https:\/\/api.w.org\/{rel}","templated":true}]}}