{"id":338500,"date":"2019-12-03T16:45:53","date_gmt":"2019-12-03T15:45:53","guid":{"rendered":"https:\/\/hashtag.al\/?p=338500"},"modified":"2019-12-03T18:06:30","modified_gmt":"2019-12-03T17:06:30","slug":"kerkoi-azil-politik-ne-zvicer-bashke-me-familjen-publikohet-letra-e-agron-tufes","status":"publish","type":"post","link":"https:\/\/www.hashtag.al\/index.php\/2019\/12\/03\/kerkoi-azil-politik-ne-zvicer-bashke-me-familjen-publikohet-letra-e-agron-tufes\/","title":{"rendered":"K\u00ebrkoi azil politik n\u00eb Zvic\u00ebr bashk\u00eb me familjen, publikohet letra e Agron Tuf\u00ebs","gt_translate_keys":[{"key":"rendered","format":"text"}]},"content":{"rendered":"<p><img loading=\"lazy\" decoding=\"async\" class=\"aligncenter size-full wp-image-338506\" src=\"https:\/\/hashtag.al\/wp-content\/uploads\/2019\/12\/agron-tufa6.jpg\" alt=\"\" width=\"822\" height=\"458\" srcset=\"https:\/\/www.hashtag.al\/wp-content\/uploads\/2019\/12\/agron-tufa6.jpg 822w, https:\/\/www.hashtag.al\/wp-content\/uploads\/2019\/12\/agron-tufa6-300x167.jpg 300w, https:\/\/www.hashtag.al\/wp-content\/uploads\/2019\/12\/agron-tufa6-768x428.jpg 768w\" sizes=\"auto, (max-width: 822px) 100vw, 822px\" \/><\/p>\n<p><span style=\"color: #000000;\">\u00cbsht\u00eb publikuar letra e shkruar nga ish-drejtori i Institutit t\u00eb Studimeve p\u00ebr Krimet e Pasojat e Komunizmit, Agron Tufa, i cili nj\u00eb dit\u00eb m\u00eb par\u00eb dha dor\u00ebhejen dhe k\u00ebrkoi azil politik n\u00eb Zvic\u00ebr bashk\u00eb me familjen e tij. <\/span><\/p>\n<p><span style=\"color: #000000;\">Shkrimtari e publicisti Tufa deklaroi m\u00eb her\u00ebt se ishte k\u00ebrc\u00ebnuar disa her\u00eb me vdekje p\u00ebr shkak t\u00eb detyr\u00ebs. <\/span><\/p>\n<p><span style=\"color: #000000;\">Ai thot\u00eb se n\u00eb dy raste, nj\u00eb d\u00ebshmitar u ekzekutua nd\u00ebrsa nj\u00eb tjet\u00ebr u gjymtua nga persona q\u00eb kan\u00eb lidhje me ish-Sigurimin e Shtetit nd\u00ebrsa shkruan m\u00eb tej se duke e par\u00eb veten dhe familjen e tij n\u00eb rrezik pas shtimit t\u00eb k\u00ebrc\u00ebnimeve vendosi t\u00eb k\u00ebrkonte azil politi n\u00eb Zvic\u00ebr. <\/span><\/p>\n<p><span style=\"color: #000000;\">Tufa thekson se p\u00ebr t\u00eb gjitha k\u00ebrc\u00ebnimet ndaj tij ka ndjekur rrug\u00ebn ligjore por pa rezultat. <\/span><\/p>\n<p><span style=\"color: #000000;\">Ai shkruan n\u00eb fund se se as OJF-t\u00eb e OJQ-t\u00eb nuk kishin reaguar p\u00ebr k\u00ebrc\u00ebnimet ndaj tij e familjes s\u00eb tij nd\u00ebrsa shton se nuk ka nd\u00ebrmend t\u00eb ndalet n\u00eb misionin e tij.<\/span><\/p>\n<p><img loading=\"lazy\" decoding=\"async\" class=\"aligncenter size-full wp-image-338501\" src=\"https:\/\/hashtag.al\/wp-content\/uploads\/2019\/12\/agron-tufa.jpg\" alt=\"\" width=\"900\" height=\"1217\" srcset=\"https:\/\/www.hashtag.al\/wp-content\/uploads\/2019\/12\/agron-tufa.jpg 900w, https:\/\/www.hashtag.al\/wp-content\/uploads\/2019\/12\/agron-tufa-222x300.jpg 222w, https:\/\/www.hashtag.al\/wp-content\/uploads\/2019\/12\/agron-tufa-768x1039.jpg 768w, https:\/\/www.hashtag.al\/wp-content\/uploads\/2019\/12\/agron-tufa-757x1024.jpg 757w\" sizes=\"auto, (max-width: 900px) 100vw, 900px\" \/><\/p>\n<p><img loading=\"lazy\" decoding=\"async\" class=\"aligncenter size-full wp-image-338502\" src=\"https:\/\/hashtag.al\/wp-content\/uploads\/2019\/12\/agron-tufa.jpg2_.jpg\" alt=\"\" width=\"900\" height=\"1177\" srcset=\"https:\/\/www.hashtag.al\/wp-content\/uploads\/2019\/12\/agron-tufa.jpg2_.jpg 900w, https:\/\/www.hashtag.al\/wp-content\/uploads\/2019\/12\/agron-tufa.jpg2_-229x300.jpg 229w, https:\/\/www.hashtag.al\/wp-content\/uploads\/2019\/12\/agron-tufa.jpg2_-768x1004.jpg 768w, https:\/\/www.hashtag.al\/wp-content\/uploads\/2019\/12\/agron-tufa.jpg2_-783x1024.jpg 783w\" sizes=\"auto, (max-width: 900px) 100vw, 900px\" \/><\/p>\n<p><img loading=\"lazy\" decoding=\"async\" class=\"aligncenter size-full wp-image-338503\" src=\"https:\/\/hashtag.al\/wp-content\/uploads\/2019\/12\/agron-tufa.jpg3_.jpg\" alt=\"\" width=\"900\" height=\"1243\" srcset=\"https:\/\/www.hashtag.al\/wp-content\/uploads\/2019\/12\/agron-tufa.jpg3_.jpg 900w, https:\/\/www.hashtag.al\/wp-content\/uploads\/2019\/12\/agron-tufa.jpg3_-217x300.jpg 217w, https:\/\/www.hashtag.al\/wp-content\/uploads\/2019\/12\/agron-tufa.jpg3_-768x1061.jpg 768w, https:\/\/www.hashtag.al\/wp-content\/uploads\/2019\/12\/agron-tufa.jpg3_-741x1024.jpg 741w\" sizes=\"auto, (max-width: 900px) 100vw, 900px\" \/><\/p>\n<p><img loading=\"lazy\" decoding=\"async\" class=\"aligncenter size-full wp-image-338504\" src=\"https:\/\/hashtag.al\/wp-content\/uploads\/2019\/12\/agron-tufa.jpg4_.jpg\" alt=\"\" width=\"900\" height=\"1215\" srcset=\"https:\/\/www.hashtag.al\/wp-content\/uploads\/2019\/12\/agron-tufa.jpg4_.jpg 900w, https:\/\/www.hashtag.al\/wp-content\/uploads\/2019\/12\/agron-tufa.jpg4_-222x300.jpg 222w, https:\/\/www.hashtag.al\/wp-content\/uploads\/2019\/12\/agron-tufa.jpg4_-768x1037.jpg 768w, https:\/\/www.hashtag.al\/wp-content\/uploads\/2019\/12\/agron-tufa.jpg4_-759x1024.jpg 759w\" sizes=\"auto, (max-width: 900px) 100vw, 900px\" \/><\/p>\n<p><img loading=\"lazy\" decoding=\"async\" class=\"aligncenter size-full wp-image-338505\" src=\"https:\/\/hashtag.al\/wp-content\/uploads\/2019\/12\/agron-tufa.jpg5_.jpg\" alt=\"\" width=\"900\" height=\"1217\" srcset=\"https:\/\/www.hashtag.al\/wp-content\/uploads\/2019\/12\/agron-tufa.jpg5_.jpg 900w, https:\/\/www.hashtag.al\/wp-content\/uploads\/2019\/12\/agron-tufa.jpg5_-222x300.jpg 222w, https:\/\/www.hashtag.al\/wp-content\/uploads\/2019\/12\/agron-tufa.jpg5_-768x1039.jpg 768w, https:\/\/www.hashtag.al\/wp-content\/uploads\/2019\/12\/agron-tufa.jpg5_-757x1024.jpg 757w\" sizes=\"auto, (max-width: 900px) 100vw, 900px\" \/><\/p>\n","protected":false,"gt_translate_keys":[{"key":"rendered","format":"html"}]},"excerpt":{"rendered":"<p>\u00cbsht\u00eb publikuar letra e shkruar nga ish-drejtori i Institutit t\u00eb Studimeve p\u00ebr Krimet e Pasojat e Komunizmit, Agron Tufa, i cili nj\u00eb dit\u00eb m\u00eb par\u00eb dha dor\u00ebhejen dhe k\u00ebrkoi azil politik n\u00eb Zvic\u00ebr bashk\u00eb me familjen e tij. Shkrimtari e publicisti Tufa deklaroi m\u00eb her\u00ebt se ishte k\u00ebrc\u00ebnuar disa her\u00eb me vdekje p\u00ebr shkak t\u00eb [&hellip;]<\/p>\n","protected":false,"gt_translate_keys":[{"key":"rendered","format":"html"}]},"author":51,"featured_media":338506,"comment_status":"open","ping_status":"open","sticky":false,"template":"","format":"standard","meta":{"footnotes":""},"categories":[65,13],"tags":[],"class_list":["post-338500","post","type-post","status-publish","format-standard","has-post-thumbnail","hentry","category-lajme","category-te-fundit"],"gt_translate_keys":[{"key":"link","format":"url"}],"_links":{"self":[{"href":"https:\/\/www.hashtag.al\/index.php\/wp-json\/wp\/v2\/posts\/338500","targetHints":{"allow":["GET"]}}],"collection":[{"href":"https:\/\/www.hashtag.al\/index.php\/wp-json\/wp\/v2\/posts"}],"about":[{"href":"https:\/\/www.hashtag.al\/index.php\/wp-json\/wp\/v2\/types\/post"}],"author":[{"embeddable":true,"href":"https:\/\/www.hashtag.al\/index.php\/wp-json\/wp\/v2\/users\/51"}],"replies":[{"embeddable":true,"href":"https:\/\/www.hashtag.al\/index.php\/wp-json\/wp\/v2\/comments?post=338500"}],"version-history":[{"count":0,"href":"https:\/\/www.hashtag.al\/index.php\/wp-json\/wp\/v2\/posts\/338500\/revisions"}],"wp:featuredmedia":[{"embeddable":true,"href":"https:\/\/www.hashtag.al\/index.php\/wp-json\/wp\/v2\/media\/338506"}],"wp:attachment":[{"href":"https:\/\/www.hashtag.al\/index.php\/wp-json\/wp\/v2\/media?parent=338500"}],"wp:term":[{"taxonomy":"category","embeddable":true,"href":"https:\/\/www.hashtag.al\/index.php\/wp-json\/wp\/v2\/categories?post=338500"},{"taxonomy":"post_tag","embeddable":true,"href":"https:\/\/www.hashtag.al\/index.php\/wp-json\/wp\/v2\/tags?post=338500"}],"curies":[{"name":"wp","href":"https:\/\/api.w.org\/{rel}","templated":true}]}}