{"id":338456,"date":"2019-12-03T12:48:06","date_gmt":"2019-12-03T11:48:06","guid":{"rendered":"https:\/\/hashtag.al\/?p=338456"},"modified":"2019-12-04T08:02:22","modified_gmt":"2019-12-04T07:02:22","slug":"qenefe-dixhitale-rama-sharron-te-sulmoje-mediat-para-udhetimit-drejt-londres-nuk-le-as-ato-te-kosoves","status":"publish","type":"post","link":"https:\/\/www.hashtag.al\/index.php\/2019\/12\/03\/qenefe-dixhitale-rama-sharron-te-sulmoje-mediat-para-udhetimit-drejt-londres-nuk-le-as-ato-te-kosoves\/","title":{"rendered":"&#8220;Qenefe dixhitale&#8221; &#8211; Rama s&#8217;harron t\u00eb sulmoj\u00eb mediat para udh\u00ebtimit drejt Londr\u00ebs, nuk l\u00eb as ato t\u00eb Kosov\u00ebs","gt_translate_keys":[{"key":"rendered","format":"text"}]},"content":{"rendered":"<p><a href=\"https:\/\/hashtag.al\/wp-content\/uploads\/2019\/12\/rama-2.jpg\"><img loading=\"lazy\" decoding=\"async\" class=\"aligncenter size-full wp-image-338457\" src=\"https:\/\/hashtag.al\/wp-content\/uploads\/2019\/12\/rama-2.jpg\" alt=\"\" width=\"1452\" height=\"781\" srcset=\"https:\/\/www.hashtag.al\/wp-content\/uploads\/2019\/12\/rama-2.jpg 1452w, https:\/\/www.hashtag.al\/wp-content\/uploads\/2019\/12\/rama-2-300x160.jpg 300w, https:\/\/www.hashtag.al\/wp-content\/uploads\/2019\/12\/rama-2-768x413.jpg 768w, https:\/\/www.hashtag.al\/wp-content\/uploads\/2019\/12\/rama-2-1024x551.jpg 1024w\" sizes=\"auto, (max-width: 1452px) 100vw, 1452px\" \/><\/a><\/p>\n<p><span style=\"color: #000000;\">Kryeministri Edi Rama ka publikuar nj\u00eb video selfie para udh\u00ebtimit t\u00eb tij drejt Londr\u00ebs, ku shprehet se qytetar\u00ebt nuk duhet t\u00eb ken\u00eb asnj\u00eb merak p\u00ebr munges\u00ebn e tij n\u00eb vend, pasi thot\u00eb se do t\u00eb k\u00ebrkoj\u00eb ndihm\u00eb dhe solidaritet nga homolog\u00ebt e tij n\u00eb NATO.<\/span><\/p>\n<p><em><span style=\"color: #000000;\">\u201cMiq t\u00eb mi detyra m\u00eb k\u00ebrkon q\u00eb t\u00eb largohem sot drejt Londr\u00ebs p\u00ebr Samitin e Natos dhe s&#8217;do mund t\u00eb jem mes jush sot dhe nes\u00ebr. Me t\u00eb mbaruar samiti, nes\u00ebr pasdite do t\u00eb kthehem n\u00eb Tiran\u00eb, por do t\u00eb kem nj\u00eb ndales\u00eb n\u00eb Rom\u00eb, ku do t\u00eb jem n\u00eb emisionin porta-porta. Do t\u00eb jem n\u00eb mbledhjen e qeveris\u00eb t\u00eb enjten n\u00eb n\u00eb m\u00ebngjes, dhe m\u00eb pas n\u00eb seanc\u00ebn e jasht\u00ebzakonshme n\u00eb Kuvend ku do kalojm\u00eb buxhetin e rishikuar p\u00ebr nevojat bazike humanitare. Padyshim Samitin n\u00eb NATO do ta shfryt\u00ebzoj p\u00ebr t\u00eb k\u00ebrkuar solidarizim.<\/span><\/em><\/p>\n<p><em><span style=\"color: #000000;\">Asnj\u00eb merak p\u00ebr k\u00ebto 24 or\u00eb q\u00eb nuk do t\u00eb jem fizikisht, se do t\u00eb jemi n\u00eb komunikim me ministrat, dhe gjith\u00e7ka do t\u00eb vazhdoj\u00eb sipas planit. M\u00eb keni par\u00eb mua por pas meje q\u00ebndrojn\u00eb ministrat, z\u00ebvend\u00ebsministrat dhe t\u00eb gjith\u00eb miqt\u00eb tan\u00eb.<\/span><\/em><\/p>\n<p><em><span style=\"color: #000000;\">Val\u00ebt e t\u00ebrmetit jan\u00eb ulur fare, do t\u00eb p\u00ebrkujdesemi p\u00ebr \u00e7do familje q\u00eb \u00ebsht\u00eb n\u00eb hall, qytetar\u00ebt nga zonat e fshatit q\u00eb me t\u00eb drejt\u00eb nuk l\u00ebvizin dot nga toka do i pajisim me \u00e7adra p\u00ebr s\u00eb mbari. Ne nuk po rrim\u00eb duarkryq.<\/span><\/em><\/p>\n<p><span style=\"color: #000000;\"><em>Nuk kemi nd\u00ebrmend t\u00eb flem\u00eb gjum\u00eb pa mbuluar me streh\u00eb nevojtarin e fundit, t\u00eb gjith\u00eb.&#8221;<\/em>&#8211; tha Rama.<\/span><\/p>\n<p><span style=\"color: #000000;\">Mir\u00ebpo n\u00eb fund, edhe nj\u00ebher\u00eb tjet\u00ebr Rama nuk iu ndal sulmeve ndaj medias, e n\u00eb ve\u00e7anti portaleve duke i quajtur &#8220;qenefe dixhitale&#8221;. K\u00ebt\u00eb radh\u00eb as mediat n\u00eb Kosov\u00eb nuk i shp\u00ebtuan k\u00ebtyre etiketimeve.<\/span><\/p>\n<p><span style=\"color: #000000;\"><em>&#8220;Ju p\u00ebrgj\u00ebrohem sa m\u00eb pak televizor, hi\u00e7 portale dhe qenefe dixhitale mund\u00ebsisht. Ndjes\u00eb p\u00ebr gjuh\u00ebn, t\u00eb keqen e qenefit n\u00eb fakt. Por p\u00ebr fat t\u00eb keq nj\u00ebsoj jan\u00eb dhe mediat e Kosov\u00ebs. Mir\u00eb pra, p\u00ebrqafime t\u00eb gjith\u00ebve se \u00e7far\u00eb nuk t\u00eb vret t\u00eb b\u00ebn m\u00eb t\u00eb fort\u00eb. Lavdia m\u00eb e madhe \u00ebsht\u00eb t\u00eb ringrihesh sa her\u00eb q\u00eb rr\u00ebzohesh, ma besoni. E ndiej shum\u00eb fort k\u00ebt\u00eb. Shqip\u00ebria do t\u00eb ngrihet m\u00eb e fort\u00eb\u201d<\/em>,\u00a0p\u00ebrfundoi kryeministri.<\/span><\/p>\n<p><iframe loading=\"lazy\" style=\"border: none; overflow: hidden;\" src=\"https:\/\/www.facebook.com\/plugins\/video.php?href=https%3A%2F%2Fwww.facebook.com%2Fedirama.al%2Fvideos%2F621742318651001%2F&amp;show_text=0&amp;width=560\" width=\"560\" height=\"315\" frameborder=\"0\" scrolling=\"no\" allowfullscreen=\"allowfullscreen\"><\/iframe><\/p>\n","protected":false,"gt_translate_keys":[{"key":"rendered","format":"html"}]},"excerpt":{"rendered":"<p>Kryeministri Edi Rama ka publikuar nj\u00eb video selfie para udh\u00ebtimit t\u00eb tij drejt Londr\u00ebs, ku shprehet se qytetar\u00ebt nuk duhet t\u00eb ken\u00eb asnj\u00eb merak p\u00ebr munges\u00ebn e tij n\u00eb vend, pasi thot\u00eb se do t\u00eb k\u00ebrkoj\u00eb ndihm\u00eb dhe solidaritet nga homolog\u00ebt e tij n\u00eb NATO. \u201cMiq t\u00eb mi detyra m\u00eb k\u00ebrkon q\u00eb t\u00eb largohem sot [&hellip;]<\/p>\n","protected":false,"gt_translate_keys":[{"key":"rendered","format":"html"}]},"author":30,"featured_media":338457,"comment_status":"open","ping_status":"open","sticky":false,"template":"","format":"standard","meta":{"footnotes":""},"categories":[65,13],"tags":[],"class_list":["post-338456","post","type-post","status-publish","format-standard","has-post-thumbnail","hentry","category-lajme","category-te-fundit"],"gt_translate_keys":[{"key":"link","format":"url"}],"_links":{"self":[{"href":"https:\/\/www.hashtag.al\/index.php\/wp-json\/wp\/v2\/posts\/338456","targetHints":{"allow":["GET"]}}],"collection":[{"href":"https:\/\/www.hashtag.al\/index.php\/wp-json\/wp\/v2\/posts"}],"about":[{"href":"https:\/\/www.hashtag.al\/index.php\/wp-json\/wp\/v2\/types\/post"}],"author":[{"embeddable":true,"href":"https:\/\/www.hashtag.al\/index.php\/wp-json\/wp\/v2\/users\/30"}],"replies":[{"embeddable":true,"href":"https:\/\/www.hashtag.al\/index.php\/wp-json\/wp\/v2\/comments?post=338456"}],"version-history":[{"count":0,"href":"https:\/\/www.hashtag.al\/index.php\/wp-json\/wp\/v2\/posts\/338456\/revisions"}],"wp:featuredmedia":[{"embeddable":true,"href":"https:\/\/www.hashtag.al\/index.php\/wp-json\/wp\/v2\/media\/338457"}],"wp:attachment":[{"href":"https:\/\/www.hashtag.al\/index.php\/wp-json\/wp\/v2\/media?parent=338456"}],"wp:term":[{"taxonomy":"category","embeddable":true,"href":"https:\/\/www.hashtag.al\/index.php\/wp-json\/wp\/v2\/categories?post=338456"},{"taxonomy":"post_tag","embeddable":true,"href":"https:\/\/www.hashtag.al\/index.php\/wp-json\/wp\/v2\/tags?post=338456"}],"curies":[{"name":"wp","href":"https:\/\/api.w.org\/{rel}","templated":true}]}}