{"id":338440,"date":"2019-12-03T12:17:26","date_gmt":"2019-12-03T11:17:26","guid":{"rendered":"https:\/\/hashtag.al\/?p=338440"},"modified":"2019-12-03T12:31:36","modified_gmt":"2019-12-03T11:31:36","slug":"8-dite-pas-termetit-elisabeta-imeraj-jep-urdhrin-mos-shembni-asnje-objekt-pa-lejen-tone","status":"publish","type":"post","link":"https:\/\/www.hashtag.al\/index.php\/2019\/12\/03\/8-dite-pas-termetit-elisabeta-imeraj-jep-urdhrin-mos-shembni-asnje-objekt-pa-lejen-tone\/","title":{"rendered":"8 dit\u00eb pas t\u00ebrmetit, Elisabeta Imeraj jep urdhrin: Mos shembni asnj\u00eb objekt pa lejen ton\u00eb","gt_translate_keys":[{"key":"rendered","format":"text"}]},"content":{"rendered":"<p><a href=\"https:\/\/hashtag.al\/wp-content\/uploads\/2019\/09\/imeraj-770x433.jpg\"><img loading=\"lazy\" decoding=\"async\" class=\"aligncenter size-full wp-image-320334\" src=\"https:\/\/hashtag.al\/wp-content\/uploads\/2019\/09\/imeraj-770x433.jpg\" alt=\"\" width=\"770\" height=\"433\" srcset=\"https:\/\/www.hashtag.al\/wp-content\/uploads\/2019\/09\/imeraj-770x433.jpg 770w, https:\/\/www.hashtag.al\/wp-content\/uploads\/2019\/09\/imeraj-770x433-300x169.jpg 300w, https:\/\/www.hashtag.al\/wp-content\/uploads\/2019\/09\/imeraj-770x433-768x432.jpg 768w\" sizes=\"auto, (max-width: 770px) 100vw, 770px\" \/><\/a><\/p>\n<p><span style=\"color: #000000;\">Plot 8 dit\u00eb pas t\u00ebrmetit, prokuroria e Tiran\u00ebs i ka k\u00ebrkuar bashkis\u00eb dhe policis\u00eb, q\u00eb t\u00eb mos shembet asnj\u00eb objekt pa miratimin e organit t\u00eb akuz\u00ebs p\u00ebr shkak t\u00eb hetimeve p\u00ebr nd\u00ebrtimet abuzive.<\/span><\/p>\n<p><span style=\"color: #000000;\">Dokumenti i urdhrit t\u00eb Prokuroris\u00eb \u00ebsht\u00eb publikuar nga portali &#8220;<span style=\"color: #0000ff;\"><a style=\"color: #0000ff;\" href=\"https:\/\/shqiptarja.com\/lajm\/prokuroria-kerkese-bashkise-tirane-dhe-policise-sillni-listen-e-objekteve-te-demtuara-mos-prishni-asnje-pa-miratimin-tone\">Shqiptarja.com<\/a><\/span>&#8220;.<\/span><\/p>\n<p><span style=\"color: #000000;\">P\u00ebrmes nj\u00eb shkrese, prokurorja Elizabeta Imeraj k\u00ebrkon nga bashkia dhe policia q\u00eb t&#8217;u vendosin n\u00eb dispozicion p\u00ebr 48 or\u00eb, nj\u00eb raport me t\u00eb gjith\u00eb list\u00ebn e objekteve t\u00eb d\u00ebmtuara si dhe u k\u00ebrkohet t\u00eb mos veprohet me shembjen e nd\u00ebrtesave, pa u kryer m\u00eb par\u00eb hetimet.<\/span><\/p>\n<div class=\"td-a-rec td-a-rec-id-content_inline \"><\/div>\n<div class=\"td-a-rec td-a-rec-id-content_inline \"><\/div>\n<p><span style=\"color: #000000;\">Mir\u00ebpo ky urdh\u00ebr vjen disa dit\u00eb pasi ka nisur shembja e disa objekteve si n\u00eb Tiran\u00eb ashtu edhe n\u00eb Durr\u00ebs.<\/span><\/p>\n<p><span style=\"color: #000000;\">Pas t\u00ebrmetit t\u00eb 26 n\u00ebntorit, Prokuroria e Tiran\u00ebs, Durr\u00ebsit dhe Kruj\u00ebs, njoftuan se kishin nisur hetimet p\u00ebr godinat e shembura, nd\u00ebrsa kryeministri Edi Rama tha se do t\u00eb nd\u00ebshkohen t\u00eb gjith\u00eb p\u00ebrgjegj\u00ebsit p\u00ebr nd\u00ebrtimet abuzive. <\/span><\/p>\n<p><span style=\"color: #000000;\">Mir\u00ebpo shembjet e menj\u00ebhershme ngrit\u00ebn dyshime se pse po nxitohet p\u00ebr t\u00eb shembur provat e nj\u00eb hetimi lidhur me cil\u00ebsin\u00eb dhe respektimin e rregullave t\u00eb nd\u00ebrtimit n\u00eb Republik\u00ebn e Shqip\u00ebris\u00eb.\u00a0 Nd\u00ebrkoh\u00eb q\u00eb disa pallate jan\u00eb shembur prej disa dit\u00ebsh, vet\u00ebm dje dhe vet\u00ebm Prokuroria e Tiran\u00ebs ka l\u00ebshuar urdhrin q\u00eb parashikon njoftimin paraprak t\u00eb Prokuroris\u00eb. Nuk dim\u00eb n\u00ebse edhe nga Prokuroria e Durr\u00ebsit dhe e Kruj\u00ebs do t\u00eb kemi t\u00eb nj\u00ebjtin urdh\u00ebr.\/<strong>Hashtag.al<\/strong><\/span><\/p>\n<p><a href=\"https:\/\/hashtag.al\/wp-content\/uploads\/2019\/12\/5de63cc5c46d81_001.jpg\"><img loading=\"lazy\" decoding=\"async\" class=\"aligncenter size-full wp-image-338441\" src=\"https:\/\/hashtag.al\/wp-content\/uploads\/2019\/12\/5de63cc5c46d81_001.jpg\" alt=\"\" width=\"516\" height=\"707\" srcset=\"https:\/\/www.hashtag.al\/wp-content\/uploads\/2019\/12\/5de63cc5c46d81_001.jpg 516w, https:\/\/www.hashtag.al\/wp-content\/uploads\/2019\/12\/5de63cc5c46d81_001-219x300.jpg 219w\" sizes=\"auto, (max-width: 516px) 100vw, 516px\" \/><\/a><\/p>\n<p><a href=\"https:\/\/hashtag.al\/wp-content\/uploads\/2019\/12\/5de63cd0321152_001.jpg\"><img loading=\"lazy\" decoding=\"async\" class=\"aligncenter size-full wp-image-338442\" src=\"https:\/\/hashtag.al\/wp-content\/uploads\/2019\/12\/5de63cd0321152_001.jpg\" alt=\"\" width=\"502\" height=\"625\" srcset=\"https:\/\/www.hashtag.al\/wp-content\/uploads\/2019\/12\/5de63cd0321152_001.jpg 502w, https:\/\/www.hashtag.al\/wp-content\/uploads\/2019\/12\/5de63cd0321152_001-241x300.jpg 241w\" sizes=\"auto, (max-width: 502px) 100vw, 502px\" \/><\/a><\/p>\n","protected":false,"gt_translate_keys":[{"key":"rendered","format":"html"}]},"excerpt":{"rendered":"<p>Plot 8 dit\u00eb pas t\u00ebrmetit, prokuroria e Tiran\u00ebs i ka k\u00ebrkuar bashkis\u00eb dhe policis\u00eb, q\u00eb t\u00eb mos shembet asnj\u00eb objekt pa miratimin e organit t\u00eb akuz\u00ebs p\u00ebr shkak t\u00eb hetimeve p\u00ebr nd\u00ebrtimet abuzive. Dokumenti i urdhrit t\u00eb Prokuroris\u00eb \u00ebsht\u00eb publikuar nga portali &#8220;Shqiptarja.com&#8220;. P\u00ebrmes nj\u00eb shkrese, prokurorja Elizabeta Imeraj k\u00ebrkon nga bashkia dhe policia q\u00eb [&hellip;]<\/p>\n","protected":false,"gt_translate_keys":[{"key":"rendered","format":"html"}]},"author":30,"featured_media":338443,"comment_status":"open","ping_status":"open","sticky":false,"template":"","format":"standard","meta":{"footnotes":""},"categories":[22,65,13],"tags":[],"class_list":["post-338440","post","type-post","status-publish","format-standard","has-post-thumbnail","hentry","category-ballina","category-lajme","category-te-fundit"],"gt_translate_keys":[{"key":"link","format":"url"}],"_links":{"self":[{"href":"https:\/\/www.hashtag.al\/index.php\/wp-json\/wp\/v2\/posts\/338440","targetHints":{"allow":["GET"]}}],"collection":[{"href":"https:\/\/www.hashtag.al\/index.php\/wp-json\/wp\/v2\/posts"}],"about":[{"href":"https:\/\/www.hashtag.al\/index.php\/wp-json\/wp\/v2\/types\/post"}],"author":[{"embeddable":true,"href":"https:\/\/www.hashtag.al\/index.php\/wp-json\/wp\/v2\/users\/30"}],"replies":[{"embeddable":true,"href":"https:\/\/www.hashtag.al\/index.php\/wp-json\/wp\/v2\/comments?post=338440"}],"version-history":[{"count":0,"href":"https:\/\/www.hashtag.al\/index.php\/wp-json\/wp\/v2\/posts\/338440\/revisions"}],"wp:featuredmedia":[{"embeddable":true,"href":"https:\/\/www.hashtag.al\/index.php\/wp-json\/wp\/v2\/media\/338443"}],"wp:attachment":[{"href":"https:\/\/www.hashtag.al\/index.php\/wp-json\/wp\/v2\/media?parent=338440"}],"wp:term":[{"taxonomy":"category","embeddable":true,"href":"https:\/\/www.hashtag.al\/index.php\/wp-json\/wp\/v2\/categories?post=338440"},{"taxonomy":"post_tag","embeddable":true,"href":"https:\/\/www.hashtag.al\/index.php\/wp-json\/wp\/v2\/tags?post=338440"}],"curies":[{"name":"wp","href":"https:\/\/api.w.org\/{rel}","templated":true}]}}