{"id":338436,"date":"2019-12-03T12:01:40","date_gmt":"2019-12-03T11:01:40","guid":{"rendered":"https:\/\/hashtag.al\/?p=338436"},"modified":"2019-12-03T12:26:08","modified_gmt":"2019-12-03T11:26:08","slug":"lejet-e-ndertimit-ne-durres-vetem-ne-2018-u-rriten-me-70-siperfaqet-e-dhena-per-ndertim-banesash","status":"publish","type":"post","link":"https:\/\/www.hashtag.al\/index.php\/2019\/12\/03\/lejet-e-ndertimit-ne-durres-vetem-ne-2018-u-rriten-me-70-siperfaqet-e-dhena-per-ndertim-banesash\/","title":{"rendered":"Lejet e nd\u00ebrtimit n\u00eb Durr\u00ebs, vet\u00ebm n\u00eb 2018 u rrit\u00ebn me 70% sip\u00ebrfaqet e dh\u00ebna p\u00ebr nd\u00ebrtim banesash","gt_translate_keys":[{"key":"rendered","format":"text"}]},"content":{"rendered":"<p><img loading=\"lazy\" decoding=\"async\" class=\"aligncenter size-full wp-image-338438\" src=\"https:\/\/hashtag.al\/wp-content\/uploads\/2019\/12\/Durrestermete.jpg\" alt=\"\" width=\"1024\" height=\"768\" srcset=\"https:\/\/www.hashtag.al\/wp-content\/uploads\/2019\/12\/Durrestermete.jpg 1024w, https:\/\/www.hashtag.al\/wp-content\/uploads\/2019\/12\/Durrestermete-300x225.jpg 300w, https:\/\/www.hashtag.al\/wp-content\/uploads\/2019\/12\/Durrestermete-768x576.jpg 768w\" sizes=\"auto, (max-width: 1024px) 100vw, 1024px\" \/><\/p>\n<p><span style=\"color: #000000;\">Qyteti i Durr\u00ebsit u godit r\u00ebnd\u00eb nga t\u00ebrmeti m\u00ebngjesin e 26 n\u00ebntorit, ku p\u00ebr fat t\u00eb keq u sh\u00ebnuan edhe jet\u00eb t\u00eb humbura, p\u00ebrve\u00e7 d\u00ebmeve ende t\u00eb pa p\u00ebrllogaritura n\u00eb banesa dhe biznese. <\/span><\/p>\n<p><span style=\"color: #000000;\">Ndon\u00ebse nuk ka nj\u00eb vler\u00ebsim p\u00ebrfundimtar, nd\u00ebrtimet jo cil\u00ebsore dhe t\u00eb pastudiuara n\u00eb nj\u00eb territor me aktivitetet t\u00eb lart\u00eb sizmik mendohet t\u00eb jet\u00eb shkaktari kryesor n\u00eb k\u00ebt\u00eb tragjedi, t\u00eb paralajm\u00ebruar edhe me her\u00ebt nga n\u00ebna natyr\u00eb n\u00eb 21 shtator.<\/span><\/p>\n<p><span style=\"color: #000000;\">Nj\u00eb nga qytetet m\u00eb t\u00eb bukura, me nj\u00eb pozicion strategjik, Durr\u00ebsi \u00ebsht\u00eb prekur disa her\u00eb nga t\u00ebrmetet e fuqishme gjat\u00eb historis\u00eb dhe nj\u00eb histori q\u00eb harrohet ka tendenc\u00ebn t\u00eb p\u00ebrs\u00ebritet. <\/span><\/p>\n<p><span style=\"color: #000000;\">Sot, Durr\u00ebsi, i dyti pas Tiran\u00ebs p\u00ebr p\u00ebrqendrimin e popullsis\u00eb, \u00ebsht\u00eb qyteti m\u00eb i betonizuar i vendit, ne nj\u00eb terren ku toka nuk i p\u00ebrgjigjet makut\u00ebris\u00eb s\u00eb nd\u00ebrtimeve.<\/span><\/p>\n<p><span style=\"color: #000000;\">Vet\u00ebm n\u00eb 2018-n numri i lejeve t\u00eb reja t\u00eb nd\u00ebrtimit p\u00ebr banesa ishte 770, apo 47% m\u00eb shum\u00eb se nj\u00eb vit m\u00eb par\u00eb, nd\u00ebrsa p\u00ebr sa i p\u00ebrket sip\u00ebrfaqes s\u00eb nd\u00ebrtimeve p\u00ebr banesa, ajo u rrit me 70% n\u00eb raport me nj\u00eb vit m\u00eb par\u00eb.<\/span><\/p>\n<p><span style=\"color: #000000;\">132 leje nd\u00ebrtimi jan\u00eb dh\u00ebn\u00eb p\u00ebr nd\u00ebrtesa me tre ose m\u00eb shum\u00eb kate, t\u00eb cilat kan\u00eb nj\u00eb sip\u00ebrfaqe prej 725 mij\u00eb metra katror, mesatarisht 5500 metra katror\u00eb p\u00ebr secil\u00ebn godin\u00eb t\u00eb marr\u00eb leje p\u00ebr nd\u00ebrtim. <\/span><\/p>\n<p><span style=\"color: #000000;\">Nd\u00ebrtesa 10 leje jan\u00eb dh\u00ebn\u00eb p\u00ebr rezidenca p\u00ebr komunitetin.\u00a0 290 leje jan\u00eb dh\u00ebn\u00eb p\u00ebr banesa me nj\u00eb kat dhe 338 jan\u00eb leje p\u00ebr nd\u00ebrtesa me dy kate.<\/span><\/p>\n<p><span style=\"color: #000000;\">Qarku i Durr\u00ebsit \u00ebsht\u00eb qarku i tret\u00eb m\u00eb i madh n\u00eb vend, ku jeton 10,1 % e popullsis\u00eb s\u00eb p\u00ebrgjithshme t\u00eb Shqip\u00ebris\u00eb p\u00ebr vitin 2018. <\/span><\/p>\n<p><span style=\"color: #000000;\">Kjo popullsi shtrihet n\u00eb 3 nga 61 bashkit\u00eb e vendit. Durr\u00ebsi, sikurse dhe Tirana, \u00ebsht\u00eb qarku i vet\u00ebm q\u00eb ka p\u00ebrjetuar nj\u00eb rritje t\u00eb popullsis\u00eb nga migrimi i brendsh\u00ebm neto, me gjithsej 816 persona.<\/span><\/p>\n<p><span style=\"color: #000000;\">Numri i nx\u00ebn\u00ebsve q\u00eb ndiqnin arsimin 9-vje\u00e7ar dhe t\u00eb mes\u00ebm p\u00ebrfaq\u00ebson 10,7 % t\u00eb numrit t\u00eb p\u00ebrgjithsh\u00ebm t\u00eb nx\u00ebn\u00ebsve n\u00eb Shqip\u00ebri.<\/span><\/p>\n<p><span style=\"color: #000000;\">Durr\u00ebsi arriti 9,9 % t\u00eb PBB-s\u00eb n\u00eb Shqip\u00ebri p\u00ebr vitin 2017, duke kontribuar 0,40 % n\u00eb terma real\u00eb p\u00ebr at\u00eb vit, kurse PBB p\u00ebr frym\u00eb prej 536 mij\u00eb Lek\u00eb [p\u00ebr Qarkun Durr\u00ebs] ishte m\u00eb e ul\u00ebt se mesatarja n\u00eb nivel vendi. Numri i nd\u00ebrmarrjeve n\u00eb k\u00ebt\u00eb qark ishte 12.921.<\/span><\/p>\n<p><span style=\"color: #000000;\"><span style=\"color: #ff0000;\"><strong>VINI RE<\/strong><\/span>: Ky material \u00ebsht\u00eb pron\u00ebsi intelektuale e <a href=\"https:\/\/www.monitor.al\/lejet-e-ndertimit-ne-durres-vetem-ne-2018-u-rriten-me-70-siperfaqet-e-dhena-per-ndertim-banesash\/\"><span style=\"color: #0000ff;\">Monitor<\/span><\/a><\/span><\/p>\n<p><img loading=\"lazy\" decoding=\"async\" class=\"aligncenter size-full wp-image-338437\" src=\"https:\/\/hashtag.al\/wp-content\/uploads\/2019\/12\/Leje-ndertimi.png\" alt=\"\" width=\"900\" height=\"498\" srcset=\"https:\/\/www.hashtag.al\/wp-content\/uploads\/2019\/12\/Leje-ndertimi.png 900w, https:\/\/www.hashtag.al\/wp-content\/uploads\/2019\/12\/Leje-ndertimi-300x166.png 300w, https:\/\/www.hashtag.al\/wp-content\/uploads\/2019\/12\/Leje-ndertimi-768x425.png 768w\" sizes=\"auto, (max-width: 900px) 100vw, 900px\" \/><\/p>\n","protected":false,"gt_translate_keys":[{"key":"rendered","format":"html"}]},"excerpt":{"rendered":"<p>Qyteti i Durr\u00ebsit u godit r\u00ebnd\u00eb nga t\u00ebrmeti m\u00ebngjesin e 26 n\u00ebntorit, ku p\u00ebr fat t\u00eb keq u sh\u00ebnuan edhe jet\u00eb t\u00eb humbura, p\u00ebrve\u00e7 d\u00ebmeve ende t\u00eb pa p\u00ebrllogaritura n\u00eb banesa dhe biznese. Ndon\u00ebse nuk ka nj\u00eb vler\u00ebsim p\u00ebrfundimtar, nd\u00ebrtimet jo cil\u00ebsore dhe t\u00eb pastudiuara n\u00eb nj\u00eb territor me aktivitetet t\u00eb lart\u00eb sizmik mendohet t\u00eb [&hellip;]<\/p>\n","protected":false,"gt_translate_keys":[{"key":"rendered","format":"html"}]},"author":51,"featured_media":338438,"comment_status":"open","ping_status":"open","sticky":false,"template":"","format":"standard","meta":{"footnotes":""},"categories":[22,65,13],"tags":[],"class_list":["post-338436","post","type-post","status-publish","format-standard","has-post-thumbnail","hentry","category-ballina","category-lajme","category-te-fundit"],"gt_translate_keys":[{"key":"link","format":"url"}],"_links":{"self":[{"href":"https:\/\/www.hashtag.al\/index.php\/wp-json\/wp\/v2\/posts\/338436","targetHints":{"allow":["GET"]}}],"collection":[{"href":"https:\/\/www.hashtag.al\/index.php\/wp-json\/wp\/v2\/posts"}],"about":[{"href":"https:\/\/www.hashtag.al\/index.php\/wp-json\/wp\/v2\/types\/post"}],"author":[{"embeddable":true,"href":"https:\/\/www.hashtag.al\/index.php\/wp-json\/wp\/v2\/users\/51"}],"replies":[{"embeddable":true,"href":"https:\/\/www.hashtag.al\/index.php\/wp-json\/wp\/v2\/comments?post=338436"}],"version-history":[{"count":0,"href":"https:\/\/www.hashtag.al\/index.php\/wp-json\/wp\/v2\/posts\/338436\/revisions"}],"wp:featuredmedia":[{"embeddable":true,"href":"https:\/\/www.hashtag.al\/index.php\/wp-json\/wp\/v2\/media\/338438"}],"wp:attachment":[{"href":"https:\/\/www.hashtag.al\/index.php\/wp-json\/wp\/v2\/media?parent=338436"}],"wp:term":[{"taxonomy":"category","embeddable":true,"href":"https:\/\/www.hashtag.al\/index.php\/wp-json\/wp\/v2\/categories?post=338436"},{"taxonomy":"post_tag","embeddable":true,"href":"https:\/\/www.hashtag.al\/index.php\/wp-json\/wp\/v2\/tags?post=338436"}],"curies":[{"name":"wp","href":"https:\/\/api.w.org\/{rel}","templated":true}]}}