{"id":337950,"date":"2019-12-01T11:05:36","date_gmt":"2019-12-01T10:05:36","guid":{"rendered":"https:\/\/hashtag.al\/?p=337950"},"modified":"2019-12-01T12:22:23","modified_gmt":"2019-12-01T11:22:23","slug":"rama-durrsakeve-kryebashkiakja-nje-grua-ne-stres-mos-ia-vini-re","status":"publish","type":"post","link":"https:\/\/www.hashtag.al\/index.php\/2019\/12\/01\/rama-durrsakeve-kryebashkiakja-nje-grua-ne-stres-mos-ia-vini-re\/","title":{"rendered":"Rama-durrsak\u00ebve: Kryebashkiakja nj\u00eb grua n\u00eb stres, mos ia vini re","gt_translate_keys":[{"key":"rendered","format":"text"}]},"content":{"rendered":"<p><a href=\"https:\/\/hashtag.al\/wp-content\/uploads\/2019\/12\/Rama.jpg\"><img loading=\"lazy\" decoding=\"async\" class=\"aligncenter size-full wp-image-337951\" src=\"https:\/\/hashtag.al\/wp-content\/uploads\/2019\/12\/Rama.jpg\" alt=\"\" width=\"1224\" height=\"828\" srcset=\"https:\/\/www.hashtag.al\/wp-content\/uploads\/2019\/12\/Rama.jpg 1224w, https:\/\/www.hashtag.al\/wp-content\/uploads\/2019\/12\/Rama-300x203.jpg 300w, https:\/\/www.hashtag.al\/wp-content\/uploads\/2019\/12\/Rama-768x520.jpg 768w, https:\/\/www.hashtag.al\/wp-content\/uploads\/2019\/12\/Rama-1024x693.jpg 1024w\" sizes=\"auto, (max-width: 1224px) 100vw, 1224px\" \/><\/a><\/p>\n<p><span style=\"color: #000000;\">Kryeministri Edi Rama ka b\u00ebr\u00eb komentin e par\u00eb lidhur me dor\u00ebheqjen e kryetares s\u00eb bashkis\u00eb s\u00eb Durr\u00ebsit, Valbona Sako, gjat\u00eb nj\u00eb vizite n\u00eb zon\u00ebn e K\u00ebnet\u00ebs.<\/span><\/p>\n<p><span style=\"color: #000000;\">Pasi nj\u00eb grua i tha s&#8217;do ta shoh\u00eb m\u00eb me sy Valbona Sakon, p\u00ebr fjal\u00ebt q\u00eb tha se ishte e k\u00ebnaqur me 50 viktima, Rama u p\u00ebrgjigj: <em>&#8220;Mos ia vini re. \u00cbsht\u00eb stres. Ore tani, kryetarja e bashkis\u00eb nj\u00eb grua n\u00eb stres. Ky \u00ebsht\u00eb goxha zot\u00ebri e m\u00eb shtr\u00ebngon dor\u00ebn, kam frik\u00eb thot\u00eb.&#8221;<\/em><\/span><\/p>\n<p><span style=\"color: #000000;\">M\u00eb pas, nd\u00ebrsa nj\u00eb inxhinier po i shpjegonte situat\u00ebn e pallateve, Rama tha:<em> &#8220;Shyqyr q\u00eb ishte me kaq pjesa e jet\u00ebs, se me k\u00ebto problematika do ishte b\u00ebr\u00eb hataja fare. Shyqyr, shyqyr, shyqyr o Zot.&#8221;<\/em><\/span><\/p>\n<p><span style=\"color: #000000;\">Kryebashkiakja e Durr\u00ebsit Valbona Sako t\u00ebrhoqi kritika rreth vetes gjat\u00eb nj\u00eb interviste p\u00ebr televizionin \u201cTop Channel\u201d, ku deklaroi:\u00a0<em>\u201cP\u00ebr hir t\u00eb s\u00eb v\u00ebrtet\u00ebs duhet ta themi q\u00eb ky ishte nj\u00eb t\u00ebrmet i nivelit shkat\u00ebrrimtar, por q\u00eb jemi t\u00eb k\u00ebnaqur me 50 viktima, sepse n\u00eb rastet e tjera kan\u00eb qen\u00eb mbi 1000 viktima\u201d.<\/em><\/span><\/p>\n<p><span style=\"color: #000000;\">K\u00ebto fjal\u00eb nuk u prit\u00ebn mir\u00eb nga qytetar\u00ebt, t\u00eb cil\u00ebt i k\u00ebrkuan dor\u00ebheqjen. K\u00ebt\u00eb m\u00ebngjes Sako u dor\u00ebzua dhe dha lajmin e dor\u00ebheqjes.<\/span><\/p>\n<div style=\"width: 640px;\" class=\"wp-video\"><video class=\"wp-video-shortcode\" id=\"video-337950-1\" width=\"640\" height=\"360\" preload=\"metadata\" controls=\"controls\"><source type=\"video\/mp4\" src=\"https:\/\/hashtag.al\/wp-content\/uploads\/2019\/12\/vlc-record-2019-12-01-12h20m47s-getfvid_10000000_480180389267851_640977462301901949_n.mp4-.mp4?_=1\" \/><a href=\"https:\/\/hashtag.al\/wp-content\/uploads\/2019\/12\/vlc-record-2019-12-01-12h20m47s-getfvid_10000000_480180389267851_640977462301901949_n.mp4-.mp4\">https:\/\/hashtag.al\/wp-content\/uploads\/2019\/12\/vlc-record-2019-12-01-12h20m47s-getfvid_10000000_480180389267851_640977462301901949_n.mp4-.mp4<\/a><\/video><\/div>\n","protected":false,"gt_translate_keys":[{"key":"rendered","format":"html"}]},"excerpt":{"rendered":"<p>Kryeministri Edi Rama ka b\u00ebr\u00eb komentin e par\u00eb lidhur me dor\u00ebheqjen e kryetares s\u00eb bashkis\u00eb s\u00eb Durr\u00ebsit, Valbona Sako, gjat\u00eb nj\u00eb vizite n\u00eb zon\u00ebn e K\u00ebnet\u00ebs. Pasi nj\u00eb grua i tha s&#8217;do ta shoh\u00eb m\u00eb me sy Valbona Sakon, p\u00ebr fjal\u00ebt q\u00eb tha se ishte e k\u00ebnaqur me 50 viktima, Rama u p\u00ebrgjigj: &#8220;Mos ia [&hellip;]<\/p>\n","protected":false,"gt_translate_keys":[{"key":"rendered","format":"html"}]},"author":30,"featured_media":337951,"comment_status":"open","ping_status":"open","sticky":false,"template":"","format":"standard","meta":{"footnotes":""},"categories":[65,13],"tags":[],"class_list":["post-337950","post","type-post","status-publish","format-standard","has-post-thumbnail","hentry","category-lajme","category-te-fundit"],"gt_translate_keys":[{"key":"link","format":"url"}],"_links":{"self":[{"href":"https:\/\/www.hashtag.al\/index.php\/wp-json\/wp\/v2\/posts\/337950","targetHints":{"allow":["GET"]}}],"collection":[{"href":"https:\/\/www.hashtag.al\/index.php\/wp-json\/wp\/v2\/posts"}],"about":[{"href":"https:\/\/www.hashtag.al\/index.php\/wp-json\/wp\/v2\/types\/post"}],"author":[{"embeddable":true,"href":"https:\/\/www.hashtag.al\/index.php\/wp-json\/wp\/v2\/users\/30"}],"replies":[{"embeddable":true,"href":"https:\/\/www.hashtag.al\/index.php\/wp-json\/wp\/v2\/comments?post=337950"}],"version-history":[{"count":0,"href":"https:\/\/www.hashtag.al\/index.php\/wp-json\/wp\/v2\/posts\/337950\/revisions"}],"wp:featuredmedia":[{"embeddable":true,"href":"https:\/\/www.hashtag.al\/index.php\/wp-json\/wp\/v2\/media\/337951"}],"wp:attachment":[{"href":"https:\/\/www.hashtag.al\/index.php\/wp-json\/wp\/v2\/media?parent=337950"}],"wp:term":[{"taxonomy":"category","embeddable":true,"href":"https:\/\/www.hashtag.al\/index.php\/wp-json\/wp\/v2\/categories?post=337950"},{"taxonomy":"post_tag","embeddable":true,"href":"https:\/\/www.hashtag.al\/index.php\/wp-json\/wp\/v2\/tags?post=337950"}],"curies":[{"name":"wp","href":"https:\/\/api.w.org\/{rel}","templated":true}]}}