{"id":337712,"date":"2019-11-30T12:12:14","date_gmt":"2019-11-30T11:12:14","guid":{"rendered":"https:\/\/hashtag.al\/?p=337712"},"modified":"2019-11-30T12:13:18","modified_gmt":"2019-11-30T11:13:18","slug":"sulmi-ne-uren-e-londres-bbc-i-dyshuari-ishte-i-denuar-per-terrorizem","status":"publish","type":"post","link":"https:\/\/www.hashtag.al\/index.php\/2019\/11\/30\/sulmi-ne-uren-e-londres-bbc-i-dyshuari-ishte-i-denuar-per-terrorizem\/","title":{"rendered":"Sulmi n\u00eb Ur\u00ebn e Londr\u00ebs, BBC: I dyshuari ishte i d\u00ebnuar p\u00ebr terroriz\u00ebm","gt_translate_keys":[{"key":"rendered","format":"text"}]},"content":{"rendered":"<p><a href=\"https:\/\/hashtag.al\/wp-content\/uploads\/2019\/11\/londer.jpg\"><img loading=\"lazy\" decoding=\"async\" class=\"aligncenter size-full wp-image-337713\" src=\"https:\/\/hashtag.al\/wp-content\/uploads\/2019\/11\/londer.jpg\" alt=\"\" width=\"980\" height=\"551\" srcset=\"https:\/\/www.hashtag.al\/wp-content\/uploads\/2019\/11\/londer.jpg 980w, https:\/\/www.hashtag.al\/wp-content\/uploads\/2019\/11\/londer-300x169.jpg 300w, https:\/\/www.hashtag.al\/wp-content\/uploads\/2019\/11\/londer-768x432.jpg 768w\" sizes=\"auto, (max-width: 980px) 100vw, 980px\" \/><\/a><\/p>\n<p><span style=\"color: #000000;\">&#8220;<span style=\"color: #0000ff;\"><a style=\"color: #0000ff;\" href=\"https:\/\/www.bbc.com\/news\/uk-50610215\">BBC<\/a><\/span>&#8221; shkruan se personi q\u00eb kreu sulmin me thik\u00eb t\u00eb premten n\u00eb Ur\u00ebn e Londr\u00ebs, ishte nj\u00eb ish-i burgosur i d\u00ebnuar p\u00ebr vepra terrorizmi.<\/span><\/p>\n<p><span style=\"color: #000000;\">Ai \u00ebsht\u00eb identifikuar nga policia si 28-vje\u00e7ari Usman Khan. Ai kishte dal\u00eb jasht\u00eb me leje, n\u00eb koh\u00ebn kur nj\u00eb burr\u00eb dhe nj\u00eb grua u vran\u00eb dhe tre t\u00eb tjer\u00eb u plagos\u00ebn.<\/span><\/p>\n<p><span style=\"color: #000000;\">Khan u q\u00ebllua p\u00ebr vdekje nga oficer\u00ebt. Policia e deklaroi sulmin nj\u00eb incident terrorist.<\/span><\/p>\n<p><span style=\"color: #000000;\">Sipas Ndihm\u00ebsit t\u00eb Komisionit t\u00eb Policis\u00eb, Neil Basu, i dyshuari Khan ishte i njohur p\u00ebr autoritetet, pasi ishte d\u00ebnuar p\u00ebr vepra terrorizmi n\u00eb vitin 2012.<\/span><\/p>\n<p><span style=\"color: #000000;\"><em>&#8220;Ai u la i lir\u00eb nga burgu n\u00eb dhjetor 2018 me licenc\u00eb dhe linja kryesore e hetimit tani \u00ebsht\u00eb t\u00eb p\u00ebrcaktohet se si ai e kreu k\u00ebt\u00eb sulm&#8221;-<\/em> tha Basu.<\/span><\/p>\n<p><span style=\"color: #000000;\">&#8220;Times&#8221; raportoi se Khan u lirua nga burgu vitin e kaluar pasi ai ra dakord t\u00eb vendoste nj\u00eb etiket\u00eb elektronike q\u00eb monitoronte l\u00ebvizjet e tij.<\/span><\/p>\n<div id=\"attachment_337716\" style=\"width: 634px\" class=\"wp-caption aligncenter\"><a href=\"https:\/\/hashtag.al\/wp-content\/uploads\/2019\/11\/109950374_afe7c828-7804-4556-b220-fbbc592e2457.jpg\"><img loading=\"lazy\" decoding=\"async\" aria-describedby=\"caption-attachment-337716\" class=\"wp-image-337716 size-full\" src=\"https:\/\/hashtag.al\/wp-content\/uploads\/2019\/11\/109950374_afe7c828-7804-4556-b220-fbbc592e2457.jpg\" alt=\"\" width=\"624\" height=\"768\" srcset=\"https:\/\/www.hashtag.al\/wp-content\/uploads\/2019\/11\/109950374_afe7c828-7804-4556-b220-fbbc592e2457.jpg 624w, https:\/\/www.hashtag.al\/wp-content\/uploads\/2019\/11\/109950374_afe7c828-7804-4556-b220-fbbc592e2457-244x300.jpg 244w\" sizes=\"auto, (max-width: 624px) 100vw, 624px\" \/><\/a><p id=\"caption-attachment-337716\" class=\"wp-caption-text\"><span style=\"color: #000000;\"><strong><em>Usman Khan<\/em><\/strong><\/span><\/p><\/div>\n<p><span style=\"color: #000000;\">Sulmi ndodhi dje n\u00eb or\u00ebn 13:58, gjat\u00eb nj\u00eb konference t\u00eb Universitetit t\u00eb Kembrixhit p\u00ebr rehabilitimin e t\u00eb burgosurve .<\/span><\/p>\n<p><span style=\"color: #000000;\">I dyshuari po merrte pjes\u00eb n\u00eb event, ku ndodheshin dhjet\u00ebra njer\u00ebz, p\u00ebrfshir\u00eb student\u00eb dhe ish-t\u00eb burgosur .<\/span><\/p>\n<p><span style=\"color: #000000;\">Basu tha se sulmi ka filluar brenda nd\u00ebrtes\u00ebs dhe ka vazhduar n\u00eb Ur\u00ebn e Londr\u00ebs, ku Khan u p\u00ebrball dhe u q\u00ebllua nga oficer\u00ebt e armatosur.<\/span><\/p>\n<p><span style=\"color: #000000;\">Nj\u00eb burr\u00eb dhe nj\u00eb grua u vran\u00eb gjat\u00eb sulmit, nd\u00ebrsa tre t\u00eb tjer\u00eb, nj\u00eb burr\u00eb dhe dy gra ndodhen t\u00eb plagosur n\u00eb spital.<\/span><\/p>\n<p><iframe loading=\"lazy\" title=\"Moment London Bridge stabbing suspect shot by police\" width=\"1170\" height=\"658\" src=\"https:\/\/www.youtube.com\/embed\/t1088U95KEQ?feature=oembed\" frameborder=\"0\" allow=\"accelerometer; autoplay; clipboard-write; encrypted-media; gyroscope; picture-in-picture\" allowfullscreen><\/iframe><\/p>\n","protected":false,"gt_translate_keys":[{"key":"rendered","format":"html"}]},"excerpt":{"rendered":"<p>&#8220;BBC&#8221; shkruan se personi q\u00eb kreu sulmin me thik\u00eb t\u00eb premten n\u00eb Ur\u00ebn e Londr\u00ebs, ishte nj\u00eb ish-i burgosur i d\u00ebnuar p\u00ebr vepra terrorizmi. Ai \u00ebsht\u00eb identifikuar nga policia si 28-vje\u00e7ari Usman Khan. Ai kishte dal\u00eb jasht\u00eb me leje, n\u00eb koh\u00ebn kur nj\u00eb burr\u00eb dhe nj\u00eb grua u vran\u00eb dhe tre t\u00eb tjer\u00eb u plagos\u00ebn. [&hellip;]<\/p>\n","protected":false,"gt_translate_keys":[{"key":"rendered","format":"html"}]},"author":30,"featured_media":337713,"comment_status":"open","ping_status":"open","sticky":false,"template":"","format":"standard","meta":{"footnotes":""},"categories":[6],"tags":[],"class_list":["post-337712","post","type-post","status-publish","format-standard","has-post-thumbnail","hentry","category-nderkombetare"],"gt_translate_keys":[{"key":"link","format":"url"}],"_links":{"self":[{"href":"https:\/\/www.hashtag.al\/index.php\/wp-json\/wp\/v2\/posts\/337712","targetHints":{"allow":["GET"]}}],"collection":[{"href":"https:\/\/www.hashtag.al\/index.php\/wp-json\/wp\/v2\/posts"}],"about":[{"href":"https:\/\/www.hashtag.al\/index.php\/wp-json\/wp\/v2\/types\/post"}],"author":[{"embeddable":true,"href":"https:\/\/www.hashtag.al\/index.php\/wp-json\/wp\/v2\/users\/30"}],"replies":[{"embeddable":true,"href":"https:\/\/www.hashtag.al\/index.php\/wp-json\/wp\/v2\/comments?post=337712"}],"version-history":[{"count":0,"href":"https:\/\/www.hashtag.al\/index.php\/wp-json\/wp\/v2\/posts\/337712\/revisions"}],"wp:featuredmedia":[{"embeddable":true,"href":"https:\/\/www.hashtag.al\/index.php\/wp-json\/wp\/v2\/media\/337713"}],"wp:attachment":[{"href":"https:\/\/www.hashtag.al\/index.php\/wp-json\/wp\/v2\/media?parent=337712"}],"wp:term":[{"taxonomy":"category","embeddable":true,"href":"https:\/\/www.hashtag.al\/index.php\/wp-json\/wp\/v2\/categories?post=337712"},{"taxonomy":"post_tag","embeddable":true,"href":"https:\/\/www.hashtag.al\/index.php\/wp-json\/wp\/v2\/tags?post=337712"}],"curies":[{"name":"wp","href":"https:\/\/api.w.org\/{rel}","templated":true}]}}