{"id":337491,"date":"2019-11-29T11:34:04","date_gmt":"2019-11-29T10:34:04","guid":{"rendered":"https:\/\/hashtag.al\/?p=337491"},"modified":"2019-11-29T11:34:04","modified_gmt":"2019-11-29T10:34:04","slug":"haradinaj-ne-kosove-jane-strehuar-mijera-persona-ne-kampe-dhe-individualisht","status":"publish","type":"post","link":"https:\/\/www.hashtag.al\/index.php\/2019\/11\/29\/haradinaj-ne-kosove-jane-strehuar-mijera-persona-ne-kampe-dhe-individualisht\/","title":{"rendered":"Haradinaj: N\u00eb Kosov\u00eb jan\u00eb strehuar mij\u00ebra persona n\u00eb kampe dhe individualisht","gt_translate_keys":[{"key":"rendered","format":"text"}]},"content":{"rendered":"<p><img loading=\"lazy\" decoding=\"async\" class=\"aligncenter size-full wp-image-336875\" src=\"https:\/\/hashtag.al\/wp-content\/uploads\/2019\/11\/haradinajndihme.png\" alt=\"\" width=\"804\" height=\"546\" srcset=\"https:\/\/www.hashtag.al\/wp-content\/uploads\/2019\/11\/haradinajndihme.png 804w, https:\/\/www.hashtag.al\/wp-content\/uploads\/2019\/11\/haradinajndihme-300x204.png 300w, https:\/\/www.hashtag.al\/wp-content\/uploads\/2019\/11\/haradinajndihme-768x522.png 768w\" sizes=\"auto, (max-width: 804px) 100vw, 804px\" \/><\/p>\n<p>Kryeministri n\u00eb largim Ramush Haradinaj b\u00ebri me dijep\u00ebrmes nj\u00eb postimi n\u00eb Facebook se n\u00eb Kosov\u00eb jan\u00eb strehuar mij\u00ebra persona qoft\u00eb individualisht apo edhe institucionalisht.<\/p>\n<p>Sipas Haradinajt, kampi inovativ Kosovaro-Gjerman n\u00eb Prizren \u00ebsht\u00eb mbushur me t\u00eb gjitha kapacitetet.<\/p>\n<p>Gjithashtu , jan\u00eb organizuar edhe strehim individual p\u00ebr t\u00eb prekurit nga t\u00ebrmeti.<\/p>\n<p><strong>Postimi i plot\u00eb:<\/strong><\/p>\n<p>T\u00eb gjitha veprimet nd\u00ebr-institucionale q\u00eb Kosova ka nd\u00ebrmarr\u00eb pas t\u00ebrmetit me pasoja tragjike n\u00eb Shqip\u00ebri, kan\u00eb qen\u00eb t\u00eb koordinuara dhe n\u00eb bashk\u00ebveprim me t\u00eb gjitha pal\u00ebt.<\/p>\n<p>N\u00eb k\u00ebto momente, n\u00eb Kosov\u00eb kan\u00eb arritur mij\u00ebra persona nga Shqip\u00ebria, t\u00eb cil\u00ebt po evidentohen dhe po strehohen qoft\u00eb n\u00eb baza individuale, qoft\u00eb n\u00eb m\u00ebnyr\u00eb t\u00eb organizuar institucionale.<\/p>\n<p>P\u00ebrkitazi p\u00ebr k\u00ebt\u00eb, ne kemi mobilizuar t\u00eb gjitha mekanizmat e nevojsh\u00ebm p\u00ebr t\u00eb menaxhuar situata t\u00eb k\u00ebsaj natyre.<\/p>\n<p>Tashm\u00eb Kampi Inovativ Trajnues Kosovaro \u2013 Gjerman n\u00eb Prizren \u00ebsht\u00eb mbushur n\u00eb t\u00eb gjitha kapacitetet q\u00eb ka dhe jemi duke u angazhuar n\u00eb evidentimin e personave dhe ofrimin e strehimit.<\/p>\n<p>Andaj, p\u00ebr t\u2019i evituar t\u00eb gjitha konfuzionet p\u00ebr k\u00ebt\u00eb mobilizim qytetar t\u00eb ofrimit t\u00eb ndihm\u00ebs dhe grumbullimin e ushqimeve, ju b\u00ebj\u00eb apel t\u00eb gjith\u00ebve q\u00eb ushqimin dhe materialet e tjera t\u00eb nevojshme, t\u2019i d\u00ebrgojn\u00eb n\u00eb Kazerm\u00ebn e FSK-s\u00eb n\u00eb Prizren dhe pastaj ato do t\u00eb delegohen n\u00eb m\u00ebnyr\u00eb t\u00eb kujdesshme dhe t\u00eb kontrolluara n\u00eb vendet ku ka nevoj\u00eb.<\/p>\n<p>Edhe nj\u00ebher\u00eb, angazhimi yn\u00eb q\u00eb nga dita e par\u00eb pas k\u00ebsaj fatkeq\u00ebsie ka qen\u00eb institucional dhe i koordinuar dhe k\u00ebsisoj duhet t\u2019i menaxhojm\u00eb edhe veprimet vullnetmira t\u00eb qytetar\u00ebve tan\u00eb!<\/p>\n","protected":false,"gt_translate_keys":[{"key":"rendered","format":"html"}]},"excerpt":{"rendered":"<p>Kryeministri n\u00eb largim Ramush Haradinaj b\u00ebri me dijep\u00ebrmes nj\u00eb postimi n\u00eb Facebook se n\u00eb Kosov\u00eb jan\u00eb strehuar mij\u00ebra persona qoft\u00eb individualisht apo edhe institucionalisht. Sipas Haradinajt, kampi inovativ Kosovaro-Gjerman n\u00eb Prizren \u00ebsht\u00eb mbushur me t\u00eb gjitha kapacitetet. Gjithashtu , jan\u00eb organizuar edhe strehim individual p\u00ebr t\u00eb prekurit nga t\u00ebrmeti. Postimi i plot\u00eb: T\u00eb gjitha veprimet [&hellip;]<\/p>\n","protected":false,"gt_translate_keys":[{"key":"rendered","format":"html"}]},"author":32,"featured_media":336875,"comment_status":"open","ping_status":"open","sticky":false,"template":"","format":"standard","meta":{"footnotes":""},"categories":[65,13],"tags":[],"class_list":["post-337491","post","type-post","status-publish","format-standard","has-post-thumbnail","hentry","category-lajme","category-te-fundit"],"gt_translate_keys":[{"key":"link","format":"url"}],"_links":{"self":[{"href":"https:\/\/www.hashtag.al\/index.php\/wp-json\/wp\/v2\/posts\/337491","targetHints":{"allow":["GET"]}}],"collection":[{"href":"https:\/\/www.hashtag.al\/index.php\/wp-json\/wp\/v2\/posts"}],"about":[{"href":"https:\/\/www.hashtag.al\/index.php\/wp-json\/wp\/v2\/types\/post"}],"author":[{"embeddable":true,"href":"https:\/\/www.hashtag.al\/index.php\/wp-json\/wp\/v2\/users\/32"}],"replies":[{"embeddable":true,"href":"https:\/\/www.hashtag.al\/index.php\/wp-json\/wp\/v2\/comments?post=337491"}],"version-history":[{"count":0,"href":"https:\/\/www.hashtag.al\/index.php\/wp-json\/wp\/v2\/posts\/337491\/revisions"}],"wp:featuredmedia":[{"embeddable":true,"href":"https:\/\/www.hashtag.al\/index.php\/wp-json\/wp\/v2\/media\/336875"}],"wp:attachment":[{"href":"https:\/\/www.hashtag.al\/index.php\/wp-json\/wp\/v2\/media?parent=337491"}],"wp:term":[{"taxonomy":"category","embeddable":true,"href":"https:\/\/www.hashtag.al\/index.php\/wp-json\/wp\/v2\/categories?post=337491"},{"taxonomy":"post_tag","embeddable":true,"href":"https:\/\/www.hashtag.al\/index.php\/wp-json\/wp\/v2\/tags?post=337491"}],"curies":[{"name":"wp","href":"https:\/\/api.w.org\/{rel}","templated":true}]}}