{"id":337486,"date":"2019-11-29T11:00:25","date_gmt":"2019-11-29T10:00:25","guid":{"rendered":"https:\/\/hashtag.al\/?p=337486"},"modified":"2019-11-29T10:57:20","modified_gmt":"2019-11-29T09:57:20","slug":"meta-dhe-rama-bashke-ne-varrezat-e-deshmoreve-ne-diten-e-clirimit","status":"publish","type":"post","link":"https:\/\/www.hashtag.al\/index.php\/2019\/11\/29\/meta-dhe-rama-bashke-ne-varrezat-e-deshmoreve-ne-diten-e-clirimit\/","title":{"rendered":"Meta dhe Rama bashk\u00eb n\u00eb Varrezat e D\u00ebshmor\u00ebve n\u00eb Dit\u00ebn e \u00c7lirimit","gt_translate_keys":[{"key":"rendered","format":"text"}]},"content":{"rendered":"<p><img loading=\"lazy\" decoding=\"async\" class=\"aligncenter size-full wp-image-337487\" src=\"https:\/\/hashtag.al\/wp-content\/uploads\/2019\/11\/meta-rama-29-nentor.png\" alt=\"\" width=\"808\" height=\"489\" srcset=\"https:\/\/www.hashtag.al\/wp-content\/uploads\/2019\/11\/meta-rama-29-nentor.png 808w, https:\/\/www.hashtag.al\/wp-content\/uploads\/2019\/11\/meta-rama-29-nentor-300x182.png 300w, https:\/\/www.hashtag.al\/wp-content\/uploads\/2019\/11\/meta-rama-29-nentor-768x465.png 768w\" sizes=\"auto, (max-width: 808px) 100vw, 808px\" \/><\/p>\n<p>Kreu i Shtetit Ilir Meta dhe Kryeministri Edi Rama jan\u00eb b\u00ebr\u00eb s\u00ebrish bashk\u00eb n\u00eb ceremonin\u00eb p\u00ebr t\u00eb kujtuar dat\u00ebn 29 n\u00ebntor si dit\u00ebn e \u00c7lirimit t\u00eb vendit.<\/p>\n<p>T\u00eb dy figurat m\u00eb t\u00eb larta t\u00eb shtetit kryen homazhe n\u00eb n\u00eb nder t\u00eb dit\u00ebs s\u00eb \u00c7lirimit n\u00eb Varrezat e D\u00ebshmor\u00ebve n\u00eb kryeqytet.<\/p>\n<p>Edhe dit\u00ebn e djeshme Meta dhe Rama ishin s\u00eb bashku n\u00eb dit\u00ebn e ngritjes s\u00eb flamurit n\u00eb Vlor\u00eb.<\/p>\n<p>Pjes\u00eb e k\u00ebsaj ceremonie kan\u00eb qen\u00eb kryebashkiaku i Tiran\u00ebs, Erion Veliaj, kreu i Kuvendit Gramoz Ru\u00e7i dhe zv. kryeminstri Erion Bra\u00e7e.<\/p>\n<p>Nj\u00eb ceremoni e thjesht\u00eb, vet\u00ebm nderimi dhe pa deklarata ka qen\u00eb edhe e sotmja, pasi m\u00eb her\u00ebt jan\u00eb anuluar t\u00eb gjitha ceremonit\u00eb festive q\u00eb ishin planifikuar t\u00eb mbaheshin p\u00ebr shkak t\u00eb gjendjes s\u00eb emergjenc\u00ebs p\u00ebr termetin me pasoja t\u00eb r\u00ebnda t\u00eb dat\u00ebs 26 n\u00ebntor.<br \/>\n<iframe loading=\"lazy\" style=\"border: none; overflow: hidden;\" src=\"https:\/\/www.facebook.com\/plugins\/video.php?href=https%3A%2F%2Fwww.facebook.com%2Filirmetazyrtar%2Fvideos%2F2483555625247866%2F&amp;show_text=0&amp;width=560\" width=\"560\" height=\"315\" frameborder=\"0\" scrolling=\"no\" allowfullscreen=\"allowfullscreen\"><\/iframe><\/p>\n","protected":false,"gt_translate_keys":[{"key":"rendered","format":"html"}]},"excerpt":{"rendered":"<p>Kreu i Shtetit Ilir Meta dhe Kryeministri Edi Rama jan\u00eb b\u00ebr\u00eb s\u00ebrish bashk\u00eb n\u00eb ceremonin\u00eb p\u00ebr t\u00eb kujtuar dat\u00ebn 29 n\u00ebntor si dit\u00ebn e \u00c7lirimit t\u00eb vendit. T\u00eb dy figurat m\u00eb t\u00eb larta t\u00eb shtetit kryen homazhe n\u00eb n\u00eb nder t\u00eb dit\u00ebs s\u00eb \u00c7lirimit n\u00eb Varrezat e D\u00ebshmor\u00ebve n\u00eb kryeqytet. Edhe dit\u00ebn e djeshme Meta [&hellip;]<\/p>\n","protected":false,"gt_translate_keys":[{"key":"rendered","format":"html"}]},"author":32,"featured_media":337487,"comment_status":"open","ping_status":"open","sticky":false,"template":"","format":"standard","meta":{"footnotes":""},"categories":[65,13],"tags":[],"class_list":["post-337486","post","type-post","status-publish","format-standard","has-post-thumbnail","hentry","category-lajme","category-te-fundit"],"gt_translate_keys":[{"key":"link","format":"url"}],"_links":{"self":[{"href":"https:\/\/www.hashtag.al\/index.php\/wp-json\/wp\/v2\/posts\/337486","targetHints":{"allow":["GET"]}}],"collection":[{"href":"https:\/\/www.hashtag.al\/index.php\/wp-json\/wp\/v2\/posts"}],"about":[{"href":"https:\/\/www.hashtag.al\/index.php\/wp-json\/wp\/v2\/types\/post"}],"author":[{"embeddable":true,"href":"https:\/\/www.hashtag.al\/index.php\/wp-json\/wp\/v2\/users\/32"}],"replies":[{"embeddable":true,"href":"https:\/\/www.hashtag.al\/index.php\/wp-json\/wp\/v2\/comments?post=337486"}],"version-history":[{"count":0,"href":"https:\/\/www.hashtag.al\/index.php\/wp-json\/wp\/v2\/posts\/337486\/revisions"}],"wp:featuredmedia":[{"embeddable":true,"href":"https:\/\/www.hashtag.al\/index.php\/wp-json\/wp\/v2\/media\/337487"}],"wp:attachment":[{"href":"https:\/\/www.hashtag.al\/index.php\/wp-json\/wp\/v2\/media?parent=337486"}],"wp:term":[{"taxonomy":"category","embeddable":true,"href":"https:\/\/www.hashtag.al\/index.php\/wp-json\/wp\/v2\/categories?post=337486"},{"taxonomy":"post_tag","embeddable":true,"href":"https:\/\/www.hashtag.al\/index.php\/wp-json\/wp\/v2\/tags?post=337486"}],"curies":[{"name":"wp","href":"https:\/\/api.w.org\/{rel}","templated":true}]}}