{"id":337377,"date":"2019-11-28T16:42:07","date_gmt":"2019-11-28T15:42:07","guid":{"rendered":"https:\/\/hashtag.al\/?p=337377"},"modified":"2019-11-28T16:42:50","modified_gmt":"2019-11-28T15:42:50","slug":"pompeo-shba-ja-ne-krah-te-shqiperise-ne-kohe-te-veshtira","status":"publish","type":"post","link":"https:\/\/www.hashtag.al\/index.php\/2019\/11\/28\/pompeo-shba-ja-ne-krah-te-shqiperise-ne-kohe-te-veshtira\/","title":{"rendered":"Pompeo: SHBA-ja n\u00eb krah t\u00eb Shqip\u00ebris\u00eb n\u00eb koh\u00eb t\u00eb v\u00ebshtira","gt_translate_keys":[{"key":"rendered","format":"text"}]},"content":{"rendered":"<p><img loading=\"lazy\" decoding=\"async\" class=\"aligncenter size-full wp-image-337378\" src=\"https:\/\/hashtag.al\/wp-content\/uploads\/2019\/11\/pompeo28nentor.jpg\" alt=\"\" width=\"1920\" height=\"1080\" srcset=\"https:\/\/www.hashtag.al\/wp-content\/uploads\/2019\/11\/pompeo28nentor.jpg 1920w, https:\/\/www.hashtag.al\/wp-content\/uploads\/2019\/11\/pompeo28nentor-300x169.jpg 300w, https:\/\/www.hashtag.al\/wp-content\/uploads\/2019\/11\/pompeo28nentor-768x432.jpg 768w, https:\/\/www.hashtag.al\/wp-content\/uploads\/2019\/11\/pompeo28nentor-1024x576.jpg 1024w\" sizes=\"auto, (max-width: 1920px) 100vw, 1920px\" \/><\/p>\n<p><span style=\"color: #000000;\">Sekretari amerikan i Shtetit, Pompeo, \u00a0ka uruar Shqip\u00ebrin\u00eb n\u00eb Dit\u00ebn e Pavar\u00ebsis\u00eb. N\u00eb deklarat\u00ebn e tij, Pompeo, ngush\u00ebllon p\u00ebr jet\u00ebt e humbura nga t\u00ebrmeti i 26 n\u00ebntorit, duke theksuar se lutjet shkojn\u00eb p\u00ebr familjet e viktimave dhe t\u00eb plagosurit.<\/span><\/p>\n<p><span style=\"color: #000000;\"><em>\u2018Deklarat\u00eb e Sekretarit t\u00eb Shtetit Michael R. Pompeo n\u00eb Dit\u00ebn e Pavar\u00ebsis\u00eb s\u00eb Shqip\u00ebris\u00eb<\/em><\/span><\/p>\n<p><span style=\"color: #000000;\"><em>Nd\u00ebrsa Shqip\u00ebria p\u00ebrkujton solemnisht Dit\u00ebn e saj t\u00eb Pavar\u00ebsis\u00eb, ne p\u00ebrcjellim ngush\u00ebllimet tona m\u00eb t\u00eb thella p\u00ebr ata q\u00eb humb\u00ebn jet\u00ebn n\u00eb t\u00ebrmetin e k\u00ebsaj jave. Sot, lutjet tona shkojn\u00eb p\u00ebr familjet e tyre, si dhe p\u00ebr njer\u00ebzit e plagosur. N\u00eb em\u00ebr t\u00eb popullit amerikan, ne ju urojm\u00eb sh\u00ebrim t\u00eb shpejt\u00eb t\u00eb gjith\u00eb t\u00eb prekurve. Edhe tani, ashtu si n\u00eb koh\u00eb t\u00eb tjera t\u00eb v\u00ebshtira, Shtetet e Bashkuara q\u00ebndrojn\u00eb n\u00eb krah t\u00eb miqve tan\u00eb n\u00eb Shqip\u00ebri.\u2019<\/em> &#8211; deklaron Pompeo.<\/span><\/p>\n<p><span style=\"color: #000000;\">M\u00eb tej n\u00eb deklarat\u00ebn zyrtare theksohet se SHBA-ja mb\u00ebshtet Shqip\u00ebrin\u00eb n\u00eb rrug\u00ebn e saj drejt integrimit n\u00eb BE, nd\u00ebrsa Pompeo shton se Uashingtoni mb\u00ebshtet reformat e vendit dhe vler\u00ebson ndihm\u00ebn e Tiran\u00ebs zyrtare n\u00eb NATO.<\/span><\/p>\n<p><span style=\"color: #000000;\"><em>\u2018Prej r\u00ebnies s\u00eb komunizmit tridhjet\u00eb vjet m\u00eb par\u00eb, Shqip\u00ebria dhe Shtetet e Bashkuara kan\u00eb nd\u00ebrtuar nj\u00eb partneritet gjithnj\u00eb e m\u00eb t\u00eb fort\u00eb. Shtetet e Bashkuara mb\u00ebshtesin me forc\u00eb rrug\u00ebn e Shqip\u00ebris\u00eb drejt integrimit europian dhe p\u00ebrg\u00ebzojn\u00eb vendosm\u00ebrin\u00eb e Shqip\u00ebris\u00eb n\u00eb arritjen e k\u00ebtij q\u00ebllimi. Ne p\u00ebrsh\u00ebndesim p\u00ebrpjekjet e qeveris\u00eb s\u00eb Shqip\u00ebris\u00eb p\u00ebr t\u00eb zbatuar reformat e nevojshme, p\u00ebrfshir\u00eb reformat q\u00eb synojn\u00eb forcimin e nj\u00eb sistemi drejt\u00ebsie t\u00eb pavarur. Ne vler\u00ebsojm\u00eb thell\u00ebsisht kontributet pozitive t\u00eb Shqip\u00ebris\u00eb n\u00eb koalicionin e NATO-s dhe mir\u00ebpresim udh\u00ebheqjen e Shqip\u00ebris\u00eb si Presidente e OSBE-s\u00eb p\u00ebr vitin 2020. Miq\u00ebsia midis Shteteve t\u00eb Bashkuara dhe Shqip\u00ebris\u00eb q\u00ebndron si nj\u00eb shtyll\u00eb e q\u00ebndrueshme paqeje dhe stabiliteti, dhe ne mir\u00ebpresim akoma edhe m\u00eb shum\u00eb vite miq\u00ebsie dhe bashk\u00ebpunimi.\u2019<\/em> &#8211; mbyllet deklarata.<\/span><\/p>\n","protected":false,"gt_translate_keys":[{"key":"rendered","format":"html"}]},"excerpt":{"rendered":"<p>Sekretari amerikan i Shtetit, Pompeo, \u00a0ka uruar Shqip\u00ebrin\u00eb n\u00eb Dit\u00ebn e Pavar\u00ebsis\u00eb. N\u00eb deklarat\u00ebn e tij, Pompeo, ngush\u00ebllon p\u00ebr jet\u00ebt e humbura nga t\u00ebrmeti i 26 n\u00ebntorit, duke theksuar se lutjet shkojn\u00eb p\u00ebr familjet e viktimave dhe t\u00eb plagosurit. \u2018Deklarat\u00eb e Sekretarit t\u00eb Shtetit Michael R. Pompeo n\u00eb Dit\u00ebn e Pavar\u00ebsis\u00eb s\u00eb Shqip\u00ebris\u00eb Nd\u00ebrsa Shqip\u00ebria [&hellip;]<\/p>\n","protected":false,"gt_translate_keys":[{"key":"rendered","format":"html"}]},"author":51,"featured_media":337378,"comment_status":"open","ping_status":"open","sticky":false,"template":"","format":"standard","meta":{"footnotes":""},"categories":[65,13],"tags":[],"class_list":["post-337377","post","type-post","status-publish","format-standard","has-post-thumbnail","hentry","category-lajme","category-te-fundit"],"gt_translate_keys":[{"key":"link","format":"url"}],"_links":{"self":[{"href":"https:\/\/www.hashtag.al\/index.php\/wp-json\/wp\/v2\/posts\/337377","targetHints":{"allow":["GET"]}}],"collection":[{"href":"https:\/\/www.hashtag.al\/index.php\/wp-json\/wp\/v2\/posts"}],"about":[{"href":"https:\/\/www.hashtag.al\/index.php\/wp-json\/wp\/v2\/types\/post"}],"author":[{"embeddable":true,"href":"https:\/\/www.hashtag.al\/index.php\/wp-json\/wp\/v2\/users\/51"}],"replies":[{"embeddable":true,"href":"https:\/\/www.hashtag.al\/index.php\/wp-json\/wp\/v2\/comments?post=337377"}],"version-history":[{"count":0,"href":"https:\/\/www.hashtag.al\/index.php\/wp-json\/wp\/v2\/posts\/337377\/revisions"}],"wp:featuredmedia":[{"embeddable":true,"href":"https:\/\/www.hashtag.al\/index.php\/wp-json\/wp\/v2\/media\/337378"}],"wp:attachment":[{"href":"https:\/\/www.hashtag.al\/index.php\/wp-json\/wp\/v2\/media?parent=337377"}],"wp:term":[{"taxonomy":"category","embeddable":true,"href":"https:\/\/www.hashtag.al\/index.php\/wp-json\/wp\/v2\/categories?post=337377"},{"taxonomy":"post_tag","embeddable":true,"href":"https:\/\/www.hashtag.al\/index.php\/wp-json\/wp\/v2\/tags?post=337377"}],"curies":[{"name":"wp","href":"https:\/\/api.w.org\/{rel}","templated":true}]}}