{"id":337239,"date":"2019-11-28T07:31:27","date_gmt":"2019-11-28T06:31:27","guid":{"rendered":"https:\/\/hashtag.al\/?p=337239"},"modified":"2019-11-28T07:32:30","modified_gmt":"2019-11-28T06:32:30","slug":"bebe-rexha-le-turin-per-te-fluturuar-ne-shqiperi-do-kujdesem-personalisht-qe-cdo-dollare-te-perdoret-sic-duhet-video","status":"publish","type":"post","link":"https:\/\/www.hashtag.al\/index.php\/2019\/11\/28\/bebe-rexha-le-turin-per-te-fluturuar-ne-shqiperi-do-kujdesem-personalisht-qe-cdo-dollare-te-perdoret-sic-duhet-video\/","title":{"rendered":"Bebe Rexha l\u00eb turin p\u00ebr t\u00eb fluturuar n\u00eb Shqip\u00ebri: Do kujdesem personalisht q\u00eb \u00e7do dollar\u00eb t\u00eb p\u00ebrdoret si\u00e7 duhet (VIDEO)","gt_translate_keys":[{"key":"rendered","format":"text"}]},"content":{"rendered":"<p><a href=\"https:\/\/hashtag.al\/wp-content\/uploads\/2019\/11\/bebe-rexha-body-positivity.jpg\"><img loading=\"lazy\" decoding=\"async\" class=\"aligncenter size-full wp-image-337229\" src=\"https:\/\/hashtag.al\/wp-content\/uploads\/2019\/11\/bebe-rexha-body-positivity.jpg\" alt=\"\" width=\"960\" height=\"540\" srcset=\"https:\/\/www.hashtag.al\/wp-content\/uploads\/2019\/11\/bebe-rexha-body-positivity.jpg 960w, https:\/\/www.hashtag.al\/wp-content\/uploads\/2019\/11\/bebe-rexha-body-positivity-300x169.jpg 300w, https:\/\/www.hashtag.al\/wp-content\/uploads\/2019\/11\/bebe-rexha-body-positivity-768x432.jpg 768w\" sizes=\"auto, (max-width: 960px) 100vw, 960px\" \/><\/a><\/p>\n<p><span style=\"color: #000000;\">K\u00ebng\u00ebtarja me origjin\u00eb shqiptare Bebe Rexha, ka lajm\u00ebruar se do t\u00eb fluturoj\u00eb drejt Shqip\u00ebris\u00eb p\u00ebr t\u2019u ardhur n\u00eb ndihm\u00eb familjeve t\u00eb prekura nga t\u00ebrmeti.<\/span><\/p>\n<p><span style=\"color: #000000;\">P\u00ebrmes nj\u00eb videoje t\u00eb shkurt\u00ebr t\u00eb publikuar n\u00eb rrjetet sociale, Bebe lajm\u00ebron se ka hapur nj\u00eb faqe \u201cGoFundMe\u201d dhe tha se do t\u00eb sigurohet vet\u00eb q\u00eb \u00e7do dollar t\u00eb shkoj\u00eb t\u00eb t\u00eb prekurit dhe t\u00eb p\u00ebrdoret si\u00e7 duhet.<\/span><\/p>\n<p><em><span style=\"color: #000000;\">\u201cP\u00ebrsh\u00ebndetje t\u00eb gjith\u00eb, jam Bebe dhe jam k\u00ebtu n\u00eb turin e Jonas Brothers. Kam marr\u00eb lajmin e keq p\u00ebr nj\u00eb t\u00ebrmet n\u00eb Shqip\u00ebri.<\/span><\/em><\/p>\n<p><em><span style=\"color: #000000;\">Familja ime dhe un\u00eb jemi shqiptar\u00eb dhe vendova t\u00eb hap nj\u00eb llogari \u201cgofundme\u201d p\u00ebr t\u00eb ndihmuar familjet n\u00eb nevoj\u00eb. Un\u00eb personalisht do t\u00eb largohem nga turneu dhe t\u00eb fluturoj n\u00eb Shqip\u00ebri dhe personalisht t\u2019u lap njer\u00ebzve ushqim, uj\u00eb, dhe t\u2019i ndihmoj n\u00eb rind\u00ebrtimin e banesave.<\/span><\/em><\/p>\n<p><em><span style=\"color: #000000;\">Do sigurohem personalisht q\u00eb parat\u00eb t\u00eb p\u00ebrdoren si\u00e7 duhet.<\/span><\/em><\/p>\n<p><span style=\"color: #000000;\"><em>\u00c7do dollar mund t\u00eb ndihmoj\u00eb.\u201d-<\/em> thot\u00eb Bebe.<\/span><\/p>\n<p><span style=\"color: #000000;\">P\u00ebr nj\u00eb or\u00eb jan\u00eb mbledhur 17 mij\u00eb dollar\u00eb. Vet\u00eb Bebe Rexha ka dhuruar e para 10 mij\u00eb dollar\u00eb.<\/span><\/p>\n<p>https:\/\/www.instagram.com\/p\/B5Yi54pl2DG\/?utm_source=ig_web_copy_link<\/p>\n<p>&nbsp;<\/p>\n<p>&nbsp;<\/p>\n","protected":false,"gt_translate_keys":[{"key":"rendered","format":"html"}]},"excerpt":{"rendered":"<p>K\u00ebng\u00ebtarja me origjin\u00eb shqiptare Bebe Rexha, ka lajm\u00ebruar se do t\u00eb fluturoj\u00eb drejt Shqip\u00ebris\u00eb p\u00ebr t\u2019u ardhur n\u00eb ndihm\u00eb familjeve t\u00eb prekura nga t\u00ebrmeti. P\u00ebrmes nj\u00eb videoje t\u00eb shkurt\u00ebr t\u00eb publikuar n\u00eb rrjetet sociale, Bebe lajm\u00ebron se ka hapur nj\u00eb faqe \u201cGoFundMe\u201d dhe tha se do t\u00eb sigurohet vet\u00eb q\u00eb \u00e7do dollar t\u00eb shkoj\u00eb t\u00eb [&hellip;]<\/p>\n","protected":false,"gt_translate_keys":[{"key":"rendered","format":"html"}]},"author":30,"featured_media":337229,"comment_status":"open","ping_status":"open","sticky":false,"template":"","format":"standard","meta":{"footnotes":""},"categories":[65,13],"tags":[],"class_list":["post-337239","post","type-post","status-publish","format-standard","has-post-thumbnail","hentry","category-lajme","category-te-fundit"],"gt_translate_keys":[{"key":"link","format":"url"}],"_links":{"self":[{"href":"https:\/\/www.hashtag.al\/index.php\/wp-json\/wp\/v2\/posts\/337239","targetHints":{"allow":["GET"]}}],"collection":[{"href":"https:\/\/www.hashtag.al\/index.php\/wp-json\/wp\/v2\/posts"}],"about":[{"href":"https:\/\/www.hashtag.al\/index.php\/wp-json\/wp\/v2\/types\/post"}],"author":[{"embeddable":true,"href":"https:\/\/www.hashtag.al\/index.php\/wp-json\/wp\/v2\/users\/30"}],"replies":[{"embeddable":true,"href":"https:\/\/www.hashtag.al\/index.php\/wp-json\/wp\/v2\/comments?post=337239"}],"version-history":[{"count":0,"href":"https:\/\/www.hashtag.al\/index.php\/wp-json\/wp\/v2\/posts\/337239\/revisions"}],"wp:featuredmedia":[{"embeddable":true,"href":"https:\/\/www.hashtag.al\/index.php\/wp-json\/wp\/v2\/media\/337229"}],"wp:attachment":[{"href":"https:\/\/www.hashtag.al\/index.php\/wp-json\/wp\/v2\/media?parent=337239"}],"wp:term":[{"taxonomy":"category","embeddable":true,"href":"https:\/\/www.hashtag.al\/index.php\/wp-json\/wp\/v2\/categories?post=337239"},{"taxonomy":"post_tag","embeddable":true,"href":"https:\/\/www.hashtag.al\/index.php\/wp-json\/wp\/v2\/tags?post=337239"}],"curies":[{"name":"wp","href":"https:\/\/api.w.org\/{rel}","templated":true}]}}