{"id":337234,"date":"2019-11-28T07:12:53","date_gmt":"2019-11-28T06:12:53","guid":{"rendered":"https:\/\/hashtag.al\/?p=337234"},"modified":"2019-11-28T07:13:48","modified_gmt":"2019-11-28T06:13:48","slug":"i-plagosuri-marlin-shkodra-dergohet-me-helikopter-ne-itali","status":"publish","type":"post","link":"https:\/\/www.hashtag.al\/index.php\/2019\/11\/28\/i-plagosuri-marlin-shkodra-dergohet-me-helikopter-ne-itali\/","title":{"rendered":"I plagosuri Marlin Shkodra d\u00ebrgohet me helikopter n\u00eb Itali","gt_translate_keys":[{"key":"rendered","format":"text"}]},"content":{"rendered":"<p><a href=\"https:\/\/hashtag.al\/wp-content\/uploads\/2019\/11\/Marlin.jpg\"><img loading=\"lazy\" decoding=\"async\" class=\"aligncenter wp-image-337235\" src=\"https:\/\/hashtag.al\/wp-content\/uploads\/2019\/11\/Marlin.jpg\" alt=\"\" width=\"800\" height=\"632\" srcset=\"https:\/\/www.hashtag.al\/wp-content\/uploads\/2019\/11\/Marlin.jpg 352w, https:\/\/www.hashtag.al\/wp-content\/uploads\/2019\/11\/Marlin-300x237.jpg 300w\" sizes=\"auto, (max-width: 800px) 100vw, 800px\" \/><\/a><\/p>\n<p><span style=\"color: #000000;\">Nj\u00eb prej t\u00eb plagosurve r\u00ebnd\u00eb nga t\u00ebrmeti i s\u00eb mart\u00ebs, ka mb\u00ebrritur n\u00eb Itali me helikopter. B\u00ebhet fjal\u00eb p\u00ebr Marlin Shkodr\u00ebn.<\/span><\/p>\n<p><span style=\"color: #000000;\">Kryeministri Edi Rama e ka konfirmuar lajmin q\u00eb n\u00eb or\u00ebt e para t\u00eb m\u00ebngjesit. I riu do t\u00eb marr\u00eb trajtim special n\u00eb nj\u00eb klinik\u00eb t\u00eb specializuar n\u00eb Bari.\u00a0<\/span><\/p>\n<p><em><span style=\"color: #000000;\">&#8220;Marlin Shkodra, nj\u00eb prej t\u00eb l\u00ebnduarve nga t\u00ebrmeti n\u00eb Durr\u00ebs, prej pak oresh ka mb\u00ebrritur me helikopterin sanitar, n\u00eb nj\u00eb klinik\u00eb t\u00eb specializuar n\u00eb Bari, p\u00ebr nj\u00eb trajtim mjek\u00ebsor m\u00eb specifik, me mb\u00ebshtetjen e Italis\u00eb mike, e cila na u gjend pran\u00eb si shum\u00eb vende t\u00eb tjera n\u00eb k\u00ebto dit\u00eb t\u00eb v\u00ebshtira.<\/span><\/em><br \/>\n<span style=\"color: #000000;\"><em>Me shpres\u00ebn q\u00eb 30-vje\u00e7ari do t\u00eb kthehet sh\u00ebndosh e mir\u00eb pran\u00eb familjes, jemi m\u00eb shum\u00eb se kurr\u00eb pran\u00eb \u00e7do t\u00eb l\u00ebnduari dhe familjar\u00ebve t\u00eb tyre p\u00ebr ta kaluar s\u00eb bashku edhe k\u00ebt\u00eb moment t\u00eb v\u00ebshtir\u00eb.&#8221;-<\/em> tha Rama.<\/span><\/p>\n<p><span style=\"color: #000000;\">Marlin Shkodra ndodhej deri m\u00eb tani i shtruar tek Spitali i Traum\u00ebs derisa u vendos q\u00eb t\u00eb d\u00ebrgohej me helikopter drejt vendit fqinj.<\/span><\/p>\n","protected":false,"gt_translate_keys":[{"key":"rendered","format":"html"}]},"excerpt":{"rendered":"<p>Nj\u00eb prej t\u00eb plagosurve r\u00ebnd\u00eb nga t\u00ebrmeti i s\u00eb mart\u00ebs, ka mb\u00ebrritur n\u00eb Itali me helikopter. B\u00ebhet fjal\u00eb p\u00ebr Marlin Shkodr\u00ebn. Kryeministri Edi Rama e ka konfirmuar lajmin q\u00eb n\u00eb or\u00ebt e para t\u00eb m\u00ebngjesit. I riu do t\u00eb marr\u00eb trajtim special n\u00eb nj\u00eb klinik\u00eb t\u00eb specializuar n\u00eb Bari.\u00a0 &#8220;Marlin Shkodra, nj\u00eb prej t\u00eb l\u00ebnduarve [&hellip;]<\/p>\n","protected":false,"gt_translate_keys":[{"key":"rendered","format":"html"}]},"author":30,"featured_media":337236,"comment_status":"open","ping_status":"open","sticky":false,"template":"","format":"standard","meta":{"footnotes":""},"categories":[65,13],"tags":[],"class_list":["post-337234","post","type-post","status-publish","format-standard","has-post-thumbnail","hentry","category-lajme","category-te-fundit"],"gt_translate_keys":[{"key":"link","format":"url"}],"_links":{"self":[{"href":"https:\/\/www.hashtag.al\/index.php\/wp-json\/wp\/v2\/posts\/337234","targetHints":{"allow":["GET"]}}],"collection":[{"href":"https:\/\/www.hashtag.al\/index.php\/wp-json\/wp\/v2\/posts"}],"about":[{"href":"https:\/\/www.hashtag.al\/index.php\/wp-json\/wp\/v2\/types\/post"}],"author":[{"embeddable":true,"href":"https:\/\/www.hashtag.al\/index.php\/wp-json\/wp\/v2\/users\/30"}],"replies":[{"embeddable":true,"href":"https:\/\/www.hashtag.al\/index.php\/wp-json\/wp\/v2\/comments?post=337234"}],"version-history":[{"count":0,"href":"https:\/\/www.hashtag.al\/index.php\/wp-json\/wp\/v2\/posts\/337234\/revisions"}],"wp:featuredmedia":[{"embeddable":true,"href":"https:\/\/www.hashtag.al\/index.php\/wp-json\/wp\/v2\/media\/337236"}],"wp:attachment":[{"href":"https:\/\/www.hashtag.al\/index.php\/wp-json\/wp\/v2\/media?parent=337234"}],"wp:term":[{"taxonomy":"category","embeddable":true,"href":"https:\/\/www.hashtag.al\/index.php\/wp-json\/wp\/v2\/categories?post=337234"},{"taxonomy":"post_tag","embeddable":true,"href":"https:\/\/www.hashtag.al\/index.php\/wp-json\/wp\/v2\/tags?post=337234"}],"curies":[{"name":"wp","href":"https:\/\/api.w.org\/{rel}","templated":true}]}}