{"id":336648,"date":"2019-11-25T22:42:03","date_gmt":"2019-11-25T21:42:03","guid":{"rendered":"https:\/\/hashtag.al\/?p=336648"},"modified":"2019-11-25T22:42:03","modified_gmt":"2019-11-25T21:42:03","slug":"dergimi-i-vellait-te-xhafaj-ne-itali-malaj-u-shkel-ligji-u-be-per-mbrojtjen-e-tij","status":"publish","type":"post","link":"https:\/\/www.hashtag.al\/index.php\/2019\/11\/25\/dergimi-i-vellait-te-xhafaj-ne-itali-malaj-u-shkel-ligji-u-be-per-mbrojtjen-e-tij\/","title":{"rendered":"D\u00ebrgimi i v\u00ebllait t\u00eb Xhafaj n\u00eb Itali, Malaj: U shkel Ligji, u b\u00eb p\u00ebr mbrojtjen e tij","gt_translate_keys":[{"key":"rendered","format":"text"}]},"content":{"rendered":"<p><img loading=\"lazy\" decoding=\"async\" class=\"aligncenter size-full wp-image-336649\" src=\"https:\/\/hashtag.al\/wp-content\/uploads\/2019\/11\/alaudin-malaj.png\" alt=\"\" width=\"696\" height=\"327\" srcset=\"https:\/\/www.hashtag.al\/wp-content\/uploads\/2019\/11\/alaudin-malaj.png 696w, https:\/\/www.hashtag.al\/wp-content\/uploads\/2019\/11\/alaudin-malaj-300x141.png 300w\" sizes=\"auto, (max-width: 696px) 100vw, 696px\" \/><\/p>\n<p><span style=\"color: #000000;\">Ish-kryetari i Gjykat\u00ebs s\u00eb Apelit, Alaudin Malaj, aktualisht gjyqtar\u00eb n\u00eb Apel, flet me tone t\u00eb ashpra p\u00ebr veprimin q\u00eb Policia e Shtetit b\u00ebri me v\u00ebllain e ish-ministrit t\u00eb Brendsh\u00ebm Fatmir Xhafaj. Ai thot\u00eb se gjith\u00e7ka \u00ebsht\u00eb b\u00ebr\u00eb n\u00eb kund\u00ebrshtim me ligjin dhe vet\u00ebm p\u00ebr t\u00eb mbrojtur v\u00ebllain e Xhafajt. Sipas Malajt, Shteti veproi ndryshe me Agron Xhafaj, nuk e ndaloi n\u00eb fillim, por e d\u00ebrgoi brenda nat\u00ebs n\u00eb Itali.<\/span><\/p>\n<p><span style=\"color: #000000;\"><em>\u201cVendimi n\u00eb kund\u00ebrshtim me ligjin u \u00e7ua jasht\u00eb shtetit. Ai duhet t\u00eb vuante d\u00ebnimin, por ka nj\u00eb procedur\u00eb ligjore dhe pse u ndoq nj\u00eb rrug\u00eb tjet\u00ebr. \u00cbsht\u00eb arbitraritet i madh. Nuk mund t\u00eb firmos\u00eb vet\u00ebm Ministri i Drejt\u00ebsis\u00eb. Fillimisht \u00e7do njeri q\u00eb duhet t\u00eb d\u00ebrgohet jasht\u00eb shtetit ndalohet dhe brenda 40 dit\u00ebve zbatohen procedurat.<\/em><\/span><\/p>\n<p><span style=\"color: #000000;\"><em>Ne miratojm\u00eb ligje dhe vet k\u00ebta q\u00eb i miratojn\u00eb nuk i zbatojn\u00eb. Ai q\u00eb k shkelur ligjin duhet t\u00eb mbaj\u00eb p\u00ebrgjegj\u00ebsi p\u00ebr shkeljen e ligjit. Un\u00eb nuk dua ta di fare se v\u00ebllai i kujt \u00ebsht\u00eb ai q\u00eb vjen n\u00eb sall\u00ebn e gjyqit dhe un\u00eb zbatoj\u00eb ligjin. Pse duhet t\u00eb shkelet ligji. E vetmja gj\u00eb \u00ebsht\u00eb q\u00eb ai t\u00eb shp\u00ebtonte. Pyetja e t\u00eb pandehurit \u00ebsht\u00eb baza e nj\u00eb procesi penal. Un\u00eb problemin m\u00eb t\u00eb madh e kam tek zbatimi i ligjit. Sot policia e shtetit nuk b\u00ebn\u00eb detyr\u00ebn e vet, nuk \u00ebsht\u00eb e organizuar, sepese n\u00ebse ata do t\u00eb sjellin letrat n\u00eb gjykat\u00eb nuk ka asnj\u00eb prokuror e gjyqtar\u00eb q\u00eb do t\u00eb veproj\u00eb ndryshe\u201d.<\/em><\/span><\/p>\n<p><span style=\"color: #000000;\">Jeni i sigurt\u00eb p\u00ebr k\u00ebt\u00eb?<\/span><\/p>\n<p><span style=\"color: #000000;\"><em>\u201cNuk dua t\u00eb paragjykoj\u00eb, por un\u00eb nuk dua t\u00eb mbroj\u00eb asnj\u00eb gjykat\u00ebs. Po flasim p\u00ebr pjes\u00ebn e sh\u00ebndosh\u00eb t\u00eb gjyqtar\u00ebve, ata q\u00eb e zbatojn\u00eb ligjin. N\u00eb Gjykat\u00eb e Apelit t\u00eb Tiran\u00ebs shumica e gjyqtar\u00ebve kan\u00eb dal\u00eb n\u00eb pension\u201d,\u00a0<\/em>u p\u00ebrgjigj Malaj.<\/span><\/p>\n<p><strong><span style=\"color: #ff0000;\">VINI RE:<\/span><\/strong> <span style=\"color: #000000;\">Ky material \u00ebsht\u00eb pron\u00ebsi intelektuale e<span style=\"color: #0000ff;\"> BoldNews.al<\/span><\/span><\/p>\n","protected":false,"gt_translate_keys":[{"key":"rendered","format":"html"}]},"excerpt":{"rendered":"<p>Ish-kryetari i Gjykat\u00ebs s\u00eb Apelit, Alaudin Malaj, aktualisht gjyqtar\u00eb n\u00eb Apel, flet me tone t\u00eb ashpra p\u00ebr veprimin q\u00eb Policia e Shtetit b\u00ebri me v\u00ebllain e ish-ministrit t\u00eb Brendsh\u00ebm Fatmir Xhafaj. Ai thot\u00eb se gjith\u00e7ka \u00ebsht\u00eb b\u00ebr\u00eb n\u00eb kund\u00ebrshtim me ligjin dhe vet\u00ebm p\u00ebr t\u00eb mbrojtur v\u00ebllain e Xhafajt. Sipas Malajt, Shteti veproi ndryshe me [&hellip;]<\/p>\n","protected":false,"gt_translate_keys":[{"key":"rendered","format":"html"}]},"author":32,"featured_media":336649,"comment_status":"open","ping_status":"open","sticky":false,"template":"","format":"standard","meta":{"footnotes":""},"categories":[65,13],"tags":[],"class_list":["post-336648","post","type-post","status-publish","format-standard","has-post-thumbnail","hentry","category-lajme","category-te-fundit"],"gt_translate_keys":[{"key":"link","format":"url"}],"_links":{"self":[{"href":"https:\/\/www.hashtag.al\/index.php\/wp-json\/wp\/v2\/posts\/336648","targetHints":{"allow":["GET"]}}],"collection":[{"href":"https:\/\/www.hashtag.al\/index.php\/wp-json\/wp\/v2\/posts"}],"about":[{"href":"https:\/\/www.hashtag.al\/index.php\/wp-json\/wp\/v2\/types\/post"}],"author":[{"embeddable":true,"href":"https:\/\/www.hashtag.al\/index.php\/wp-json\/wp\/v2\/users\/32"}],"replies":[{"embeddable":true,"href":"https:\/\/www.hashtag.al\/index.php\/wp-json\/wp\/v2\/comments?post=336648"}],"version-history":[{"count":0,"href":"https:\/\/www.hashtag.al\/index.php\/wp-json\/wp\/v2\/posts\/336648\/revisions"}],"wp:featuredmedia":[{"embeddable":true,"href":"https:\/\/www.hashtag.al\/index.php\/wp-json\/wp\/v2\/media\/336649"}],"wp:attachment":[{"href":"https:\/\/www.hashtag.al\/index.php\/wp-json\/wp\/v2\/media?parent=336648"}],"wp:term":[{"taxonomy":"category","embeddable":true,"href":"https:\/\/www.hashtag.al\/index.php\/wp-json\/wp\/v2\/categories?post=336648"},{"taxonomy":"post_tag","embeddable":true,"href":"https:\/\/www.hashtag.al\/index.php\/wp-json\/wp\/v2\/tags?post=336648"}],"curies":[{"name":"wp","href":"https:\/\/api.w.org\/{rel}","templated":true}]}}