{"id":336262,"date":"2019-11-23T22:28:33","date_gmt":"2019-11-23T21:28:33","guid":{"rendered":"https:\/\/hashtag.al\/?p=336262"},"modified":"2019-11-23T22:28:33","modified_gmt":"2019-11-23T21:28:33","slug":"ralf-gjoni-dhe-rudina-hajdari-shfaqen-ne-takimin-e-nismes-thurje","status":"publish","type":"post","link":"https:\/\/www.hashtag.al\/index.php\/2019\/11\/23\/ralf-gjoni-dhe-rudina-hajdari-shfaqen-ne-takimin-e-nismes-thurje\/","title":{"rendered":"Ralf Gjoni dhe Rudina Hajdari shfaqen n\u00eb takimin e \u201cNism\u00ebs Thurje\u201d","gt_translate_keys":[{"key":"rendered","format":"text"}]},"content":{"rendered":"<p><img loading=\"lazy\" decoding=\"async\" class=\"aligncenter size-full wp-image-336263\" src=\"https:\/\/hashtag.al\/wp-content\/uploads\/2019\/11\/gjoni-hajdari.png\" alt=\"\" width=\"587\" height=\"400\" srcset=\"https:\/\/www.hashtag.al\/wp-content\/uploads\/2019\/11\/gjoni-hajdari.png 587w, https:\/\/www.hashtag.al\/wp-content\/uploads\/2019\/11\/gjoni-hajdari-300x204.png 300w\" sizes=\"auto, (max-width: 587px) 100vw, 587px\" \/><\/p>\n<p><span style=\"color: #000000;\">Deputeti i L\u00ebvizjes Socialiste p\u00ebr Integrim dhe deputetja e Partis\u00eb Demokratike Rudina Hajdari kan\u00eb marr\u00eb pjes\u00eb n\u00eb nj\u00eb takim t\u00eb zhvilluar nga \u201cNisma Thurrje\u201d nj\u00eb organizat\u00eb jo-qeveritare e cila ka nd\u00ebrmarr\u00eb nism\u00ebn p\u00ebr ndryshimin e sistemit zgjehdor n\u00ebp\u00ebrmjet mbledhjes s\u00eb firmave te qytetar\u00ebt.<\/span><\/p>\n<p><span style=\"color: #000000;\">Gjoni dhe Hajdari jan\u00eb shfaqur n\u00eb takimin e zhvilluar n\u00eb Gjirokast\u00ebr.<\/span><\/p>\n<p><span style=\"color: #000000;\">Nuk dihet se cilat jan\u00eb q\u00ebllimet pse Gjoni dhe Hajdari kan\u00eb shkuar n\u00eb takim.<\/span><\/p>\n<p><span style=\"color: #000000;\">Hajdari \u00ebsht\u00eb bashk\u00eb-kryetare n\u00eb komisionin p\u00ebr reform\u00ebn zgjedhore ku ndan karrigen me socialistin Damian Gjiknuri, nd\u00ebrsa nga ana tjet\u00ebr \u201cNisma Thurrje\u201d k\u00ebrkon t\u00ebr\u00ebsisht ndryshimin e sistemit zgjedhor.<\/span><\/p>\n<p><span style=\"color: #000000;\">Rudina Hajdari \u00ebsht\u00eb p\u00ebrjashtuar nga Partia Demokratike pasi nuk pranoi t\u00eb dor\u00ebzoj\u00eb mandatin, kurse Ralf Gjoni hyri n\u00eb parlament pasi deputet\u00ebt e LSI-s\u00eb e lan\u00eb karrigen e Kuvendit.<\/span><\/p>\n<p><img loading=\"lazy\" decoding=\"async\" class=\"aligncenter size-full wp-image-336264\" src=\"https:\/\/hashtag.al\/wp-content\/uploads\/2019\/11\/ralfi-nisma.png\" alt=\"\" width=\"938\" height=\"448\" srcset=\"https:\/\/www.hashtag.al\/wp-content\/uploads\/2019\/11\/ralfi-nisma.png 938w, https:\/\/www.hashtag.al\/wp-content\/uploads\/2019\/11\/ralfi-nisma-300x143.png 300w, https:\/\/www.hashtag.al\/wp-content\/uploads\/2019\/11\/ralfi-nisma-768x367.png 768w\" sizes=\"auto, (max-width: 938px) 100vw, 938px\" \/><\/p>\n","protected":false,"gt_translate_keys":[{"key":"rendered","format":"html"}]},"excerpt":{"rendered":"<p>Deputeti i L\u00ebvizjes Socialiste p\u00ebr Integrim dhe deputetja e Partis\u00eb Demokratike Rudina Hajdari kan\u00eb marr\u00eb pjes\u00eb n\u00eb nj\u00eb takim t\u00eb zhvilluar nga \u201cNisma Thurrje\u201d nj\u00eb organizat\u00eb jo-qeveritare e cila ka nd\u00ebrmarr\u00eb nism\u00ebn p\u00ebr ndryshimin e sistemit zgjehdor n\u00ebp\u00ebrmjet mbledhjes s\u00eb firmave te qytetar\u00ebt. Gjoni dhe Hajdari jan\u00eb shfaqur n\u00eb takimin e zhvilluar n\u00eb Gjirokast\u00ebr. Nuk [&hellip;]<\/p>\n","protected":false,"gt_translate_keys":[{"key":"rendered","format":"html"}]},"author":32,"featured_media":336263,"comment_status":"open","ping_status":"open","sticky":false,"template":"","format":"standard","meta":{"footnotes":""},"categories":[65,13],"tags":[],"class_list":["post-336262","post","type-post","status-publish","format-standard","has-post-thumbnail","hentry","category-lajme","category-te-fundit"],"gt_translate_keys":[{"key":"link","format":"url"}],"_links":{"self":[{"href":"https:\/\/www.hashtag.al\/index.php\/wp-json\/wp\/v2\/posts\/336262","targetHints":{"allow":["GET"]}}],"collection":[{"href":"https:\/\/www.hashtag.al\/index.php\/wp-json\/wp\/v2\/posts"}],"about":[{"href":"https:\/\/www.hashtag.al\/index.php\/wp-json\/wp\/v2\/types\/post"}],"author":[{"embeddable":true,"href":"https:\/\/www.hashtag.al\/index.php\/wp-json\/wp\/v2\/users\/32"}],"replies":[{"embeddable":true,"href":"https:\/\/www.hashtag.al\/index.php\/wp-json\/wp\/v2\/comments?post=336262"}],"version-history":[{"count":0,"href":"https:\/\/www.hashtag.al\/index.php\/wp-json\/wp\/v2\/posts\/336262\/revisions"}],"wp:featuredmedia":[{"embeddable":true,"href":"https:\/\/www.hashtag.al\/index.php\/wp-json\/wp\/v2\/media\/336263"}],"wp:attachment":[{"href":"https:\/\/www.hashtag.al\/index.php\/wp-json\/wp\/v2\/media?parent=336262"}],"wp:term":[{"taxonomy":"category","embeddable":true,"href":"https:\/\/www.hashtag.al\/index.php\/wp-json\/wp\/v2\/categories?post=336262"},{"taxonomy":"post_tag","embeddable":true,"href":"https:\/\/www.hashtag.al\/index.php\/wp-json\/wp\/v2\/tags?post=336262"}],"curies":[{"name":"wp","href":"https:\/\/api.w.org\/{rel}","templated":true}]}}