{"id":336256,"date":"2019-11-23T21:17:23","date_gmt":"2019-11-23T20:17:23","guid":{"rendered":"https:\/\/hashtag.al\/?p=336256"},"modified":"2019-11-23T21:17:23","modified_gmt":"2019-11-23T20:17:23","slug":"akr-e-pacollit-do-qendroje-ne-opozite-nese-hyn-ne-parlament","status":"publish","type":"post","link":"https:\/\/www.hashtag.al\/index.php\/2019\/11\/23\/akr-e-pacollit-do-qendroje-ne-opozite-nese-hyn-ne-parlament\/","title":{"rendered":"&#8220;AKR e Pacollit do q\u00ebndroj\u00eb n\u00eb opozit\u00eb n\u00ebse hyn n\u00eb parlament&#8221;","gt_translate_keys":[{"key":"rendered","format":"text"}]},"content":{"rendered":"<p><img loading=\"lazy\" decoding=\"async\" class=\"aligncenter size-full wp-image-336257\" src=\"https:\/\/hashtag.al\/wp-content\/uploads\/2019\/11\/akr-600x360.jpg\" alt=\"\" width=\"600\" height=\"360\" srcset=\"https:\/\/www.hashtag.al\/wp-content\/uploads\/2019\/11\/akr-600x360.jpg 600w, https:\/\/www.hashtag.al\/wp-content\/uploads\/2019\/11\/akr-600x360-300x180.jpg 300w\" sizes=\"auto, (max-width: 600px) 100vw, 600px\" \/><\/p>\n<p><span style=\"color: #000000;\">Kryetari i Kuvendit t\u00eb Aleanc\u00ebs Kosova e Re, Fatmir Matoshi, ka th\u00ebn\u00eb se partia e tij pritet t\u00eb jet\u00eb n\u00eb opozit\u00eb gjat\u00eb legjislatur\u00ebs s\u00eb shtat\u00eb \u2013 n\u00ebse konfirmohet se e ka kaluar pragun n\u00eb kuad\u00ebr t\u00eb koalicionit me Nism\u00ebn Socialdemokrate.<\/span><\/p>\n<p><span style=\"color: #000000;\">Ai ka deklaruar se subjekti politik q\u00eb p\u00ebrfaq\u00ebson nuk p\u00eblqen t\u00eb b\u00ebhet pjes\u00eb e koalicionit t\u00eb ardhsh\u00ebm qeveris\u00ebs t\u00eb vendit.<\/span><\/p>\n<p><span style=\"color: #000000;\">Matoshi ka th\u00ebn\u00eb p\u00ebr \u201cEpoka e re\u201d se q\u00ebndrimi n\u00eb opozit\u00eb gjat\u00eb mandatit t\u00eb ardhsh\u00ebm do t\u2019i mund\u00ebsoj\u00eb k\u00ebsaj partie q\u00eb t\u2019i b\u00ebj\u00eb reformat e nevojshme brendapartiake.<\/span><\/p>\n<p><span style=\"color: #000000;\">Ai \u00ebsht\u00eb shprehur i bindur se n\u00eb k\u00ebt\u00eb m\u00ebnyr\u00eb do t\u00eb rritet p\u00ebrkrahja e qytetar\u00ebve t\u00eb Kosov\u00ebs p\u00ebr AKR\u2019n\u00eb, ashtu si\u00e7 jan\u00eb duke u fuqizuar partit\u00eb liberale n\u00eb Evrop\u00eb.<\/span><\/p>\n<p>&nbsp;<\/p>\n","protected":false,"gt_translate_keys":[{"key":"rendered","format":"html"}]},"excerpt":{"rendered":"<p>Kryetari i Kuvendit t\u00eb Aleanc\u00ebs Kosova e Re, Fatmir Matoshi, ka th\u00ebn\u00eb se partia e tij pritet t\u00eb jet\u00eb n\u00eb opozit\u00eb gjat\u00eb legjislatur\u00ebs s\u00eb shtat\u00eb \u2013 n\u00ebse konfirmohet se e ka kaluar pragun n\u00eb kuad\u00ebr t\u00eb koalicionit me Nism\u00ebn Socialdemokrate. Ai ka deklaruar se subjekti politik q\u00eb p\u00ebrfaq\u00ebson nuk p\u00eblqen t\u00eb b\u00ebhet pjes\u00eb e koalicionit [&hellip;]<\/p>\n","protected":false,"gt_translate_keys":[{"key":"rendered","format":"html"}]},"author":32,"featured_media":336257,"comment_status":"open","ping_status":"open","sticky":false,"template":"","format":"standard","meta":{"footnotes":""},"categories":[149,13],"tags":[],"class_list":["post-336256","post","type-post","status-publish","format-standard","has-post-thumbnail","hentry","category-kosoverajon","category-te-fundit"],"gt_translate_keys":[{"key":"link","format":"url"}],"_links":{"self":[{"href":"https:\/\/www.hashtag.al\/index.php\/wp-json\/wp\/v2\/posts\/336256","targetHints":{"allow":["GET"]}}],"collection":[{"href":"https:\/\/www.hashtag.al\/index.php\/wp-json\/wp\/v2\/posts"}],"about":[{"href":"https:\/\/www.hashtag.al\/index.php\/wp-json\/wp\/v2\/types\/post"}],"author":[{"embeddable":true,"href":"https:\/\/www.hashtag.al\/index.php\/wp-json\/wp\/v2\/users\/32"}],"replies":[{"embeddable":true,"href":"https:\/\/www.hashtag.al\/index.php\/wp-json\/wp\/v2\/comments?post=336256"}],"version-history":[{"count":0,"href":"https:\/\/www.hashtag.al\/index.php\/wp-json\/wp\/v2\/posts\/336256\/revisions"}],"wp:featuredmedia":[{"embeddable":true,"href":"https:\/\/www.hashtag.al\/index.php\/wp-json\/wp\/v2\/media\/336257"}],"wp:attachment":[{"href":"https:\/\/www.hashtag.al\/index.php\/wp-json\/wp\/v2\/media?parent=336256"}],"wp:term":[{"taxonomy":"category","embeddable":true,"href":"https:\/\/www.hashtag.al\/index.php\/wp-json\/wp\/v2\/categories?post=336256"},{"taxonomy":"post_tag","embeddable":true,"href":"https:\/\/www.hashtag.al\/index.php\/wp-json\/wp\/v2\/tags?post=336256"}],"curies":[{"name":"wp","href":"https:\/\/api.w.org\/{rel}","templated":true}]}}