{"id":335946,"date":"2019-11-22T14:28:27","date_gmt":"2019-11-22T13:28:27","guid":{"rendered":"https:\/\/hashtag.al\/?p=335946"},"modified":"2019-11-22T14:29:58","modified_gmt":"2019-11-22T13:29:58","slug":"zbardhet-takimi-mes-metes-dhe-mucit-te-rivleresoje-qendrimin","status":"publish","type":"post","link":"https:\/\/www.hashtag.al\/index.php\/2019\/11\/22\/zbardhet-takimi-mes-metes-dhe-mucit-te-rivleresoje-qendrimin\/","title":{"rendered":"Zbardhet takimi mes Met\u00ebs dhe Mu\u00e7it: T\u00eb rivler\u00ebsoj\u00eb q\u00ebndrimin","gt_translate_keys":[{"key":"rendered","format":"text"}]},"content":{"rendered":"<p><a href=\"https:\/\/hashtag.al\/wp-content\/uploads\/2019\/11\/muci-mEta.jpeg\"><img loading=\"lazy\" decoding=\"async\" class=\"aligncenter size-full wp-image-335927\" src=\"https:\/\/hashtag.al\/wp-content\/uploads\/2019\/11\/muci-mEta.jpeg\" alt=\"\" width=\"675\" height=\"450\" srcset=\"https:\/\/www.hashtag.al\/wp-content\/uploads\/2019\/11\/muci-mEta.jpeg 675w, https:\/\/www.hashtag.al\/wp-content\/uploads\/2019\/11\/muci-mEta-300x200.jpeg 300w\" sizes=\"auto, (max-width: 675px) 100vw, 675px\" \/><\/a><\/p>\n<p><span style=\"color: #000000;\">Presidenca ka zbardhur takimin e zhvilluar sot mes presidentit t\u00eb vendit Ilir Meta dhe gjyqtarit Besnik Mu\u00e7i.<\/span><\/p>\n<p><span style=\"color: #000000;\">Meta e ka falenderuar Mu\u00e7in q\u00eb pranoi t\u00eb ushtronte detyr\u00ebn e Gjyqtarit t\u00eb Gjykat\u00ebsit Kushtetues, si kandidatura e par\u00eb e p\u00ebrzgjedhur nga Presidenti i Republik\u00ebs.<\/span><\/p>\n<p><span style=\"color: #000000;\">Por ai i k\u00ebrkoi Mu\u00e7it q\u00eb rishikonte q\u00ebndrimin e tij m\u00eb t\u00eb fundit p\u00ebr t\u00eb k\u00ebrkuar nga Gjykata Kushtetuese q\u00eb t\u00eb shprehej me vendim p\u00ebr t\u00eb deklaruar p\u00ebrfundimin e mandatit t\u00eb tij si gjyqtar kushtetues.<\/span><\/p>\n<p><span style=\"color: #000000;\">Por Mu\u00e7i i tha presidentit se procesi i rivler\u00ebsimit kalimtar i kryer n\u00eb Kolegjin e Posac\u00ebm t\u00eb Apelimit ka qen\u00eb tep\u00ebr diskriminues edhe p\u00ebr faktin e q\u00ebndrimeve t\u00eb tij si gjyqtar kushtetues.<\/span><\/p>\n<p><span style=\"color: #000000;\">Mu\u00e7i i shprehu Presidentit Meta se nuk \u00ebsht\u00eb politikan, por nj\u00eb jurist dhe duhet t\u00eb veproj\u00eb si i till\u00eb deri n\u00eb fund p\u00ebr t\u00eb k\u00ebrkuar t\u00eb drejtat e tij pran\u00eb \u00e7do gjykate nd\u00ebrkomb\u00ebtare, vendimi i s\u00eb cil\u00ebs ka juridiksion ndaj Republik\u00ebs s\u00eb Shqip\u00ebris\u00eb.<\/span><\/p>\n<p><span style=\"color: #000000;\">Megjithat\u00eb zoti Mu\u00e7i e garantoi Presidentin Meta se do t\u00eb mir\u00ebkuptoj\u00eb \u00e7do veprim t\u00eb m\u00ebtejsh\u00ebm t\u00eb Gjykat\u00ebs Kushtetuese dhe Presidentit t\u00eb Republik\u00ebs, p\u00ebr t\u00eb vijuar procesin midis tyre n\u00eb lidhje me plot\u00ebsimin e vakancave n\u00eb Gjykat\u00ebn Kushtetuese.<\/span><\/p>\n<p><span style=\"color: #000000;\">Meta nd\u00ebrkoh\u00eb \u00ebsht\u00eb n\u00eb pritje t\u00eb njoftimit nga Gjykata Kushtetuese p\u00ebr t\u00eb rishpallur menj\u00ebher\u00eb k\u00ebt\u00eb vakanc\u00eb p\u00ebr aplikim.<\/span><\/p>\n<p>&nbsp;<\/p>\n","protected":false,"gt_translate_keys":[{"key":"rendered","format":"html"}]},"excerpt":{"rendered":"<p>Presidenca ka zbardhur takimin e zhvilluar sot mes presidentit t\u00eb vendit Ilir Meta dhe gjyqtarit Besnik Mu\u00e7i. Meta e ka falenderuar Mu\u00e7in q\u00eb pranoi t\u00eb ushtronte detyr\u00ebn e Gjyqtarit t\u00eb Gjykat\u00ebsit Kushtetues, si kandidatura e par\u00eb e p\u00ebrzgjedhur nga Presidenti i Republik\u00ebs. Por ai i k\u00ebrkoi Mu\u00e7it q\u00eb rishikonte q\u00ebndrimin e tij m\u00eb t\u00eb fundit [&hellip;]<\/p>\n","protected":false,"gt_translate_keys":[{"key":"rendered","format":"html"}]},"author":30,"featured_media":335927,"comment_status":"open","ping_status":"open","sticky":false,"template":"","format":"standard","meta":{"footnotes":""},"categories":[65,13],"tags":[],"class_list":["post-335946","post","type-post","status-publish","format-standard","has-post-thumbnail","hentry","category-lajme","category-te-fundit"],"gt_translate_keys":[{"key":"link","format":"url"}],"_links":{"self":[{"href":"https:\/\/www.hashtag.al\/index.php\/wp-json\/wp\/v2\/posts\/335946","targetHints":{"allow":["GET"]}}],"collection":[{"href":"https:\/\/www.hashtag.al\/index.php\/wp-json\/wp\/v2\/posts"}],"about":[{"href":"https:\/\/www.hashtag.al\/index.php\/wp-json\/wp\/v2\/types\/post"}],"author":[{"embeddable":true,"href":"https:\/\/www.hashtag.al\/index.php\/wp-json\/wp\/v2\/users\/30"}],"replies":[{"embeddable":true,"href":"https:\/\/www.hashtag.al\/index.php\/wp-json\/wp\/v2\/comments?post=335946"}],"version-history":[{"count":0,"href":"https:\/\/www.hashtag.al\/index.php\/wp-json\/wp\/v2\/posts\/335946\/revisions"}],"wp:featuredmedia":[{"embeddable":true,"href":"https:\/\/www.hashtag.al\/index.php\/wp-json\/wp\/v2\/media\/335927"}],"wp:attachment":[{"href":"https:\/\/www.hashtag.al\/index.php\/wp-json\/wp\/v2\/media?parent=335946"}],"wp:term":[{"taxonomy":"category","embeddable":true,"href":"https:\/\/www.hashtag.al\/index.php\/wp-json\/wp\/v2\/categories?post=335946"},{"taxonomy":"post_tag","embeddable":true,"href":"https:\/\/www.hashtag.al\/index.php\/wp-json\/wp\/v2\/tags?post=335946"}],"curies":[{"name":"wp","href":"https:\/\/api.w.org\/{rel}","templated":true}]}}