{"id":335944,"date":"2019-11-22T14:23:31","date_gmt":"2019-11-22T13:23:31","guid":{"rendered":"https:\/\/hashtag.al\/?p=335944"},"modified":"2019-11-22T14:23:31","modified_gmt":"2019-11-22T13:23:31","slug":"meta-cakton-daten-kur-do-hidhet-shorti-per-ked-ne","status":"publish","type":"post","link":"https:\/\/www.hashtag.al\/index.php\/2019\/11\/22\/meta-cakton-daten-kur-do-hidhet-shorti-per-ked-ne\/","title":{"rendered":"Meta cakton dat\u00ebn: Kur do hidhet shorti p\u00ebr KED-n\u00eb","gt_translate_keys":[{"key":"rendered","format":"text"}]},"content":{"rendered":"<p><a href=\"https:\/\/hashtag.al\/wp-content\/uploads\/2019\/11\/meta21nentor.jpg\"><img loading=\"lazy\" decoding=\"async\" class=\"aligncenter size-full wp-image-335695\" src=\"https:\/\/hashtag.al\/wp-content\/uploads\/2019\/11\/meta21nentor.jpg\" alt=\"\" width=\"850\" height=\"450\" srcset=\"https:\/\/www.hashtag.al\/wp-content\/uploads\/2019\/11\/meta21nentor.jpg 850w, https:\/\/www.hashtag.al\/wp-content\/uploads\/2019\/11\/meta21nentor-300x160.jpg 300w, https:\/\/www.hashtag.al\/wp-content\/uploads\/2019\/11\/meta21nentor-768x407.jpg 768w\" sizes=\"auto, (max-width: 850px) 100vw, 850px\" \/><\/a><\/p>\n<p><span style=\"color: #000000;\">Presidenti Ilir Meta ka zbuluar dat\u00ebn se kur do t\u00eb mbahet shorti p\u00ebr zgjedhjen e K\u00ebshillit t\u00eb Em\u00ebrimeve n\u00eb Drejt\u00ebsi. Data e zgjedhur \u00ebsht\u00eb 5 dhjetori 2019.<\/span><\/p>\n<p><span style=\"color: #000000;\">Lajmi \u00ebsht\u00eb b\u00ebr\u00eb me dije p\u00ebrmes nj\u00eb njoftimi nga zyra e shtypit pran\u00eb Presidenc\u00ebs<\/span><\/p>\n<p><span style=\"color: #000000;\">\u00a0\u201cPresidenti Meta b\u00ebn publik edhe faktin se ka vendosur q\u00eb shorti p\u00ebr zgjedhjen e K\u00ebshillit t\u00eb Em\u00ebrimeve n\u00eb Drejt\u00ebsi, do t\u00eb realizohet nga Institucioni i Presidentit t\u00eb Republik\u00ebs n\u00eb dat\u00eb 5 dhjetor 2019 dhe pas fillimit t\u00eb funksionimit t\u00eb KED-s\u00eb s\u00eb re, do ta ndjek\u00eb me shum\u00eb rigorozitet gjith\u00eb veprimtarin\u00eb e saj, p\u00ebr t\u00eb mos lejuar m\u00eb asnj\u00eb devijim nga parimet dhe dispozitat kushtetuese dhe t\u00eb ligjit p\u00ebr t\u00eb mbrojtur integritetin e m\u00ebtejsh\u00ebm t\u00eb gjith\u00eb procesit p\u00ebr ngritjen dhe funksionimit e plot\u00eb t\u00eb Gjykat\u00ebs Kushtetuese.\u201d -thuhet n\u00eb njoftimin zyrtar.<\/span><\/p>\n","protected":false,"gt_translate_keys":[{"key":"rendered","format":"html"}]},"excerpt":{"rendered":"<p>Presidenti Ilir Meta ka zbuluar dat\u00ebn se kur do t\u00eb mbahet shorti p\u00ebr zgjedhjen e K\u00ebshillit t\u00eb Em\u00ebrimeve n\u00eb Drejt\u00ebsi. Data e zgjedhur \u00ebsht\u00eb 5 dhjetori 2019. Lajmi \u00ebsht\u00eb b\u00ebr\u00eb me dije p\u00ebrmes nj\u00eb njoftimi nga zyra e shtypit pran\u00eb Presidenc\u00ebs \u00a0\u201cPresidenti Meta b\u00ebn publik edhe faktin se ka vendosur q\u00eb shorti p\u00ebr zgjedhjen e [&hellip;]<\/p>\n","protected":false,"gt_translate_keys":[{"key":"rendered","format":"html"}]},"author":30,"featured_media":335695,"comment_status":"open","ping_status":"open","sticky":false,"template":"","format":"standard","meta":{"footnotes":""},"categories":[65,13],"tags":[],"class_list":["post-335944","post","type-post","status-publish","format-standard","has-post-thumbnail","hentry","category-lajme","category-te-fundit"],"gt_translate_keys":[{"key":"link","format":"url"}],"_links":{"self":[{"href":"https:\/\/www.hashtag.al\/index.php\/wp-json\/wp\/v2\/posts\/335944","targetHints":{"allow":["GET"]}}],"collection":[{"href":"https:\/\/www.hashtag.al\/index.php\/wp-json\/wp\/v2\/posts"}],"about":[{"href":"https:\/\/www.hashtag.al\/index.php\/wp-json\/wp\/v2\/types\/post"}],"author":[{"embeddable":true,"href":"https:\/\/www.hashtag.al\/index.php\/wp-json\/wp\/v2\/users\/30"}],"replies":[{"embeddable":true,"href":"https:\/\/www.hashtag.al\/index.php\/wp-json\/wp\/v2\/comments?post=335944"}],"version-history":[{"count":0,"href":"https:\/\/www.hashtag.al\/index.php\/wp-json\/wp\/v2\/posts\/335944\/revisions"}],"wp:featuredmedia":[{"embeddable":true,"href":"https:\/\/www.hashtag.al\/index.php\/wp-json\/wp\/v2\/media\/335695"}],"wp:attachment":[{"href":"https:\/\/www.hashtag.al\/index.php\/wp-json\/wp\/v2\/media?parent=335944"}],"wp:term":[{"taxonomy":"category","embeddable":true,"href":"https:\/\/www.hashtag.al\/index.php\/wp-json\/wp\/v2\/categories?post=335944"},{"taxonomy":"post_tag","embeddable":true,"href":"https:\/\/www.hashtag.al\/index.php\/wp-json\/wp\/v2\/tags?post=335944"}],"curies":[{"name":"wp","href":"https:\/\/api.w.org\/{rel}","templated":true}]}}